{"id":17381,"date":"2024-01-04T08:24:35","date_gmt":"2024-01-04T11:24:35","guid":{"rendered":"http:\/\/www.sinprofaz.org.br\/?p=17381"},"modified":"2024-01-09T09:14:35","modified_gmt":"2024-01-09T12:14:35","slug":"sinprofaz-se-reune-com-comissao-de-aprovados-no-concurso-da-carreira","status":"publish","type":"post","link":"https:\/\/sinprofaz.org.br\/2024\/noticias\/sinprofaz-se-reune-com-comissao-de-aprovados-no-concurso-da-carreira\/","title":{"rendered":"SINPROFAZ SE RE\u00daNE COM COMISS\u00c3O DE APROVADOS NO CONCURSO DA CARREIRA"},"content":{"rendered":"<p>O diretor do SINPROFAZ Guilherme Rossini Martins esteve\u00a0reunido com representantes da Comiss\u00e3o de Aprovados no concurso da Procuradoria da Fazenda Nacional.\u00a0O encontro tamb\u00e9m contou com a importante presen\u00e7a do filiado Richardes Marinho Cavalcanti, coordenador de Assuntos Or\u00e7ament\u00e1rios na Consultoria Jur\u00eddica junto ao Minist\u00e9rio do Planejamento e Or\u00e7amento. A reuni\u00e3o ocorreu no \u00faltimo dia 27 e de modo virtual, o que possibilitou a participa\u00e7\u00e3o de futuros Colegas residentes em diferentes estados do pa\u00eds.<\/p>\n<p>Na oportunidade, a Comiss\u00e3o apresentou questionamentos relativos \u00e0 nomea\u00e7\u00e3o e \u00e0 posse dos novos Membros\u00a0da Carreira. Em aten\u00e7\u00e3o \u00e0s d\u00favidas, Guilherme Rossini Martins confirmou que ao menos 150 PFNs dever\u00e3o ser empossados em meados de 2024, em um evento conjunto com os novos advogados da Uni\u00e3o e os novos procuradores federais. Para 2025, h\u00e1 a expectativa pela nomea\u00e7\u00e3o de outros 150 PFNs. Segundo o diretor, no entanto, o\u00a0SINPROFAZ vem envidando esfor\u00e7os para que haja o r\u00e1pido esgotamento da lista de aprovados, de modo que a PGFN n\u00e3o seja prejudicada com a eventual migra\u00e7\u00e3o de quadros qualificados para outros \u00f3rg\u00e3os do setor p\u00fablico.<\/p>\n<p>A lota\u00e7\u00e3o dos novos Colegas tamb\u00e9m foi pauta da reuni\u00e3o virtual. Conforme o diretor do SINPROFAZ, o ideal seria que a divulga\u00e7\u00e3o das lota\u00e7\u00f5es ocorresse antes da nomea\u00e7\u00e3o, de forma que os futuros PFNs pudessem ter subs\u00eddios para tomar as melhores decis\u00f5es. A princ\u00edpio, no entanto, n\u00e3o h\u00e1 informa\u00e7\u00f5es consolidadas pela PGFN a respeito do assunto. Para que esses e outros dados relacionados ao concurso sejam divulgados o mais rapidamente poss\u00edvel, a Diretoria do Sindicato seguir\u00e1 atuando junto \u00e0 Administra\u00e7\u00e3o. Ao longo desse processo, Comiss\u00e3o, SINPROFAZ e Procuradoria-Geral trabalhar\u00e3o em conjunto, visando ao c\u00e9lere incremento dos quadros da Institui\u00e7\u00e3o.<\/p>\n\n\t\t<style type=\"text\/css\">\n\t\t\t#gallery-1 {\n\t\t\t\tmargin: auto;\n\t\t\t}\n\t\t\t#gallery-1 .gallery-item {\n\t\t\t\tfloat: left;\n\t\t\t\tmargin-top: 10px;\n\t\t\t\ttext-align: center;\n\t\t\t\twidth: 33%;\n\t\t\t}\n\t\t\t#gallery-1 img {\n\t\t\t\tborder: 2px solid #cfcfcf;\n\t\t\t}\n\t\t\t#gallery-1 .gallery-caption {\n\t\t\t\tmargin-left: 0;\n\t\t\t}\n\t\t\t\/* see gallery_shortcode() in wp-includes\/media.php *\/\n\t\t<\/style>\n\t\t<div id='gallery-1' class='gallery galleryid-17381 gallery-columns-3 gallery-size-thumbnail'><dl class='gallery-item'>\n\t\t\t<dt class='gallery-icon landscape'>\n\t\t\t\t<a href='https:\/\/sinprofaz.org.br\/2024\/wp-content\/uploads\/2024\/01\/2.png'><img loading=\"lazy\" decoding=\"async\" width=\"150\" height=\"150\" src=\"https:\/\/sinprofaz.org.br\/2024\/wp-content\/uploads\/2024\/01\/2-150x150.png\" class=\"attachment-thumbnail size-thumbnail\" alt=\"\" \/><\/a>\n\t\t\t<\/dt><\/dl><dl class='gallery-item'>\n\t\t\t<dt class='gallery-icon landscape'>\n\t\t\t\t<a href='https:\/\/sinprofaz.org.br\/2024\/wp-content\/uploads\/2024\/01\/3.png'><img loading=\"lazy\" decoding=\"async\" width=\"150\" height=\"150\" src=\"https:\/\/sinprofaz.org.br\/2024\/wp-content\/uploads\/2024\/01\/3-150x150.png\" class=\"attachment-thumbnail size-thumbnail\" alt=\"\" \/><\/a>\n\t\t\t<\/dt><\/dl><dl class='gallery-item'>\n\t\t\t<dt class='gallery-icon landscape'>\n\t\t\t\t<a href='https:\/\/sinprofaz.org.br\/2024\/wp-content\/uploads\/2024\/01\/4.png'><img loading=\"lazy\" decoding=\"async\" width=\"150\" height=\"150\" src=\"https:\/\/sinprofaz.org.br\/2024\/wp-content\/uploads\/2024\/01\/4-150x150.png\" class=\"attachment-thumbnail size-thumbnail\" alt=\"\" \/><\/a>\n\t\t\t<\/dt><\/dl><br style=\"clear: both\" \/><dl class='gallery-item'>\n\t\t\t<dt class='gallery-icon landscape'>\n\t\t\t\t<a href='https:\/\/sinprofaz.org.br\/2024\/wp-content\/uploads\/2024\/01\/5.png'><img loading=\"lazy\" decoding=\"async\" width=\"150\" height=\"150\" src=\"https:\/\/sinprofaz.org.br\/2024\/wp-content\/uploads\/2024\/01\/5-150x150.png\" class=\"attachment-thumbnail size-thumbnail\" alt=\"\" \/><\/a>\n\t\t\t<\/dt><\/dl><dl class='gallery-item'>\n\t\t\t<dt class='gallery-icon landscape'>\n\t\t\t\t<a href='https:\/\/sinprofaz.org.br\/2024\/wp-content\/uploads\/2024\/01\/6.png'><img loading=\"lazy\" decoding=\"async\" width=\"150\" height=\"150\" src=\"https:\/\/sinprofaz.org.br\/2024\/wp-content\/uploads\/2024\/01\/6-150x150.png\" class=\"attachment-thumbnail size-thumbnail\" alt=\"\" \/><\/a>\n\t\t\t<\/dt><\/dl>\n\t\t\t<br style='clear: both' \/>\n\t\t<\/div>\n\n","protected":false},"excerpt":{"rendered":"<p>O diretor do SINPROFAZ Guilherme Rossini Martins esteve reunido com representantes da Comiss\u00e3o de Aprovados no concurso da PGFN. O encontro tamb\u00e9m contou com a importante presen\u00e7a do filiado Richardes Marinho Cavalcanti.<\/p>\n","protected":false},"author":2,"featured_media":17382,"comment_status":"open","ping_status":"open","sticky":false,"template":"","format":"standard","meta":{"footnotes":""},"categories":[8],"tags":[32,63,25],"featured_image_url":"https:\/\/sinprofaz.org.br\/2024\/wp-content\/uploads\/2024\/01\/1.png","character_count":1141,"formatted_date":"04\/01\/2024 - 08:24","contentNovo":"O diretor do SINPROFAZ Guilherme Rossini Martins esteve\u00a0reunido com representantes da Comiss\u00e3o de Aprovados no concurso da Procuradoria da Fazenda Nacional.\u00a0O encontro tamb\u00e9m contou com a importante presen\u00e7a do filiado Richardes Marinho Cavalcanti, coordenador de Assuntos Or\u00e7ament\u00e1rios na Consultoria Jur\u00eddica junto ao Minist\u00e9rio do Planejamento e Or\u00e7amento. A reuni\u00e3o ocorreu no \u00faltimo dia 27 e de modo virtual, o que possibilitou a participa\u00e7\u00e3o de futuros Colegas residentes em diferentes estados do pa\u00eds.\r\n\r\nNa oportunidade, a Comiss\u00e3o apresentou questionamentos relativos \u00e0 nomea\u00e7\u00e3o e \u00e0 posse dos novos Membros\u00a0da Carreira. Em aten\u00e7\u00e3o \u00e0s d\u00favidas, Guilherme Rossini Martins confirmou que ao menos 150 PFNs dever\u00e3o ser empossados em meados de 2024, em um evento conjunto com os novos advogados da Uni\u00e3o e os novos procuradores federais. Para 2025, h\u00e1 a expectativa pela nomea\u00e7\u00e3o de outros 150 PFNs. Segundo o diretor, no entanto, o\u00a0SINPROFAZ vem envidando esfor\u00e7os para que haja o r\u00e1pido esgotamento da lista de aprovados, de modo que a PGFN n\u00e3o seja prejudicada com a eventual migra\u00e7\u00e3o de quadros qualificados para outros \u00f3rg\u00e3os do setor p\u00fablico.\r\n\r\nA lota\u00e7\u00e3o dos novos Colegas tamb\u00e9m foi pauta da reuni\u00e3o virtual. Conforme o diretor do SINPROFAZ, o ideal seria que a divulga\u00e7\u00e3o das lota\u00e7\u00f5es ocorresse antes da nomea\u00e7\u00e3o, de forma que os futuros PFNs pudessem ter subs\u00eddios para tomar as melhores decis\u00f5es. A princ\u00edpio, no entanto, n\u00e3o h\u00e1 informa\u00e7\u00f5es consolidadas pela PGFN a respeito do assunto. Para que esses e outros dados relacionados ao concurso sejam divulgados o mais rapidamente poss\u00edvel, a Diretoria do Sindicato seguir\u00e1 atuando junto \u00e0 Administra\u00e7\u00e3o. Ao longo desse processo, Comiss\u00e3o, SINPROFAZ e Procuradoria-Geral trabalhar\u00e3o em conjunto, visando ao c\u00e9lere incremento dos quadros da Institui\u00e7\u00e3o.\r\n\r\n[gallery link=\"file\" ids=\"17383,17384,17385,17386,17387\"]","_links":{"self":[{"href":"https:\/\/sinprofaz.org.br\/2024\/wp-json\/wp\/v2\/posts\/17381"}],"collection":[{"href":"https:\/\/sinprofaz.org.br\/2024\/wp-json\/wp\/v2\/posts"}],"about":[{"href":"https:\/\/sinprofaz.org.br\/2024\/wp-json\/wp\/v2\/types\/post"}],"author":[{"embeddable":true,"href":"https:\/\/sinprofaz.org.br\/2024\/wp-json\/wp\/v2\/users\/2"}],"replies":[{"embeddable":true,"href":"https:\/\/sinprofaz.org.br\/2024\/wp-json\/wp\/v2\/comments?post=17381"}],"version-history":[{"count":4,"href":"https:\/\/sinprofaz.org.br\/2024\/wp-json\/wp\/v2\/posts\/17381\/revisions"}],"predecessor-version":[{"id":17398,"href":"https:\/\/sinprofaz.org.br\/2024\/wp-json\/wp\/v2\/posts\/17381\/revisions\/17398"}],"wp:featuredmedia":[{"embeddable":true,"href":"https:\/\/sinprofaz.org.br\/2024\/wp-json\/wp\/v2\/media\/17382"}],"wp:attachment":[{"href":"https:\/\/sinprofaz.org.br\/2024\/wp-json\/wp\/v2\/media?parent=17381"}],"wp:term":[{"taxonomy":"category","embeddable":true,"href":"https:\/\/sinprofaz.org.br\/2024\/wp-json\/wp\/v2\/categories?post=17381"},{"taxonomy":"post_tag","embeddable":true,"href":"https:\/\/sinprofaz.org.br\/2024\/wp-json\/wp\/v2\/tags?post=17381"}],"curies":[{"name":"wp","href":"https:\/\/api.w.org\/{rel}","templated":true}]}}