{"id":17365,"date":"2023-12-21T08:28:37","date_gmt":"2023-12-21T11:28:37","guid":{"rendered":"http:\/\/www.sinprofaz.org.br\/?p=17365"},"modified":"2023-12-27T09:42:16","modified_gmt":"2023-12-27T12:42:16","slug":"em-artigo-para-o-jota-pfn-daniel-giotti-aborda-o-imposto-do-pecado","status":"publish","type":"post","link":"https:\/\/sinprofaz.org.br\/2024\/noticias\/em-artigo-para-o-jota-pfn-daniel-giotti-aborda-o-imposto-do-pecado\/","title":{"rendered":"EM ARTIGO PARA O JOTA, PFN DANIEL GIOTTI ABORDA O &#8220;IMPOSTO DO PECADO&#8221;"},"content":{"rendered":"<p>O SINPROFAZ recebeu com entusiasmo a not\u00edcia da promulga\u00e7\u00e3o da reforma tribut\u00e1ria. H\u00e1 mais de trinta anos a pauta era discutida pelo Congresso Nacional, junto do qual o Sindicato sempre atuou visando \u00e0 aprova\u00e7\u00e3o de uma proposta que garantisse simplifica\u00e7\u00e3o e, acima de tudo, justi\u00e7a fiscal.\u00a0Avan\u00e7os foram alcan\u00e7ados, mas ainda h\u00e1 muito que se conquistar.<\/p>\n<p>Igualmente atento \u00e0 tramita\u00e7\u00e3o da reforma, o filiado Daniel Giotti de Paula produziu artigo em que se deteve sobre um aspecto do processo legislativo: a exclus\u00e3o da possibilidade de incid\u00eancia do imposto seletivo (IS) sobre as armas de fogo. No texto, o procurador da Fazenda Nacional lembra que j\u00e1 havia sido exclu\u00edda da proposta de reforma a possibilidade de incid\u00eancia desse &#8220;imposto do pecado&#8221; sobre os agrot\u00f3xicos.<\/p>\n<p>&#8220;\u00c9 dif\u00edcil empreender reformas de Estado num pa\u00eds t\u00e3o polarizado socialmente e t\u00e3o fragmentado politicamente, sobretudo com a mir\u00edade de partidos, bancadas e frentes parlamentares pululando no Congresso Nacional. Por isso, tivemos que nos contentar com quatro faixas de al\u00edquotas para IBS e CBS &#8211; al\u00edquota zero, al\u00edquota reduzida a 40%, al\u00edquota reduzida a 70% e al\u00edquota padr\u00e3o &#8211; e com as limita\u00e7\u00f5es na cobran\u00e7a do imposto seletivo&#8221;, explica Giotti em trecho do texto.<\/p>\n<p>O artigo, intitulado &#8220;Derrubada do imposto seletivo para armas: que tiro foi esse?&#8221;, foi publicado na quarta-feira (20) pelo Jota. Acesse\u00a0<a href=\"http:\/\/www.jota.info\/autor\/daniel-giotti-de-paula\" target=\"_blank\" rel=\"noopener\">www.jota.info\/autor\/daniel-giotti-de-paula<\/a>\u00a0e confira esse e outros textos produzidos pelo Colega!<\/p>\n<p><!-- notionvc: 9a40e81b-a695-4dd3-a8a7-af5e69d143f5 --><\/p>\n","protected":false},"excerpt":{"rendered":"<p>O SINPROFAZ recebeu com entusiasmo a not\u00edcia da promulga\u00e7\u00e3o da reforma tribut\u00e1ria. Igualmente atento \u00e0 pauta esteve Daniel Giotti, que produziu artigo sobre a exclus\u00e3o da possibilidade de incid\u00eancia do imposto seletivo (IS) sobre as armas de fogo. Leia!<\/p>\n","protected":false},"author":2,"featured_media":17366,"comment_status":"open","ping_status":"open","sticky":false,"template":"","format":"standard","meta":{"footnotes":""},"categories":[8],"tags":[32,45,146,128],"featured_image_url":"https:\/\/sinprofaz.org.br\/2024\/wp-content\/uploads\/2023\/12\/1-18.png","character_count":786,"formatted_date":"21\/12\/2023 - 08:28","contentNovo":"O SINPROFAZ recebeu com entusiasmo a not\u00edcia da promulga\u00e7\u00e3o da reforma tribut\u00e1ria. H\u00e1 mais de trinta anos a pauta era discutida pelo Congresso Nacional, junto do qual o Sindicato sempre atuou visando \u00e0 aprova\u00e7\u00e3o de uma proposta que garantisse simplifica\u00e7\u00e3o e, acima de tudo, justi\u00e7a fiscal.\u00a0Avan\u00e7os foram alcan\u00e7ados, mas ainda h\u00e1 muito que se conquistar.\r\n\r\nIgualmente atento \u00e0 tramita\u00e7\u00e3o da reforma, o filiado Daniel Giotti de Paula produziu artigo em que se deteve sobre um aspecto do processo legislativo: a exclus\u00e3o da possibilidade de incid\u00eancia do imposto seletivo (IS) sobre as armas de fogo. No texto, o procurador da Fazenda Nacional lembra que j\u00e1 havia sido exclu\u00edda da proposta de reforma a possibilidade de incid\u00eancia desse \"imposto do pecado\" sobre os agrot\u00f3xicos.\r\n\r\n\"\u00c9 dif\u00edcil empreender reformas de Estado num pa\u00eds t\u00e3o polarizado socialmente e t\u00e3o fragmentado politicamente, sobretudo com a mir\u00edade de partidos, bancadas e frentes parlamentares pululando no Congresso Nacional. Por isso, tivemos que nos contentar com quatro faixas de al\u00edquotas para IBS e CBS - al\u00edquota zero, al\u00edquota reduzida a 40%, al\u00edquota reduzida a 70% e al\u00edquota padr\u00e3o - e com as limita\u00e7\u00f5es na cobran\u00e7a do imposto seletivo\", explica Giotti em trecho do texto.\r\n\r\nO artigo, intitulado \"Derrubada do imposto seletivo para armas: que tiro foi esse?\", foi publicado na quarta-feira (20) pelo Jota. Acesse\u00a0<a href=\"http:\/\/www.jota.info\/autor\/daniel-giotti-de-paula\" target=\"_blank\" rel=\"noopener\">www.jota.info\/autor\/daniel-giotti-de-paula<\/a>\u00a0e confira esse e outros textos produzidos pelo Colega!\r\n\r\n","_links":{"self":[{"href":"https:\/\/sinprofaz.org.br\/2024\/wp-json\/wp\/v2\/posts\/17365"}],"collection":[{"href":"https:\/\/sinprofaz.org.br\/2024\/wp-json\/wp\/v2\/posts"}],"about":[{"href":"https:\/\/sinprofaz.org.br\/2024\/wp-json\/wp\/v2\/types\/post"}],"author":[{"embeddable":true,"href":"https:\/\/sinprofaz.org.br\/2024\/wp-json\/wp\/v2\/users\/2"}],"replies":[{"embeddable":true,"href":"https:\/\/sinprofaz.org.br\/2024\/wp-json\/wp\/v2\/comments?post=17365"}],"version-history":[{"count":2,"href":"https:\/\/sinprofaz.org.br\/2024\/wp-json\/wp\/v2\/posts\/17365\/revisions"}],"predecessor-version":[{"id":17376,"href":"https:\/\/sinprofaz.org.br\/2024\/wp-json\/wp\/v2\/posts\/17365\/revisions\/17376"}],"wp:featuredmedia":[{"embeddable":true,"href":"https:\/\/sinprofaz.org.br\/2024\/wp-json\/wp\/v2\/media\/17366"}],"wp:attachment":[{"href":"https:\/\/sinprofaz.org.br\/2024\/wp-json\/wp\/v2\/media?parent=17365"}],"wp:term":[{"taxonomy":"category","embeddable":true,"href":"https:\/\/sinprofaz.org.br\/2024\/wp-json\/wp\/v2\/categories?post=17365"},{"taxonomy":"post_tag","embeddable":true,"href":"https:\/\/sinprofaz.org.br\/2024\/wp-json\/wp\/v2\/tags?post=17365"}],"curies":[{"name":"wp","href":"https:\/\/api.w.org\/{rel}","templated":true}]}}