{"id":17356,"date":"2023-12-19T08:30:59","date_gmt":"2023-12-19T11:30:59","guid":{"rendered":"http:\/\/www.sinprofaz.org.br\/?p=17356"},"modified":"2023-12-19T08:30:59","modified_gmt":"2023-12-19T11:30:59","slug":"em-encontro-do-sinprofaz-ministro-da-agu-enaltece-o-trabalho-da-carreira","status":"publish","type":"post","link":"https:\/\/sinprofaz.org.br\/2024\/noticias\/em-encontro-do-sinprofaz-ministro-da-agu-enaltece-o-trabalho-da-carreira\/","title":{"rendered":"EM ENCONTRO DO SINPROFAZ, MINISTRO DA AGU ENALTECE O TRABALHO DA CARREIRA"},"content":{"rendered":"<p>O 21\u00ba Encontro do SINPROFAZ foi realizado de 30 de novembro a 3 de dezembro no estado do Rio de Janeiro. A Carreira compareceu em peso ao evento, que foi prestigiado por autoridades como o ministro da Advocacia-Geral da Uni\u00e3o, Jorge Messias. Convidado para compor a mesa de abertura do Encontro, o filiado iniciou a fala saudando a presidente do Sindicato. &#8220;Iolanda Guindani \u00e9 uma mulher de fibra. Assumiu o SINPROFAZ em uma semana intensa, que foi a da vota\u00e7\u00e3o da lei do Carf. Com a sua lideran\u00e7a e o apoio das demais entidades no Congresso Nacional, conseguimos preservar as compet\u00eancias da Carreira. Como sindicalizado, estou muito satisfeito com a sua gest\u00e3o&#8221;, afirmou o AGU.<\/p>\n<p>Na oportunidade do discurso, Jorge Messias ressaltou conquistas alcan\u00e7adas pela Advocacia-Geral da Uni\u00e3o ao longo de 2023 &#8211; a exemplo de vit\u00f3rias junto ao STF e ao STJ &#8211; e parabenizou os PFNs pelo \u00eaxito do trabalho realizado durante o ano. &#8220;Sempre que me questionam sobre a complexidade da AGU, destaco a import\u00e2ncia de termos carreiras altamente especializadas. Gra\u00e7as \u00e0 excel\u00eancia da Procuradoria-Geral da Fazenda Nacional, por exemplo, temos hoje o maior escrit\u00f3rio de advocacia tribut\u00e1ria do pa\u00eds.\u00a0N\u00e3o h\u00e1 outra institui\u00e7\u00e3o que tenha conseguido entregar, \u00e0 sociedade brasileira, resultados t\u00e3o expressivos em t\u00e3o pouco tempo&#8221;, enfatizou Messias,\u00a0que agradeceu o empenho da Carreira.<\/p>\n<p><strong>Futuro<br \/>\n<\/strong>Tendo em vista a proximidade da conclus\u00e3o do primeiro ano como ministro da AGU, Jorge Messias destacou quest\u00f5es que nortear\u00e3o o trabalho da Advocacia-Geral da Uni\u00e3o em 2024. De acordo com o filiado, o concurso p\u00fablico para cargos administrativos possibilitar\u00e1 o ingresso de centenas de novos servidores na AGU, os quais ser\u00e3o compartilhados com a Procuradoria-Geral da Fazenda Nacional. Iniciativas para integrar os PFNs \u00e0 estrutura da Advocacia-Geral da Uni\u00e3o\u00a0&#8211; \u00e0 Escola Superior da\u00a0AGU, aos eventos e \u00e0s\u00a0capacita\u00e7\u00f5es &#8211; tamb\u00e9m est\u00e3o previstas. Por fim, o ministro lembrou a voca\u00e7\u00e3o dos advogados p\u00fablicos federais e da pr\u00f3pria AGU para a defesa diuturna dos princ\u00edpios democr\u00e1ticos no Brasil.<\/p>\n<p>&#8220;Quando tomei posse como AGU e discursei em defesa da democracia, n\u00e3o imaginava que enfrentar\u00edamos aquele 8 de janeiro &#8211; um teste de fogo do qual sa\u00edmos vencedores. Temos orgulho, enquanto institui\u00e7\u00e3o, de termos tomado medidas en\u00e9rgicas naquele mesmo dia 8: a Advocacia-Geral da Uni\u00e3o foi a que primeiro fez pedidos ao STF para interditar as a\u00e7\u00f5es golpistas. A defesa do regime democr\u00e1tico est\u00e1 hoje intrinsecamente associada ao combate \u00e0 desinforma\u00e7\u00e3o, que corr\u00f3i a confian\u00e7a da popula\u00e7\u00e3o nas institui\u00e7\u00f5es e coloca em risco os pilares democr\u00e1ticos. \u00c0s senhoras e aos senhores, afirmo: a defesa da democracia seguir\u00e1 forte como eixo estruturante de nossa atua\u00e7\u00e3o \u00e0 frente da Advocacia-Geral da Uni\u00e3o.&#8221;<\/p>\n\n\t\t<style type=\"text\/css\">\n\t\t\t#gallery-1 {\n\t\t\t\tmargin: auto;\n\t\t\t}\n\t\t\t#gallery-1 .gallery-item {\n\t\t\t\tfloat: left;\n\t\t\t\tmargin-top: 10px;\n\t\t\t\ttext-align: center;\n\t\t\t\twidth: 33%;\n\t\t\t}\n\t\t\t#gallery-1 img {\n\t\t\t\tborder: 2px solid #cfcfcf;\n\t\t\t}\n\t\t\t#gallery-1 .gallery-caption {\n\t\t\t\tmargin-left: 0;\n\t\t\t}\n\t\t\t\/* see gallery_shortcode() in wp-includes\/media.php *\/\n\t\t<\/style>\n\t\t<div id='gallery-1' class='gallery galleryid-17356 gallery-columns-3 gallery-size-thumbnail'><dl class='gallery-item'>\n\t\t\t<dt class='gallery-icon landscape'>\n\t\t\t\t<a href='https:\/\/sinprofaz.org.br\/2024\/wp-content\/uploads\/2023\/12\/2-8.png'><img loading=\"lazy\" decoding=\"async\" width=\"150\" height=\"150\" src=\"https:\/\/sinprofaz.org.br\/2024\/wp-content\/uploads\/2023\/12\/2-8-150x150.png\" class=\"attachment-thumbnail size-thumbnail\" alt=\"\" \/><\/a>\n\t\t\t<\/dt><\/dl><dl class='gallery-item'>\n\t\t\t<dt class='gallery-icon landscape'>\n\t\t\t\t<a href='https:\/\/sinprofaz.org.br\/2024\/wp-content\/uploads\/2023\/12\/3-7.png'><img loading=\"lazy\" decoding=\"async\" width=\"150\" height=\"150\" src=\"https:\/\/sinprofaz.org.br\/2024\/wp-content\/uploads\/2023\/12\/3-7-150x150.png\" class=\"attachment-thumbnail size-thumbnail\" alt=\"\" \/><\/a>\n\t\t\t<\/dt><\/dl><dl class='gallery-item'>\n\t\t\t<dt class='gallery-icon landscape'>\n\t\t\t\t<a href='https:\/\/sinprofaz.org.br\/2024\/wp-content\/uploads\/2023\/12\/4-7.png'><img loading=\"lazy\" decoding=\"async\" width=\"150\" height=\"150\" src=\"https:\/\/sinprofaz.org.br\/2024\/wp-content\/uploads\/2023\/12\/4-7-150x150.png\" class=\"attachment-thumbnail size-thumbnail\" alt=\"\" \/><\/a>\n\t\t\t<\/dt><\/dl><br style=\"clear: both\" \/>\n\t\t<\/div>\n\n<p><!-- notionvc: 6a4dd098-cd21-4fc6-87eb-38e86a9af458 --><\/p>\n","protected":false},"excerpt":{"rendered":"<p>O 21\u00ba Encontro do SINPROFAZ foi realizado de 30 de novembro a 3 de dezembro no estado do Rio de Janeiro. A Carreira compareceu em peso ao evento, que foi prestigiado por autoridades como o ministro da Advocacia-Geral da Uni\u00e3o, Jorge Messias. <\/p>\n","protected":false},"author":2,"featured_media":17357,"comment_status":"open","ping_status":"open","sticky":false,"template":"","format":"standard","meta":{"footnotes":""},"categories":[8],"tags":[32,62,25],"featured_image_url":"https:\/\/sinprofaz.org.br\/2024\/wp-content\/uploads\/2023\/12\/1-16.png","character_count":1647,"formatted_date":"19\/12\/2023 - 08:30","contentNovo":"O 21\u00ba Encontro do SINPROFAZ foi realizado de 30 de novembro a 3 de dezembro no estado do Rio de Janeiro. A Carreira compareceu em peso ao evento, que foi prestigiado por autoridades como o ministro da Advocacia-Geral da Uni\u00e3o, Jorge Messias. Convidado para compor a mesa de abertura do Encontro, o filiado iniciou a fala saudando a presidente do Sindicato. \"Iolanda Guindani \u00e9 uma mulher de fibra. Assumiu o SINPROFAZ em uma semana intensa, que foi a da vota\u00e7\u00e3o da lei do Carf. Com a sua lideran\u00e7a e o apoio das demais entidades no Congresso Nacional, conseguimos preservar as compet\u00eancias da Carreira. Como sindicalizado, estou muito satisfeito com a sua gest\u00e3o\", afirmou o AGU.\r\n\r\nNa oportunidade do discurso, Jorge Messias ressaltou conquistas alcan\u00e7adas pela Advocacia-Geral da Uni\u00e3o ao longo de 2023 - a exemplo de vit\u00f3rias junto ao STF e ao STJ - e parabenizou os PFNs pelo \u00eaxito do trabalho realizado durante o ano. \"Sempre que me questionam sobre a complexidade da AGU, destaco a import\u00e2ncia de termos carreiras altamente especializadas. Gra\u00e7as \u00e0 excel\u00eancia da Procuradoria-Geral da Fazenda Nacional, por exemplo, temos hoje o maior escrit\u00f3rio de advocacia tribut\u00e1ria do pa\u00eds.\u00a0N\u00e3o h\u00e1 outra institui\u00e7\u00e3o que tenha conseguido entregar, \u00e0 sociedade brasileira, resultados t\u00e3o expressivos em t\u00e3o pouco tempo\", enfatizou Messias,\u00a0que agradeceu o empenho da Carreira.\r\n\r\n<strong>Futuro\r\n<\/strong>Tendo em vista a proximidade da conclus\u00e3o do primeiro ano como ministro da AGU, Jorge Messias destacou quest\u00f5es que nortear\u00e3o o trabalho da Advocacia-Geral da Uni\u00e3o em 2024. De acordo com o filiado, o concurso p\u00fablico para cargos administrativos possibilitar\u00e1 o ingresso de centenas de novos servidores na AGU, os quais ser\u00e3o compartilhados com a Procuradoria-Geral da Fazenda Nacional. Iniciativas para integrar os PFNs \u00e0 estrutura da Advocacia-Geral da Uni\u00e3o\u00a0- \u00e0 Escola Superior da\u00a0AGU, aos eventos e \u00e0s\u00a0capacita\u00e7\u00f5es - tamb\u00e9m est\u00e3o previstas. Por fim, o ministro lembrou a voca\u00e7\u00e3o dos advogados p\u00fablicos federais e da pr\u00f3pria AGU para a defesa diuturna dos princ\u00edpios democr\u00e1ticos no Brasil.\r\n\r\n\"Quando tomei posse como AGU e discursei em defesa da democracia, n\u00e3o imaginava que enfrentar\u00edamos aquele 8 de janeiro - um teste de fogo do qual sa\u00edmos vencedores. Temos orgulho, enquanto institui\u00e7\u00e3o, de termos tomado medidas en\u00e9rgicas naquele mesmo dia 8: a Advocacia-Geral da Uni\u00e3o foi a que primeiro fez pedidos ao STF para interditar as a\u00e7\u00f5es golpistas. A defesa do regime democr\u00e1tico est\u00e1 hoje intrinsecamente associada ao combate \u00e0 desinforma\u00e7\u00e3o, que corr\u00f3i a confian\u00e7a da popula\u00e7\u00e3o nas institui\u00e7\u00f5es e coloca em risco os pilares democr\u00e1ticos. \u00c0s senhoras e aos senhores, afirmo: a defesa da democracia seguir\u00e1 forte como eixo estruturante de nossa atua\u00e7\u00e3o \u00e0 frente da Advocacia-Geral da Uni\u00e3o.\"\r\n\r\n[gallery link=\"file\" ids=\"17358,17359,17360\"]\r\n\r\n","_links":{"self":[{"href":"https:\/\/sinprofaz.org.br\/2024\/wp-json\/wp\/v2\/posts\/17356"}],"collection":[{"href":"https:\/\/sinprofaz.org.br\/2024\/wp-json\/wp\/v2\/posts"}],"about":[{"href":"https:\/\/sinprofaz.org.br\/2024\/wp-json\/wp\/v2\/types\/post"}],"author":[{"embeddable":true,"href":"https:\/\/sinprofaz.org.br\/2024\/wp-json\/wp\/v2\/users\/2"}],"replies":[{"embeddable":true,"href":"https:\/\/sinprofaz.org.br\/2024\/wp-json\/wp\/v2\/comments?post=17356"}],"version-history":[{"count":1,"href":"https:\/\/sinprofaz.org.br\/2024\/wp-json\/wp\/v2\/posts\/17356\/revisions"}],"predecessor-version":[{"id":17361,"href":"https:\/\/sinprofaz.org.br\/2024\/wp-json\/wp\/v2\/posts\/17356\/revisions\/17361"}],"wp:featuredmedia":[{"embeddable":true,"href":"https:\/\/sinprofaz.org.br\/2024\/wp-json\/wp\/v2\/media\/17357"}],"wp:attachment":[{"href":"https:\/\/sinprofaz.org.br\/2024\/wp-json\/wp\/v2\/media?parent=17356"}],"wp:term":[{"taxonomy":"category","embeddable":true,"href":"https:\/\/sinprofaz.org.br\/2024\/wp-json\/wp\/v2\/categories?post=17356"},{"taxonomy":"post_tag","embeddable":true,"href":"https:\/\/sinprofaz.org.br\/2024\/wp-json\/wp\/v2\/tags?post=17356"}],"curies":[{"name":"wp","href":"https:\/\/api.w.org\/{rel}","templated":true}]}}