{"id":17352,"date":"2023-12-18T08:24:33","date_gmt":"2023-12-18T11:24:33","guid":{"rendered":"http:\/\/www.sinprofaz.org.br\/?p=17352"},"modified":"2023-12-18T09:23:50","modified_gmt":"2023-12-18T12:23:50","slug":"sinprofaz-comparece-a-evento-em-homenagem-ao-ministro-luis-roberto-barroso","status":"publish","type":"post","link":"https:\/\/sinprofaz.org.br\/2024\/noticias\/sinprofaz-comparece-a-evento-em-homenagem-ao-ministro-luis-roberto-barroso\/","title":{"rendered":"SINPROFAZ COMPARECE A EVENTO EM HOMENAGEM AO MINISTRO LU\u00cdS ROBERTO BARROSO"},"content":{"rendered":"<p>O SINPROFAZ, representado pela presidente Iolanda Guindani e pelo vice-presidente Ricardo Queiroz, compareceu ao evento de lan\u00e7amento da obra &#8220;Direitos e Democracia &#8211; 10 anos do Ministro Lu\u00eds Roberto Barroso no STF&#8221;. Na oportunidade, foi divulgada a nova edi\u00e7\u00e3o da Revista da AGU, cujo t\u00edtulo \u00e9 &#8220;Dossi\u00ea: Dez anos do Ministro Lu\u00eds Roberto Barroso no Supremo Tribunal Federal&#8221;. Essa nova edi\u00e7\u00e3o \u00e9 coordenada por\u00a0Jo\u00e3o Carlos Souto, ex-presidente do SINPROFAZ, Aline Os\u00f3rio, Patr\u00edcia Perrone e Luna Van Brussel Barroso.<\/p>\n<p>Em discurso na ocasi\u00e3o do lan\u00e7amento, que ocorreu em Bras\u00edlia\/DF na ter\u00e7a-feira (12) e que teve o apoio do FORVM &#8211; entidade que representa mais de 5 mil Membros da AGU -, Barroso lembrou momentos que marcaram a primeira d\u00e9cada de sua atua\u00e7\u00e3o na Corte. &#8220;Ao longo desses dez anos, procurei manter o mesmo lema de quando atuava como advogado: tudo que \u00e9 certo, justo e leg\u00edtimo deve encontrar um caminho no Direito&#8221;, afirmou o presidente do STF, que tamb\u00e9m destacou os valores que o inspiram na jornada jur\u00eddica: integridade, civilidade e idealismo.<\/p>\n<p><strong>Presen\u00e7as<br \/>\n<\/strong>O evento foi prestigiado por diversas autoridades dos Tr\u00eas Poderes. Estiveram presentes Alexandre de Moraes, Gilmar Mendes, Edson Fachin, Cristiano Zanin e Nunes Marques, ministros do STF; Jos\u00e9 M\u00facio Monteiro Filho, ministro da Defesa; Gleisi Hoffmann (PT\/PR), Lindbergh Farias (PT\/RJ) e Lafayette de Andrada (Republicanos\/MG), deputados federais; Marcello Terto e Silva, Jo\u00e3o Paulo Santos Schoucair e Pablo Coutinho Barreto, membros do CNJ; Flavio Roman, vice-advogado-geral da Uni\u00e3o; Bruno Bianco, ex-AGU; Claudia Trindade, assessora especial de Diversidade e Inclus\u00e3o;\u00a0e Cezar Britto, ex-presidente do CFOAB.<\/p>\n\n\t\t<style type=\"text\/css\">\n\t\t\t#gallery-1 {\n\t\t\t\tmargin: auto;\n\t\t\t}\n\t\t\t#gallery-1 .gallery-item {\n\t\t\t\tfloat: left;\n\t\t\t\tmargin-top: 10px;\n\t\t\t\ttext-align: center;\n\t\t\t\twidth: 33%;\n\t\t\t}\n\t\t\t#gallery-1 img {\n\t\t\t\tborder: 2px solid #cfcfcf;\n\t\t\t}\n\t\t\t#gallery-1 .gallery-caption {\n\t\t\t\tmargin-left: 0;\n\t\t\t}\n\t\t\t\/* see gallery_shortcode() in wp-includes\/media.php *\/\n\t\t<\/style>\n\t\t<div id='gallery-1' class='gallery galleryid-17352 gallery-columns-3 gallery-size-thumbnail'><dl class='gallery-item'>\n\t\t\t<dt class='gallery-icon landscape'>\n\t\t\t\t<a href='https:\/\/sinprofaz.org.br\/2024\/wp-content\/uploads\/2023\/12\/2-7.png'><img loading=\"lazy\" decoding=\"async\" width=\"150\" height=\"150\" src=\"https:\/\/sinprofaz.org.br\/2024\/wp-content\/uploads\/2023\/12\/2-7-150x150.png\" class=\"attachment-thumbnail size-thumbnail\" alt=\"\" aria-describedby=\"gallery-1-17341\" \/><\/a>\n\t\t\t<\/dt>\n\t\t\t\t<dd class='wp-caption-text gallery-caption' id='gallery-1-17341'>\n\t\t\t\tIolanda Guindani, Alexandre de Moraes e Jo\u00e3o Carlos Souto\n\t\t\t\t<\/dd><\/dl><dl class='gallery-item'>\n\t\t\t<dt class='gallery-icon landscape'>\n\t\t\t\t<a href='https:\/\/sinprofaz.org.br\/2024\/wp-content\/uploads\/2023\/12\/3-6.png'><img loading=\"lazy\" decoding=\"async\" width=\"150\" height=\"150\" src=\"https:\/\/sinprofaz.org.br\/2024\/wp-content\/uploads\/2023\/12\/3-6-150x150.png\" class=\"attachment-thumbnail size-thumbnail\" alt=\"\" aria-describedby=\"gallery-1-17342\" \/><\/a>\n\t\t\t<\/dt>\n\t\t\t\t<dd class='wp-caption-text gallery-caption' id='gallery-1-17342'>\n\t\t\t\tSINPROFAZ e ministro Cristiano Zanin\n\t\t\t\t<\/dd><\/dl><dl class='gallery-item'>\n\t\t\t<dt class='gallery-icon landscape'>\n\t\t\t\t<a href='https:\/\/sinprofaz.org.br\/2024\/wp-content\/uploads\/2023\/12\/4-6.png'><img loading=\"lazy\" decoding=\"async\" width=\"150\" height=\"150\" src=\"https:\/\/sinprofaz.org.br\/2024\/wp-content\/uploads\/2023\/12\/4-6-150x150.png\" class=\"attachment-thumbnail size-thumbnail\" alt=\"\" aria-describedby=\"gallery-1-17343\" \/><\/a>\n\t\t\t<\/dt>\n\t\t\t\t<dd class='wp-caption-text gallery-caption' id='gallery-1-17343'>\n\t\t\t\tDeputados Gleisi Hoffmann e Lindbergh Farias\n\t\t\t\t<\/dd><\/dl><br style=\"clear: both\" \/><dl class='gallery-item'>\n\t\t\t<dt class='gallery-icon landscape'>\n\t\t\t\t<a href='https:\/\/sinprofaz.org.br\/2024\/wp-content\/uploads\/2023\/12\/5-5.png'><img loading=\"lazy\" decoding=\"async\" width=\"150\" height=\"150\" src=\"https:\/\/sinprofaz.org.br\/2024\/wp-content\/uploads\/2023\/12\/5-5-150x150.png\" class=\"attachment-thumbnail size-thumbnail\" alt=\"\" aria-describedby=\"gallery-1-17344\" \/><\/a>\n\t\t\t<\/dt>\n\t\t\t\t<dd class='wp-caption-text gallery-caption' id='gallery-1-17344'>\n\t\t\t\tAdvogados p\u00fablicos e Jos\u00e9 M\u00facio Monteiro Filho\n\t\t\t\t<\/dd><\/dl><dl class='gallery-item'>\n\t\t\t<dt class='gallery-icon landscape'>\n\t\t\t\t<a href='https:\/\/sinprofaz.org.br\/2024\/wp-content\/uploads\/2023\/12\/6-5.png'><img loading=\"lazy\" decoding=\"async\" width=\"150\" height=\"150\" src=\"https:\/\/sinprofaz.org.br\/2024\/wp-content\/uploads\/2023\/12\/6-5-150x150.png\" class=\"attachment-thumbnail size-thumbnail\" alt=\"\" aria-describedby=\"gallery-1-17345\" \/><\/a>\n\t\t\t<\/dt>\n\t\t\t\t<dd class='wp-caption-text gallery-caption' id='gallery-1-17345'>\n\t\t\t\tO vice-AGU, Flavio Roman, e o deputado\u00a0Lafayette de Andrada\n\t\t\t\t<\/dd><\/dl><dl class='gallery-item'>\n\t\t\t<dt class='gallery-icon landscape'>\n\t\t\t\t<a href='https:\/\/sinprofaz.org.br\/2024\/wp-content\/uploads\/2023\/12\/7-5.png'><img loading=\"lazy\" decoding=\"async\" width=\"150\" height=\"150\" src=\"https:\/\/sinprofaz.org.br\/2024\/wp-content\/uploads\/2023\/12\/7-5-150x150.png\" class=\"attachment-thumbnail size-thumbnail\" alt=\"\" aria-describedby=\"gallery-1-17346\" \/><\/a>\n\t\t\t<\/dt>\n\t\t\t\t<dd class='wp-caption-text gallery-caption' id='gallery-1-17346'>\n\t\t\t\tJo\u00e3o Paulo Santos Schoucair, conselheiro do CNJ\n\t\t\t\t<\/dd><\/dl><br style=\"clear: both\" \/><dl class='gallery-item'>\n\t\t\t<dt class='gallery-icon landscape'>\n\t\t\t\t<a href='https:\/\/sinprofaz.org.br\/2024\/wp-content\/uploads\/2023\/12\/8-4.png'><img loading=\"lazy\" decoding=\"async\" width=\"150\" height=\"150\" src=\"https:\/\/sinprofaz.org.br\/2024\/wp-content\/uploads\/2023\/12\/8-4-150x150.png\" class=\"attachment-thumbnail size-thumbnail\" alt=\"\" aria-describedby=\"gallery-1-17347\" \/><\/a>\n\t\t\t<\/dt>\n\t\t\t\t<dd class='wp-caption-text gallery-caption' id='gallery-1-17347'>\n\t\t\t\tRicardo Queiroz, Iolanda\u00a0Guindani e Marcello Terto\u00a0\n\t\t\t\t<\/dd><\/dl><dl class='gallery-item'>\n\t\t\t<dt class='gallery-icon landscape'>\n\t\t\t\t<a href='https:\/\/sinprofaz.org.br\/2024\/wp-content\/uploads\/2023\/12\/9-4.png'><img loading=\"lazy\" decoding=\"async\" width=\"150\" height=\"150\" src=\"https:\/\/sinprofaz.org.br\/2024\/wp-content\/uploads\/2023\/12\/9-4-150x150.png\" class=\"attachment-thumbnail size-thumbnail\" alt=\"\" aria-describedby=\"gallery-1-17348\" \/><\/a>\n\t\t\t<\/dt>\n\t\t\t\t<dd class='wp-caption-text gallery-caption' id='gallery-1-17348'>\n\t\t\t\tPablo Coutinho Barreto, Iolanda\u00a0Guindani e Ricardo Queiroz\n\t\t\t\t<\/dd><\/dl><dl class='gallery-item'>\n\t\t\t<dt class='gallery-icon landscape'>\n\t\t\t\t<a href='https:\/\/sinprofaz.org.br\/2024\/wp-content\/uploads\/2023\/12\/10-3.png'><img loading=\"lazy\" decoding=\"async\" width=\"150\" height=\"150\" src=\"https:\/\/sinprofaz.org.br\/2024\/wp-content\/uploads\/2023\/12\/10-3-150x150.png\" class=\"attachment-thumbnail size-thumbnail\" alt=\"\" aria-describedby=\"gallery-1-17349\" \/><\/a>\n\t\t\t<\/dt>\n\t\t\t\t<dd class='wp-caption-text gallery-caption' id='gallery-1-17349'>\n\t\t\t\tAdvogados p\u00fablicos juntos do ex-AGU Bruno Bianco\n\t\t\t\t<\/dd><\/dl><br style=\"clear: both\" \/><dl class='gallery-item'>\n\t\t\t<dt class='gallery-icon landscape'>\n\t\t\t\t<a href='https:\/\/sinprofaz.org.br\/2024\/wp-content\/uploads\/2023\/12\/11-2.png'><img loading=\"lazy\" decoding=\"async\" width=\"150\" height=\"150\" src=\"https:\/\/sinprofaz.org.br\/2024\/wp-content\/uploads\/2023\/12\/11-2-150x150.png\" class=\"attachment-thumbnail size-thumbnail\" alt=\"\" aria-describedby=\"gallery-1-17350\" \/><\/a>\n\t\t\t<\/dt>\n\t\t\t\t<dd class='wp-caption-text gallery-caption' id='gallery-1-17350'>\n\t\t\t\tCezar Britto e a filiada Claudia Trindade\n\t\t\t\t<\/dd><\/dl><dl class='gallery-item'>\n\t\t\t<dt class='gallery-icon landscape'>\n\t\t\t\t<a href='https:\/\/sinprofaz.org.br\/2024\/wp-content\/uploads\/2023\/12\/12-2.png'><img loading=\"lazy\" decoding=\"async\" width=\"150\" height=\"150\" src=\"https:\/\/sinprofaz.org.br\/2024\/wp-content\/uploads\/2023\/12\/12-2-150x150.png\" class=\"attachment-thumbnail size-thumbnail\" alt=\"\" aria-describedby=\"gallery-1-17351\" \/><\/a>\n\t\t\t<\/dt>\n\t\t\t\t<dd class='wp-caption-text gallery-caption' id='gallery-1-17351'>\n\t\t\t\tA secret\u00e1ria-geral da AGU, Clarice Calixto\n\t\t\t\t<\/dd><\/dl>\n\t\t\t<br style='clear: both' \/>\n\t\t<\/div>\n\n<p><!-- notionvc: 6e56f404-2ac3-47f6-b638-0c01f3b572d3 --><\/p>\n","protected":false},"excerpt":{"rendered":"<p>O SINPROFAZ, representado pela presidente Iolanda Guindani e pelo vice-presidente Ricardo Queiroz, compareceu em Bras\u00edlia\/DF ao evento de lan\u00e7amento da obra &#8220;Direitos e Democracia &#8211; 10 anos do Ministro Lu\u00eds Roberto Barroso no STF&#8221;. <\/p>\n","protected":false},"author":2,"featured_media":17340,"comment_status":"open","ping_status":"open","sticky":false,"template":"","format":"standard","meta":{"footnotes":""},"categories":[8],"tags":[137,25,210],"featured_image_url":"https:\/\/sinprofaz.org.br\/2024\/wp-content\/uploads\/2023\/12\/1-15.png","character_count":1480,"formatted_date":"18\/12\/2023 - 08:24","contentNovo":"O SINPROFAZ, representado pela presidente Iolanda Guindani e pelo vice-presidente Ricardo Queiroz, compareceu ao evento de lan\u00e7amento da obra \"Direitos e Democracia - 10 anos do Ministro Lu\u00eds Roberto Barroso no STF\". Na oportunidade, foi divulgada a nova edi\u00e7\u00e3o da Revista da AGU, cujo t\u00edtulo \u00e9 \"Dossi\u00ea: Dez anos do Ministro Lu\u00eds Roberto Barroso no Supremo Tribunal Federal\". Essa nova edi\u00e7\u00e3o \u00e9 coordenada por\u00a0Jo\u00e3o Carlos Souto, ex-presidente do SINPROFAZ, Aline Os\u00f3rio, Patr\u00edcia Perrone e Luna Van Brussel Barroso.\r\n\r\nEm discurso na ocasi\u00e3o do lan\u00e7amento, que ocorreu em Bras\u00edlia\/DF na ter\u00e7a-feira (12) e que teve o apoio do FORVM - entidade que representa mais de 5 mil Membros da AGU -, Barroso lembrou momentos que marcaram a primeira d\u00e9cada de sua atua\u00e7\u00e3o na Corte. \"Ao longo desses dez anos, procurei manter o mesmo lema de quando atuava como advogado: tudo que \u00e9 certo, justo e leg\u00edtimo deve encontrar um caminho no Direito\", afirmou o presidente do STF, que tamb\u00e9m destacou os valores que o inspiram na jornada jur\u00eddica: integridade, civilidade e idealismo.\r\n\r\n<strong>Presen\u00e7as\r\n<\/strong>O evento foi prestigiado por diversas autoridades dos Tr\u00eas Poderes. Estiveram presentes Alexandre de Moraes, Gilmar Mendes, Edson Fachin, Cristiano Zanin e Nunes Marques, ministros do STF; Jos\u00e9 M\u00facio Monteiro Filho, ministro da Defesa; Gleisi Hoffmann (PT\/PR), Lindbergh Farias (PT\/RJ) e Lafayette de Andrada (Republicanos\/MG), deputados federais; Marcello Terto e Silva, Jo\u00e3o Paulo Santos Schoucair e Pablo Coutinho Barreto, membros do CNJ; Flavio Roman, vice-advogado-geral da Uni\u00e3o; Bruno Bianco, ex-AGU; Claudia Trindade, assessora especial de Diversidade e Inclus\u00e3o;\u00a0e Cezar Britto, ex-presidente do CFOAB.\r\n\r\n[gallery link=\"file\" ids=\"17341,17342,17343,17344,17345,17346,17347,17348,17349,17350,17351\"]\r\n\r\n","_links":{"self":[{"href":"https:\/\/sinprofaz.org.br\/2024\/wp-json\/wp\/v2\/posts\/17352"}],"collection":[{"href":"https:\/\/sinprofaz.org.br\/2024\/wp-json\/wp\/v2\/posts"}],"about":[{"href":"https:\/\/sinprofaz.org.br\/2024\/wp-json\/wp\/v2\/types\/post"}],"author":[{"embeddable":true,"href":"https:\/\/sinprofaz.org.br\/2024\/wp-json\/wp\/v2\/users\/2"}],"replies":[{"embeddable":true,"href":"https:\/\/sinprofaz.org.br\/2024\/wp-json\/wp\/v2\/comments?post=17352"}],"version-history":[{"count":1,"href":"https:\/\/sinprofaz.org.br\/2024\/wp-json\/wp\/v2\/posts\/17352\/revisions"}],"predecessor-version":[{"id":17353,"href":"https:\/\/sinprofaz.org.br\/2024\/wp-json\/wp\/v2\/posts\/17352\/revisions\/17353"}],"wp:featuredmedia":[{"embeddable":true,"href":"https:\/\/sinprofaz.org.br\/2024\/wp-json\/wp\/v2\/media\/17340"}],"wp:attachment":[{"href":"https:\/\/sinprofaz.org.br\/2024\/wp-json\/wp\/v2\/media?parent=17352"}],"wp:term":[{"taxonomy":"category","embeddable":true,"href":"https:\/\/sinprofaz.org.br\/2024\/wp-json\/wp\/v2\/categories?post=17352"},{"taxonomy":"post_tag","embeddable":true,"href":"https:\/\/sinprofaz.org.br\/2024\/wp-json\/wp\/v2\/tags?post=17352"}],"curies":[{"name":"wp","href":"https:\/\/api.w.org\/{rel}","templated":true}]}}