{"id":1734,"date":"2014-04-17T11:54:04","date_gmt":"2014-04-17T11:54:04","guid":{"rendered":""},"modified":"-0001-11-30T00:00:00","modified_gmt":"-0001-11-30T03:00:00","slug":"sinprofaz-e-demais-entidades-de-servidores-pedem-recomposicao-salarial","status":"publish","type":"post","link":"https:\/\/sinprofaz.org.br\/2024\/noticias\/sinprofaz-e-demais-entidades-de-servidores-pedem-recomposicao-salarial\/","title":{"rendered":"SINPROFAZ e demais entidades de servidores pedem recomposi\u00e7\u00e3o salarial"},"content":{"rendered":"<p style=\"text-align: justify;\"><img loading=\"lazy\" decoding=\"async\" style=\"margin-right: 10px; float: left;\" alt=\"\" src=\"images\/noticias\/sinprofaz-e-demais-entidades-de-servidores-pedem-recomposicao-salarial\/01.jpg\" height=\"154\" width=\"218\" \/>Na tarde desta ter\u00e7a (15\/04), o presidente do SINPROFAZ, Her\u00e1clio Camargo, participou de Audi\u00eancia P\u00fablica realizada na Comiss\u00e3o de Trabalho, Administra\u00e7\u00e3o e Servi\u00e7o P\u00fablico (CTASP), onde foi discutido o tema \u201cCampanha Salarial 2014\u201d.<\/p>\n<p style=\"text-align: justify;\">O SINPROFAZ e representantes de entidades sindicais de servidores p\u00fablicos participaram de audi\u00eancia p\u00fablica na C\u00e2mara. Eles pediram a recomposi\u00e7\u00e3o salarial e a abertura de negocia\u00e7\u00e3o, entre outros pontos.<\/p>\n<p style=\"text-align: justify;\">As entidades representativas pontuaram como inaceit\u00e1vel que o \u00faltimo reajuste de 15,8%, a ser pago em tr\u00eas parcelas anuais entre 2013 e 2015, n\u00e3o seja suficiente nem para recompor os 26,7% de infla\u00e7\u00e3o acumulados desde 2006.<\/p>\n<p style=\"text-align: justify;\">O presidente do SINPROFAZ pediu ao Secretario de Recursos Humanos, S\u00e9rgio Mendon\u00e7a, a abertura de mesa de negocia\u00e7\u00e3o e aumento imediato das verbas indenizat\u00f3rias. O secret\u00e1rio repetiu a cantilena enfadonha e inconsistente, a qual \u00e9 entoada como um mantra pelo governo: o esfor\u00e7o fiscal deixa muito pouca margem para negocia\u00e7\u00e3o. Talvez, alguma margem para a corre\u00e7\u00e3o das verbas indenizat\u00f3rias.<\/p>\n<p style=\"text-align: justify;\">Entretanto, por exemplo, sobre as verbas indenizat\u00f3rias, em 11 de fevereiro, por meio de Portaria, o Minist\u00e9rio do Planejamento definiu o teto a ser pago aos servidores do Poder Executivo referentes ao aux\u00edlio-alimenta\u00e7\u00e3o e aux\u00edlio-creche, respectivamente, nos valores de R$ 442,00 e R$ 222,00, mas n\u00e3o autorizou o reajuste, que aguardava a publica\u00e7\u00e3o do decreto.<\/p>\n<p style=\"text-align: justify;\">A fal\u00e1cia da falta de recursos n\u00e3o se sustenta mais, porque est\u00e3o separados 1000 Bilh\u00f5es (1 Trilh\u00e3o de reais) para o desvio sistematizado de recursos p\u00fablicos para o pagamento de juros e amortiza\u00e7\u00f5es da d\u00edvida p\u00fablica interna com juros escorchantes praticados pela gest\u00e3o temer\u00e1ria do governo, em \u00f3bvio benef\u00edcio de poucos, mas em detrimento das pol\u00edticas p\u00fablicas e da estrutura\u00e7\u00e3o das Carreiras P\u00fablicas, que arrecadam e prestam servi\u00e7os \u00e0 popula\u00e7\u00e3o.<\/p>\n<p style=\"text-align: justify;\">Essa irresponsabilidade fiscal \u00e9 escondida, atrav\u00e9s do artif\u00edcio &#8220;criativo&#8221; do super\u00e1vit prim\u00e1rio, inven\u00e7\u00e3o brasileira, mecanismo canalha, que engana a popula\u00e7\u00e3o brasileira.<\/p>\n<p style=\"text-align: justify;\">O SINPROFAZ denunciar\u00e1 esse eng\u00f4do em todos os foros, at\u00e9 a estrutura\u00e7\u00e3o e a valoriza\u00e7\u00e3o da Carreira de Procurador da Fazenda Nacional, da Procuradoria-Geral da Fazenda Nacional e da Advocacia-Geral da Uni\u00e3o.<\/p>\n<p style=\"text-align: center;\"><img loading=\"lazy\" decoding=\"async\" style=\"margin-right: 10px;\" alt=\"\" src=\"images\/noticias\/sinprofaz-e-demais-entidades-de-servidores-pedem-recomposicao-salarial\/02.JPG\" height=\"106\" width=\"150\" \/><img loading=\"lazy\" decoding=\"async\" alt=\"\" src=\"images\/noticias\/sinprofaz-e-demais-entidades-de-servidores-pedem-recomposicao-salarial\/03.jpg\" height=\"106\" width=\"150\" \/><\/p>\n","protected":false},"excerpt":{"rendered":"<p style=\"text-align: justify;\">Na tarde desta ter\u00e7a (15\/04), o presidente do SINPROFAZ, Her\u00e1clio Camargo, participou de Audi\u00eancia P\u00fablica realizada na Comiss\u00e3o de Trabalho, Administra\u00e7\u00e3o e Servi\u00e7o P\u00fablico (CTASP), onde foi discutido o tema \u201cCampanha Salarial 2014\u201d.<\/p>\n","protected":false},"author":1,"featured_media":0,"comment_status":"closed","ping_status":"open","sticky":false,"template":"","format":"standard","meta":{"footnotes":""},"categories":[8],"tags":[],"featured_image_url":"https:\/\/dummyimage.com\/720x400","character_count":1180,"formatted_date":"17\/04\/2014 - 11:54","contentNovo":"\r\n<p style=\"text-align: justify;\">Na tarde desta ter\u00e7a (15\/04), o presidente do SINPROFAZ, Her\u00e1clio Camargo, participou de Audi\u00eancia P\u00fablica realizada na Comiss\u00e3o de Trabalho, Administra\u00e7\u00e3o e Servi\u00e7o P\u00fablico (CTASP), onde foi discutido o tema \u201cCampanha Salarial 2014\u201d.<\/p>\r\n<p style=\"text-align: justify;\">O SINPROFAZ e representantes de entidades sindicais de servidores p\u00fablicos participaram de audi\u00eancia p\u00fablica na C\u00e2mara. Eles pediram a recomposi\u00e7\u00e3o salarial e a abertura de negocia\u00e7\u00e3o, entre outros pontos.<\/p>\r\n<p style=\"text-align: justify;\">As entidades representativas pontuaram como inaceit\u00e1vel que o \u00faltimo reajuste de 15,8%, a ser pago em tr\u00eas parcelas anuais entre 2013 e 2015, n\u00e3o seja suficiente nem para recompor os 26,7% de infla\u00e7\u00e3o acumulados desde 2006.<\/p>\r\n<p style=\"text-align: justify;\">O presidente do SINPROFAZ pediu ao Secretario de Recursos Humanos, S\u00e9rgio Mendon\u00e7a, a abertura de mesa de negocia\u00e7\u00e3o e aumento imediato das verbas indenizat\u00f3rias. O secret\u00e1rio repetiu a cantilena enfadonha e inconsistente, a qual \u00e9 entoada como um mantra pelo governo: o esfor\u00e7o fiscal deixa muito pouca margem para negocia\u00e7\u00e3o. Talvez, alguma margem para a corre\u00e7\u00e3o das verbas indenizat\u00f3rias.<\/p>\r\n<p style=\"text-align: justify;\">Entretanto, por exemplo, sobre as verbas indenizat\u00f3rias, em 11 de fevereiro, por meio de Portaria, o Minist\u00e9rio do Planejamento definiu o teto a ser pago aos servidores do Poder Executivo referentes ao aux\u00edlio-alimenta\u00e7\u00e3o e aux\u00edlio-creche, respectivamente, nos valores de R$ 442,00 e R$ 222,00, mas n\u00e3o autorizou o reajuste, que aguardava a publica\u00e7\u00e3o do decreto.<\/p>\r\n<p style=\"text-align: justify;\">A fal\u00e1cia da falta de recursos n\u00e3o se sustenta mais, porque est\u00e3o separados 1000 Bilh\u00f5es (1 Trilh\u00e3o de reais) para o desvio sistematizado de recursos p\u00fablicos para o pagamento de juros e amortiza\u00e7\u00f5es da d\u00edvida p\u00fablica interna com juros escorchantes praticados pela gest\u00e3o temer\u00e1ria do governo, em \u00f3bvio benef\u00edcio de poucos, mas em detrimento das pol\u00edticas p\u00fablicas e da estrutura\u00e7\u00e3o das Carreiras P\u00fablicas, que arrecadam e prestam servi\u00e7os \u00e0 popula\u00e7\u00e3o.<\/p>\r\n<p style=\"text-align: justify;\">Essa irresponsabilidade fiscal \u00e9 escondida, atrav\u00e9s do artif\u00edcio \"criativo\" do super\u00e1vit prim\u00e1rio, inven\u00e7\u00e3o brasileira, mecanismo canalha, que engana a popula\u00e7\u00e3o brasileira.<\/p>\r\n<p style=\"text-align: justify;\">O SINPROFAZ denunciar\u00e1 esse eng\u00f4do em todos os foros, at\u00e9 a estrutura\u00e7\u00e3o e a valoriza\u00e7\u00e3o da Carreira de Procurador da Fazenda Nacional, da Procuradoria-Geral da Fazenda Nacional e da Advocacia-Geral da Uni\u00e3o.<\/p>\r\n<p style=\"text-align: center;\"><\/p>","_links":{"self":[{"href":"https:\/\/sinprofaz.org.br\/2024\/wp-json\/wp\/v2\/posts\/1734"}],"collection":[{"href":"https:\/\/sinprofaz.org.br\/2024\/wp-json\/wp\/v2\/posts"}],"about":[{"href":"https:\/\/sinprofaz.org.br\/2024\/wp-json\/wp\/v2\/types\/post"}],"author":[{"embeddable":true,"href":"https:\/\/sinprofaz.org.br\/2024\/wp-json\/wp\/v2\/users\/1"}],"replies":[{"embeddable":true,"href":"https:\/\/sinprofaz.org.br\/2024\/wp-json\/wp\/v2\/comments?post=1734"}],"version-history":[{"count":0,"href":"https:\/\/sinprofaz.org.br\/2024\/wp-json\/wp\/v2\/posts\/1734\/revisions"}],"wp:attachment":[{"href":"https:\/\/sinprofaz.org.br\/2024\/wp-json\/wp\/v2\/media?parent=1734"}],"wp:term":[{"taxonomy":"category","embeddable":true,"href":"https:\/\/sinprofaz.org.br\/2024\/wp-json\/wp\/v2\/categories?post=1734"},{"taxonomy":"post_tag","embeddable":true,"href":"https:\/\/sinprofaz.org.br\/2024\/wp-json\/wp\/v2\/tags?post=1734"}],"curies":[{"name":"wp","href":"https:\/\/api.w.org\/{rel}","templated":true}]}}