{"id":17332,"date":"2023-12-15T16:47:30","date_gmt":"2023-12-15T19:47:30","guid":{"rendered":"http:\/\/www.sinprofaz.org.br\/?p=17332"},"modified":"2023-12-15T16:48:36","modified_gmt":"2023-12-15T19:48:36","slug":"publicado-o-edital-para-eleicao-da-junta-de-julgamento-e-do-conselho-fiscal-do-sinprofaz","status":"publish","type":"post","link":"https:\/\/sinprofaz.org.br\/2024\/noticias\/publicado-o-edital-para-eleicao-da-junta-de-julgamento-e-do-conselho-fiscal-do-sinprofaz\/","title":{"rendered":"PUBLICADO O EDITAL PARA ELEI\u00c7\u00c3O DA JUNTA DE JULGAMENTO E DO CONSELHO FISCAL DO SINPROFAZ"},"content":{"rendered":"<p>A Junta de Julgamento do Sindicato Nacional dos Procuradores da Fazenda Nacional vem a p\u00fablico divulgar a regulamenta\u00e7\u00e3o do processo eleitoral para as elei\u00e7\u00f5es do novo Conselho Fiscal e da nova Junta de Julgamento do SINPROFAZ. Os eleitos exercer\u00e3o seus mandatos no per\u00edodo de 1\u00ba de julho de 2024 a 30 de junho de 2026.<\/p>\n<p>Acesse a \u00c1rea do Filiado e confira o Edital.<\/p>\n","protected":false},"excerpt":{"rendered":"<p>A Junta de Julgamento do Sindicato Nacional dos Procuradores da Fazenda Nacional vem a p\u00fablico divulgar a regulamenta\u00e7\u00e3o do processo eleitoral para as elei\u00e7\u00f5es do novo Conselho Fiscal e da nova Junta de Julgamento do SINPROFAZ. <\/p>\n","protected":false},"author":2,"featured_media":17269,"comment_status":"open","ping_status":"open","sticky":false,"template":"","format":"standard","meta":{"footnotes":""},"categories":[8],"tags":[32,148,146,25],"featured_image_url":"https:\/\/sinprofaz.org.br\/2024\/wp-content\/uploads\/2023\/12\/1-1-1.png","character_count":187,"formatted_date":"15\/12\/2023 - 16:47","contentNovo":"A Junta de Julgamento do Sindicato Nacional dos Procuradores da Fazenda Nacional vem a p\u00fablico divulgar a regulamenta\u00e7\u00e3o do processo eleitoral para as elei\u00e7\u00f5es do novo Conselho Fiscal e da nova Junta de Julgamento do SINPROFAZ. Os eleitos exercer\u00e3o seus mandatos no per\u00edodo de 1\u00ba de julho de 2024 a 30 de junho de 2026.\r\n\r\nAcesse a \u00c1rea do Filiado e confira o Edital.","_links":{"self":[{"href":"https:\/\/sinprofaz.org.br\/2024\/wp-json\/wp\/v2\/posts\/17332"}],"collection":[{"href":"https:\/\/sinprofaz.org.br\/2024\/wp-json\/wp\/v2\/posts"}],"about":[{"href":"https:\/\/sinprofaz.org.br\/2024\/wp-json\/wp\/v2\/types\/post"}],"author":[{"embeddable":true,"href":"https:\/\/sinprofaz.org.br\/2024\/wp-json\/wp\/v2\/users\/2"}],"replies":[{"embeddable":true,"href":"https:\/\/sinprofaz.org.br\/2024\/wp-json\/wp\/v2\/comments?post=17332"}],"version-history":[{"count":1,"href":"https:\/\/sinprofaz.org.br\/2024\/wp-json\/wp\/v2\/posts\/17332\/revisions"}],"predecessor-version":[{"id":17333,"href":"https:\/\/sinprofaz.org.br\/2024\/wp-json\/wp\/v2\/posts\/17332\/revisions\/17333"}],"wp:featuredmedia":[{"embeddable":true,"href":"https:\/\/sinprofaz.org.br\/2024\/wp-json\/wp\/v2\/media\/17269"}],"wp:attachment":[{"href":"https:\/\/sinprofaz.org.br\/2024\/wp-json\/wp\/v2\/media?parent=17332"}],"wp:term":[{"taxonomy":"category","embeddable":true,"href":"https:\/\/sinprofaz.org.br\/2024\/wp-json\/wp\/v2\/categories?post=17332"},{"taxonomy":"post_tag","embeddable":true,"href":"https:\/\/sinprofaz.org.br\/2024\/wp-json\/wp\/v2\/tags?post=17332"}],"curies":[{"name":"wp","href":"https:\/\/api.w.org\/{rel}","templated":true}]}}