{"id":17297,"date":"2023-12-12T08:29:26","date_gmt":"2023-12-12T11:29:26","guid":{"rendered":"http:\/\/www.sinprofaz.org.br\/?p=17297"},"modified":"2023-12-12T08:29:26","modified_gmt":"2023-12-12T11:29:26","slug":"sinprofaz-integra-dispositivo-de-abertura-do-encontro-de-gestao-2023","status":"publish","type":"post","link":"https:\/\/sinprofaz.org.br\/2024\/noticias\/sinprofaz-integra-dispositivo-de-abertura-do-encontro-de-gestao-2023\/","title":{"rendered":"SINPROFAZ INTEGRA DISPOSITIVO DE ABERTURA DO ENCONTRO DE GEST\u00c3O 2023"},"content":{"rendered":"<p>O SINPROFAZ, representado pela presidente Iolanda Guindani, integrou na segunda-feira (11) o dispositivo de autoridades da solenidade de abertura do Encontro de Gest\u00e3o 2023. Promovido pela Procuradoria-Geral da Fazenda Nacional, o evento deste ano \u00e9 norteado pelo tema &#8220;Alcan\u00e7ando a PGFN do Futuro: Respeito, Empatia e Engajamento, os pilares da conviv\u00eancia e da excel\u00eancia institucional&#8221;. Al\u00e9m da presidente do Sindicato, participaram da cerim\u00f4nia a procuradora-geral da Fazenda Nacional, Anelize Ruas; a diretora do Departamento de Gest\u00e3o Corporativa, Adriana Rocha; a diretora executiva da ENAP, Nat\u00e1lia Teles; o secret\u00e1rio executivo do Conselho Curador do FGTS, M\u00e1rcio Le\u00e3o Coelho; a presidente da UNASP, Dayse Cristina; e o presidente da ANAFE, Sergio Montardo.<\/p>\n<p>Em discurso, Iolanda Guindani parabenizou a PGFN pela escolha do tema do evento e, ao convidar a Carreira para o 22\u00ba Encontro do SINPROFAZ, abordou a relev\u00e2ncia de valores como a conviv\u00eancia e o engajamento. &#8220;Momentos de confraterniza\u00e7\u00e3o s\u00e3o essenciais, especialmente para quem est\u00e1 na ponta &#8211; digo isso por experi\u00eancia pr\u00f3pria. Valorizamos muito os encontros com Colegas das diferentes partes do pa\u00eds. Essa reuni\u00e3o aumenta nosso sentimento de pertencimento \u00e0 PGFN, que desempenha trabalho t\u00e3o importante e que \u00e9, hoje, t\u00e3o reconhecida pelo governo e pela sociedade.&#8221; Ao concluir, Iolanda Guindani destacou que &#8220;a seriedade do nosso trabalho fortalece as nossas prerrogativas e leva a Carreira e a Institui\u00e7\u00e3o para n\u00edveis cada vez maiores de excel\u00eancia &#8211; \u00e9 o que almejamos&#8221;.<\/p>\n<p>O Encontro de Gest\u00e3o conta com o apoio do SINPROFAZ e tem palestras e oficinas programadas at\u00e9 quarta-feira. O evento objetiva a dissemina\u00e7\u00e3o de conhecimento a respeito de \u00e1reas estrat\u00e9gicas para procuradoras e procuradores da Fazenda Nacional, al\u00e9m de servidoras e servidores que lidam diretamente com a gest\u00e3o do \u00f3rg\u00e3o. Este ano, o Encontro re\u00fane, em Bras\u00edlia\/DF, lideran\u00e7as regionais, estaduais e seccionais das Unidades da PGFN, assim como procuradores-gerais adjuntos e representantes do Minist\u00e9rio da Fazenda e da Advocacia-Geral da Uni\u00e3o. Temas como sa\u00fade mental, inova\u00e7\u00e3o, tecnologia, diversidade e inclus\u00e3o &#8211; assuntos em evid\u00eancia na Institui\u00e7\u00e3o &#8211; integram os debates do Encontro, no qual ser\u00e3o definidos os rumos da PGFN para o ano que vem.<\/p>\n\n\t\t<style type=\"text\/css\">\n\t\t\t#gallery-1 {\n\t\t\t\tmargin: auto;\n\t\t\t}\n\t\t\t#gallery-1 .gallery-item {\n\t\t\t\tfloat: left;\n\t\t\t\tmargin-top: 10px;\n\t\t\t\ttext-align: center;\n\t\t\t\twidth: 33%;\n\t\t\t}\n\t\t\t#gallery-1 img {\n\t\t\t\tborder: 2px solid #cfcfcf;\n\t\t\t}\n\t\t\t#gallery-1 .gallery-caption {\n\t\t\t\tmargin-left: 0;\n\t\t\t}\n\t\t\t\/* see gallery_shortcode() in wp-includes\/media.php *\/\n\t\t<\/style>\n\t\t<div id='gallery-1' class='gallery galleryid-17297 gallery-columns-3 gallery-size-thumbnail'><dl class='gallery-item'>\n\t\t\t<dt class='gallery-icon landscape'>\n\t\t\t\t<a href='https:\/\/sinprofaz.org.br\/2024\/wp-content\/uploads\/2023\/12\/2-4.png'><img loading=\"lazy\" decoding=\"async\" width=\"150\" height=\"150\" src=\"https:\/\/sinprofaz.org.br\/2024\/wp-content\/uploads\/2023\/12\/2-4-150x150.png\" class=\"attachment-thumbnail size-thumbnail\" alt=\"\" \/><\/a>\n\t\t\t<\/dt><\/dl><dl class='gallery-item'>\n\t\t\t<dt class='gallery-icon landscape'>\n\t\t\t\t<a href='https:\/\/sinprofaz.org.br\/2024\/wp-content\/uploads\/2023\/12\/3-3.png'><img loading=\"lazy\" decoding=\"async\" width=\"150\" height=\"150\" src=\"https:\/\/sinprofaz.org.br\/2024\/wp-content\/uploads\/2023\/12\/3-3-150x150.png\" class=\"attachment-thumbnail size-thumbnail\" alt=\"\" \/><\/a>\n\t\t\t<\/dt><\/dl><dl class='gallery-item'>\n\t\t\t<dt class='gallery-icon landscape'>\n\t\t\t\t<a href='https:\/\/sinprofaz.org.br\/2024\/wp-content\/uploads\/2023\/12\/4-3.png'><img loading=\"lazy\" decoding=\"async\" width=\"150\" height=\"150\" src=\"https:\/\/sinprofaz.org.br\/2024\/wp-content\/uploads\/2023\/12\/4-3-150x150.png\" class=\"attachment-thumbnail size-thumbnail\" alt=\"\" \/><\/a>\n\t\t\t<\/dt><\/dl><br style=\"clear: both\" \/><dl class='gallery-item'>\n\t\t\t<dt class='gallery-icon landscape'>\n\t\t\t\t<a href='https:\/\/sinprofaz.org.br\/2024\/wp-content\/uploads\/2023\/12\/5-3.png'><img loading=\"lazy\" decoding=\"async\" width=\"150\" height=\"150\" src=\"https:\/\/sinprofaz.org.br\/2024\/wp-content\/uploads\/2023\/12\/5-3-150x150.png\" class=\"attachment-thumbnail size-thumbnail\" alt=\"\" \/><\/a>\n\t\t\t<\/dt><\/dl><dl class='gallery-item'>\n\t\t\t<dt class='gallery-icon landscape'>\n\t\t\t\t<a href='https:\/\/sinprofaz.org.br\/2024\/wp-content\/uploads\/2023\/12\/6-3.png'><img loading=\"lazy\" decoding=\"async\" width=\"150\" height=\"150\" src=\"https:\/\/sinprofaz.org.br\/2024\/wp-content\/uploads\/2023\/12\/6-3-150x150.png\" class=\"attachment-thumbnail size-thumbnail\" alt=\"\" \/><\/a>\n\t\t\t<\/dt><\/dl><dl class='gallery-item'>\n\t\t\t<dt class='gallery-icon landscape'>\n\t\t\t\t<a href='https:\/\/sinprofaz.org.br\/2024\/wp-content\/uploads\/2023\/12\/7-3.png'><img loading=\"lazy\" decoding=\"async\" width=\"150\" height=\"150\" src=\"https:\/\/sinprofaz.org.br\/2024\/wp-content\/uploads\/2023\/12\/7-3-150x150.png\" class=\"attachment-thumbnail size-thumbnail\" alt=\"\" \/><\/a>\n\t\t\t<\/dt><\/dl><br style=\"clear: both\" \/>\n\t\t<\/div>\n\n","protected":false},"excerpt":{"rendered":"<p>Promovido pela Procuradoria-Geral da Fazenda Nacional, o evento deste ano \u00e9 norteado pelo tema &#8220;Alcan\u00e7ando a PGFN do Futuro: Respeito, Empatia e Engajamento, os pilares da conviv\u00eancia e da excel\u00eancia institucional&#8221;. <\/p>\n","protected":false},"author":2,"featured_media":17298,"comment_status":"open","ping_status":"open","sticky":false,"template":"","format":"standard","meta":{"footnotes":""},"categories":[8],"tags":[32,44,25],"featured_image_url":"https:\/\/sinprofaz.org.br\/2024\/wp-content\/uploads\/2023\/12\/1-10.png","character_count":1413,"formatted_date":"12\/12\/2023 - 08:29","contentNovo":"O SINPROFAZ, representado pela presidente Iolanda Guindani, integrou na segunda-feira (11) o dispositivo de autoridades da solenidade de abertura do Encontro de Gest\u00e3o 2023. Promovido pela Procuradoria-Geral da Fazenda Nacional, o evento deste ano \u00e9 norteado pelo tema \"Alcan\u00e7ando a PGFN do Futuro: Respeito, Empatia e Engajamento, os pilares da conviv\u00eancia e da excel\u00eancia institucional\". Al\u00e9m da presidente do Sindicato, participaram da cerim\u00f4nia a procuradora-geral da Fazenda Nacional, Anelize Ruas; a diretora do Departamento de Gest\u00e3o Corporativa, Adriana Rocha; a diretora executiva da ENAP, Nat\u00e1lia Teles; o secret\u00e1rio executivo do Conselho Curador do FGTS, M\u00e1rcio Le\u00e3o Coelho; a presidente da UNASP, Dayse Cristina; e o presidente da ANAFE, Sergio Montardo.\r\n\r\nEm discurso, Iolanda Guindani parabenizou a PGFN pela escolha do tema do evento e, ao convidar a Carreira para o 22\u00ba Encontro do SINPROFAZ, abordou a relev\u00e2ncia de valores como a conviv\u00eancia e o engajamento. \"Momentos de confraterniza\u00e7\u00e3o s\u00e3o essenciais, especialmente para quem est\u00e1 na ponta - digo isso por experi\u00eancia pr\u00f3pria. Valorizamos muito os encontros com Colegas das diferentes partes do pa\u00eds. Essa reuni\u00e3o aumenta nosso sentimento de pertencimento \u00e0 PGFN, que desempenha trabalho t\u00e3o importante e que \u00e9, hoje, t\u00e3o reconhecida pelo governo e pela sociedade.\" Ao concluir, Iolanda Guindani destacou que \"a seriedade do nosso trabalho fortalece as nossas prerrogativas e leva a Carreira e a Institui\u00e7\u00e3o para n\u00edveis cada vez maiores de excel\u00eancia - \u00e9 o que almejamos\".\r\n\r\nO Encontro de Gest\u00e3o conta com o apoio do SINPROFAZ e tem palestras e oficinas programadas at\u00e9 quarta-feira. O evento objetiva a dissemina\u00e7\u00e3o de conhecimento a respeito de \u00e1reas estrat\u00e9gicas para procuradoras e procuradores da Fazenda Nacional, al\u00e9m de servidoras e servidores que lidam diretamente com a gest\u00e3o do \u00f3rg\u00e3o. Este ano, o Encontro re\u00fane, em Bras\u00edlia\/DF, lideran\u00e7as regionais, estaduais e seccionais das Unidades da PGFN, assim como procuradores-gerais adjuntos e representantes do Minist\u00e9rio da Fazenda e da Advocacia-Geral da Uni\u00e3o. Temas como sa\u00fade mental, inova\u00e7\u00e3o, tecnologia, diversidade e inclus\u00e3o - assuntos em evid\u00eancia na Institui\u00e7\u00e3o - integram os debates do Encontro, no qual ser\u00e3o definidos os rumos da PGFN para o ano que vem.\r\n\r\n[gallery link=\"file\" ids=\"17299,17300,17301,17302,17303,17304\"]","_links":{"self":[{"href":"https:\/\/sinprofaz.org.br\/2024\/wp-json\/wp\/v2\/posts\/17297"}],"collection":[{"href":"https:\/\/sinprofaz.org.br\/2024\/wp-json\/wp\/v2\/posts"}],"about":[{"href":"https:\/\/sinprofaz.org.br\/2024\/wp-json\/wp\/v2\/types\/post"}],"author":[{"embeddable":true,"href":"https:\/\/sinprofaz.org.br\/2024\/wp-json\/wp\/v2\/users\/2"}],"replies":[{"embeddable":true,"href":"https:\/\/sinprofaz.org.br\/2024\/wp-json\/wp\/v2\/comments?post=17297"}],"version-history":[{"count":1,"href":"https:\/\/sinprofaz.org.br\/2024\/wp-json\/wp\/v2\/posts\/17297\/revisions"}],"predecessor-version":[{"id":17305,"href":"https:\/\/sinprofaz.org.br\/2024\/wp-json\/wp\/v2\/posts\/17297\/revisions\/17305"}],"wp:featuredmedia":[{"embeddable":true,"href":"https:\/\/sinprofaz.org.br\/2024\/wp-json\/wp\/v2\/media\/17298"}],"wp:attachment":[{"href":"https:\/\/sinprofaz.org.br\/2024\/wp-json\/wp\/v2\/media?parent=17297"}],"wp:term":[{"taxonomy":"category","embeddable":true,"href":"https:\/\/sinprofaz.org.br\/2024\/wp-json\/wp\/v2\/categories?post=17297"},{"taxonomy":"post_tag","embeddable":true,"href":"https:\/\/sinprofaz.org.br\/2024\/wp-json\/wp\/v2\/tags?post=17297"}],"curies":[{"name":"wp","href":"https:\/\/api.w.org\/{rel}","templated":true}]}}