{"id":17294,"date":"2023-12-11T08:25:51","date_gmt":"2023-12-11T11:25:51","guid":{"rendered":"http:\/\/www.sinprofaz.org.br\/?p=17294"},"modified":"2023-12-11T08:25:51","modified_gmt":"2023-12-11T11:25:51","slug":"sinprofaz-marca-presenca-em-confraternizacao-de-final-de-ano-da-anpprev","status":"publish","type":"post","link":"https:\/\/sinprofaz.org.br\/2024\/noticias\/sinprofaz-marca-presenca-em-confraternizacao-de-final-de-ano-da-anpprev\/","title":{"rendered":"SINPROFAZ MARCA PRESEN\u00c7A EM CONFRATERNIZA\u00c7\u00c3O DE FINAL DE ANO DA ANPPREV"},"content":{"rendered":"<p>O SINPROFAZ, representado pela presidente Iolanda Guindani, marcou presen\u00e7a na confraterniza\u00e7\u00e3o de final de ano promovida pela Associa\u00e7\u00e3o Nacional dos Procuradores e Advogados P\u00fablicos Federais &#8211; ANPPREV. O evento, realizado na ter\u00e7a-feira (5), na sede da entidade em Bras\u00edlia\/DF, reuniu associados e autoridades da Advocacia-Geral da Uni\u00e3o.<\/p>\n<p>Durante a confraterniza\u00e7\u00e3o &#8211; prestigiada, entre outros, pela secret\u00e1ria-geral de Consultoria da AGU, Clarice Calixto &#8211; a ANPPREV homenageou a procuradora-geral federal, Adriana Venturini. A congratula\u00e7\u00e3o se deu em raz\u00e3o do trabalho desenvolvido pela homenageada ao longo do ano de 2023 em benef\u00edcio da Advocacia-Geral da Uni\u00e3o e de seus Membros.<\/p>\n","protected":false},"excerpt":{"rendered":"<p>O SINPROFAZ, representado pela presidente Iolanda Guindani, marcou presen\u00e7a na confraterniza\u00e7\u00e3o de final de ano promovida pela Associa\u00e7\u00e3o Nacional dos Procuradores e Advogados P\u00fablicos Federais &#8211; ANPPREV.<\/p>\n","protected":false},"author":2,"featured_media":17295,"comment_status":"open","ping_status":"open","sticky":false,"template":"","format":"standard","meta":{"footnotes":""},"categories":[8],"tags":[43,23,25],"featured_image_url":"https:\/\/sinprofaz.org.br\/2024\/wp-content\/uploads\/2023\/12\/1-9.png","character_count":362,"formatted_date":"11\/12\/2023 - 08:25","contentNovo":"O SINPROFAZ, representado pela presidente Iolanda Guindani, marcou presen\u00e7a na confraterniza\u00e7\u00e3o de final de ano promovida pela Associa\u00e7\u00e3o Nacional dos Procuradores e Advogados P\u00fablicos Federais - ANPPREV. O evento, realizado na ter\u00e7a-feira (5), na sede da entidade em Bras\u00edlia\/DF, reuniu associados e autoridades da Advocacia-Geral da Uni\u00e3o.\r\n\r\nDurante a confraterniza\u00e7\u00e3o - prestigiada, entre outros, pela secret\u00e1ria-geral de Consultoria da AGU, Clarice Calixto - a ANPPREV homenageou a procuradora-geral federal, Adriana Venturini. A congratula\u00e7\u00e3o se deu em raz\u00e3o do trabalho desenvolvido pela homenageada ao longo do ano de 2023 em benef\u00edcio da Advocacia-Geral da Uni\u00e3o e de seus Membros.","_links":{"self":[{"href":"https:\/\/sinprofaz.org.br\/2024\/wp-json\/wp\/v2\/posts\/17294"}],"collection":[{"href":"https:\/\/sinprofaz.org.br\/2024\/wp-json\/wp\/v2\/posts"}],"about":[{"href":"https:\/\/sinprofaz.org.br\/2024\/wp-json\/wp\/v2\/types\/post"}],"author":[{"embeddable":true,"href":"https:\/\/sinprofaz.org.br\/2024\/wp-json\/wp\/v2\/users\/2"}],"replies":[{"embeddable":true,"href":"https:\/\/sinprofaz.org.br\/2024\/wp-json\/wp\/v2\/comments?post=17294"}],"version-history":[{"count":1,"href":"https:\/\/sinprofaz.org.br\/2024\/wp-json\/wp\/v2\/posts\/17294\/revisions"}],"predecessor-version":[{"id":17296,"href":"https:\/\/sinprofaz.org.br\/2024\/wp-json\/wp\/v2\/posts\/17294\/revisions\/17296"}],"wp:featuredmedia":[{"embeddable":true,"href":"https:\/\/sinprofaz.org.br\/2024\/wp-json\/wp\/v2\/media\/17295"}],"wp:attachment":[{"href":"https:\/\/sinprofaz.org.br\/2024\/wp-json\/wp\/v2\/media?parent=17294"}],"wp:term":[{"taxonomy":"category","embeddable":true,"href":"https:\/\/sinprofaz.org.br\/2024\/wp-json\/wp\/v2\/categories?post=17294"},{"taxonomy":"post_tag","embeddable":true,"href":"https:\/\/sinprofaz.org.br\/2024\/wp-json\/wp\/v2\/tags?post=17294"}],"curies":[{"name":"wp","href":"https:\/\/api.w.org\/{rel}","templated":true}]}}