{"id":17291,"date":"2023-12-08T11:00:18","date_gmt":"2023-12-08T14:00:18","guid":{"rendered":"http:\/\/www.sinprofaz.org.br\/?p=17291"},"modified":"2023-12-08T11:00:18","modified_gmt":"2023-12-08T14:00:18","slug":"filiada-lanca-obra-sobre-racismo-e-sexismo-na-tributacao-sobre-o-consumo","status":"publish","type":"post","link":"https:\/\/sinprofaz.org.br\/2024\/noticias\/filiada-lanca-obra-sobre-racismo-e-sexismo-na-tributacao-sobre-o-consumo\/","title":{"rendered":"FILIADA LAN\u00c7A OBRA SOBRE RACISMO E SEXISMO NA TRIBUTA\u00c7\u00c3O SOBRE O CONSUMO"},"content":{"rendered":"<p>A presidente do SINPROFAZ, Iolanda Guindani, compareceu ao evento de lan\u00e7amento da obra\u00a0<em>Racismo e Sexismo na Tributa\u00e7\u00e3o Brasileira sobre o Consumo<\/em>, de autoria da filiada Lorena de F\u00e1tima Sousa Ara\u00fajo Narcizo. O evento ocorreu na ter\u00e7a-feira (5), na The Gallery Fernanda Curado, em Bras\u00edlia\/DF, e foi prestigiado por procuradoras e procuradores da Fazenda nacional.<\/p>\n<p>Publicada pela Arraes Editores, a obra analisa se a regressividade tribut\u00e1ria atinge mais as mulheres negras que os demais contribuintes e se essa maior incid\u00eancia acentua o tratamento discriminat\u00f3rio contra a categoria. Segundo Lorena Narcizo, no geral, as mulheres negras ganham menos que as mulheres brancas e que os homens e destinam maior percentual da renda para a aquisi\u00e7\u00e3o de bens e servi\u00e7os. Assim, as mulheres negras s\u00e3o mais atingidas pela regressividade tribut\u00e1ria, o que aprofunda as desigualdades de g\u00eanero e ra\u00e7a.<\/p>\n<p>&#8220;A partir do entendimento de que a tributa\u00e7\u00e3o \u00e9 um espelho da estrutura da sociedade, alicer\u00e7ada sob fundamentos racistas e sexistas para manuten\u00e7\u00e3o do ac\u00famulo do capital nas m\u00e3os de um mesmo grupo social, h\u00e1 necessidade de uma mudan\u00e7a estrutural na pr\u00f3pria sociedade, a fim de que os tributos possam servir como instrumento real de diminui\u00e7\u00e3o de desigualdades, conforme preceituado pela Constitui\u00e7\u00e3o Federal&#8221;, explica a procuradora da Fazenda Nacional.<\/p>\n<p>O SINPROFAZ parabeniza a Colega pela publica\u00e7\u00e3o do livro e convida a Carreira para conhecer mais sobre a obra\u00a0<em>Racismo e Sexismo na Tributa\u00e7\u00e3o Brasileira sobre o Consumo<\/em>:\u00a0<a href=\"https:\/\/a.co\/d\/9up02RT\" target=\"_blank\" rel=\"noopener\">https:\/\/a.co\/d\/9up02RT<\/a><\/p>\n<p><!-- notionvc: aa229bfb-e0ef-4402-9141-b045cceff65b --><\/p>\n","protected":false},"excerpt":{"rendered":"<p>A presidente do SINPROFAZ, Iolanda Guindani, compareceu ao evento de lan\u00e7amento da obra &#8220;Racismo e Sexismo na Tributa\u00e7\u00e3o Brasileira sobre o Consumo&#8221;, de autoria da filiada Lorena de F\u00e1tima Sousa Ara\u00fajo Narcizo.<\/p>\n","protected":false},"author":2,"featured_media":17290,"comment_status":"open","ping_status":"open","sticky":false,"template":"","format":"standard","meta":{"footnotes":""},"categories":[8],"tags":[32,121,25],"featured_image_url":"https:\/\/sinprofaz.org.br\/2024\/wp-content\/uploads\/2023\/12\/1-8.png","character_count":797,"formatted_date":"08\/12\/2023 - 11:00","contentNovo":"A presidente do SINPROFAZ, Iolanda Guindani, compareceu ao evento de lan\u00e7amento da obra\u00a0<em>Racismo e Sexismo na Tributa\u00e7\u00e3o Brasileira sobre o Consumo<\/em>, de autoria da filiada Lorena de F\u00e1tima Sousa Ara\u00fajo Narcizo. O evento ocorreu na ter\u00e7a-feira (5), na The Gallery Fernanda Curado, em Bras\u00edlia\/DF, e foi prestigiado por procuradoras e procuradores da Fazenda nacional.\r\n\r\nPublicada pela Arraes Editores, a obra analisa se a regressividade tribut\u00e1ria atinge mais as mulheres negras que os demais contribuintes e se essa maior incid\u00eancia acentua o tratamento discriminat\u00f3rio contra a categoria. Segundo Lorena Narcizo, no geral, as mulheres negras ganham menos que as mulheres brancas e que os homens e destinam maior percentual da renda para a aquisi\u00e7\u00e3o de bens e servi\u00e7os. Assim, as mulheres negras s\u00e3o mais atingidas pela regressividade tribut\u00e1ria, o que aprofunda as desigualdades de g\u00eanero e ra\u00e7a.\r\n\r\n\"A partir do entendimento de que a tributa\u00e7\u00e3o \u00e9 um espelho da estrutura da sociedade, alicer\u00e7ada sob fundamentos racistas e sexistas para manuten\u00e7\u00e3o do ac\u00famulo do capital nas m\u00e3os de um mesmo grupo social, h\u00e1 necessidade de uma mudan\u00e7a estrutural na pr\u00f3pria sociedade, a fim de que os tributos possam servir como instrumento real de diminui\u00e7\u00e3o de desigualdades, conforme preceituado pela Constitui\u00e7\u00e3o Federal\", explica a procuradora da Fazenda Nacional.\r\n\r\nO SINPROFAZ parabeniza a Colega pela publica\u00e7\u00e3o do livro e convida a Carreira para conhecer mais sobre a obra\u00a0<em>Racismo e Sexismo na Tributa\u00e7\u00e3o Brasileira sobre o Consumo<\/em>:\u00a0<a href=\"https:\/\/a.co\/d\/9up02RT\" target=\"_blank\" rel=\"noopener\">https:\/\/a.co\/d\/9up02RT<\/a>\r\n\r\n","_links":{"self":[{"href":"https:\/\/sinprofaz.org.br\/2024\/wp-json\/wp\/v2\/posts\/17291"}],"collection":[{"href":"https:\/\/sinprofaz.org.br\/2024\/wp-json\/wp\/v2\/posts"}],"about":[{"href":"https:\/\/sinprofaz.org.br\/2024\/wp-json\/wp\/v2\/types\/post"}],"author":[{"embeddable":true,"href":"https:\/\/sinprofaz.org.br\/2024\/wp-json\/wp\/v2\/users\/2"}],"replies":[{"embeddable":true,"href":"https:\/\/sinprofaz.org.br\/2024\/wp-json\/wp\/v2\/comments?post=17291"}],"version-history":[{"count":1,"href":"https:\/\/sinprofaz.org.br\/2024\/wp-json\/wp\/v2\/posts\/17291\/revisions"}],"predecessor-version":[{"id":17292,"href":"https:\/\/sinprofaz.org.br\/2024\/wp-json\/wp\/v2\/posts\/17291\/revisions\/17292"}],"wp:featuredmedia":[{"embeddable":true,"href":"https:\/\/sinprofaz.org.br\/2024\/wp-json\/wp\/v2\/media\/17290"}],"wp:attachment":[{"href":"https:\/\/sinprofaz.org.br\/2024\/wp-json\/wp\/v2\/media?parent=17291"}],"wp:term":[{"taxonomy":"category","embeddable":true,"href":"https:\/\/sinprofaz.org.br\/2024\/wp-json\/wp\/v2\/categories?post=17291"},{"taxonomy":"post_tag","embeddable":true,"href":"https:\/\/sinprofaz.org.br\/2024\/wp-json\/wp\/v2\/tags?post=17291"}],"curies":[{"name":"wp","href":"https:\/\/api.w.org\/{rel}","templated":true}]}}