{"id":17285,"date":"2023-12-07T08:26:30","date_gmt":"2023-12-07T11:26:30","guid":{"rendered":"http:\/\/www.sinprofaz.org.br\/?p=17285"},"modified":"2023-12-07T08:27:12","modified_gmt":"2023-12-07T11:27:12","slug":"sinprofaz-se-reune-com-representantes-do-instituto-mosap","status":"publish","type":"post","link":"https:\/\/sinprofaz.org.br\/2024\/noticias\/sinprofaz-se-reune-com-representantes-do-instituto-mosap\/","title":{"rendered":"SINPROFAZ SE RE\u00daNE COM REPRESENTANTES DO INSTITUTO MOSAP"},"content":{"rendered":"<p>A presidente do SINPROFAZ, Iolanda Guindani, se reuniu na ter\u00e7a-feira (5) com representantes do Movimento Nacional dos Servidores P\u00fablicos Aposentados e Pensionistas &#8211; Instituto Mosap. Entre os participantes do encontro, esteve o presidente da entidade, Edison Haubert, que pautou temas relativos aos aposentados e pensionistas do servi\u00e7o p\u00fablico nacional.<\/p>\n<p>Tendo em conta o importante trabalho desenvolvido pelo Instituto Mosap e o peso das entidades que j\u00e1 participam do Movimento, o SINPROFAZ decidiu aderir ao Instituto. Assim, na luta conjunta com as demais associa\u00e7\u00f5es nacionais de servidores p\u00fablicos, o Sindicato soma for\u00e7as para o trabalho proativo com vistas ao atingimento dos objetivos priorit\u00e1rios de aposentados e pensionistas.<\/p>\n<p><strong>Sobre o Mosap<br \/>\n<\/strong>Fundado em 1992, o Instituto Mosap trabalha pelos direitos dos aposentados e pensionistas do servi\u00e7o p\u00fablico nacional, objetivando a constru\u00e7\u00e3o de um Brasil melhor e mais justo para todos. O Instituto congrega entidades de classe em n\u00edvel federal, estadual e municipal para trabalhar de forma harm\u00f4nica e coordenada no Congresso Nacional e nas bases eleitorais dos agentes pol\u00edticos do pa\u00eds.<\/p>\n<p>Saiba mais sobre o Instituto Mosap:\u00a0<a href=\"http:\/\/www.institutomosap.org.br\/\" target=\"_blank\" rel=\"noopener\">www.institutomosap.org.br<\/a><\/p>\n\n\t\t<style type=\"text\/css\">\n\t\t\t#gallery-1 {\n\t\t\t\tmargin: auto;\n\t\t\t}\n\t\t\t#gallery-1 .gallery-item {\n\t\t\t\tfloat: left;\n\t\t\t\tmargin-top: 10px;\n\t\t\t\ttext-align: center;\n\t\t\t\twidth: 33%;\n\t\t\t}\n\t\t\t#gallery-1 img {\n\t\t\t\tborder: 2px solid #cfcfcf;\n\t\t\t}\n\t\t\t#gallery-1 .gallery-caption {\n\t\t\t\tmargin-left: 0;\n\t\t\t}\n\t\t\t\/* see gallery_shortcode() in wp-includes\/media.php *\/\n\t\t<\/style>\n\t\t<div id='gallery-1' class='gallery galleryid-17285 gallery-columns-3 gallery-size-thumbnail'><dl class='gallery-item'>\n\t\t\t<dt class='gallery-icon landscape'>\n\t\t\t\t<a href='https:\/\/sinprofaz.org.br\/2024\/wp-content\/uploads\/2023\/12\/2-3.png'><img loading=\"lazy\" decoding=\"async\" width=\"150\" height=\"150\" src=\"https:\/\/sinprofaz.org.br\/2024\/wp-content\/uploads\/2023\/12\/2-3-150x150.png\" class=\"attachment-thumbnail size-thumbnail\" alt=\"\" \/><\/a>\n\t\t\t<\/dt><\/dl>\n\t\t\t<br style='clear: both' \/>\n\t\t<\/div>\n\n<p><!-- notionvc: 2c3fec8d-220b-4048-b6b9-1397bbdeaced --><\/p>\n","protected":false},"excerpt":{"rendered":"<p>A presidente do SINPROFAZ, Iolanda Guindani, se reuniu na ter\u00e7a-feira (5) com representantes do Movimento Nacional dos Servidores P\u00fablicos Aposentados e Pensionistas &#8211; Instituto Mosap. Entre os participantes do encontro, esteve o presidente da entidade, Edison Haubert.<\/p>\n","protected":false},"author":2,"featured_media":17286,"comment_status":"open","ping_status":"open","sticky":false,"template":"","format":"standard","meta":{"footnotes":""},"categories":[8],"tags":[32,209,25],"featured_image_url":"https:\/\/sinprofaz.org.br\/2024\/wp-content\/uploads\/2023\/12\/1-7.png","character_count":796,"formatted_date":"07\/12\/2023 - 08:26","contentNovo":"A presidente do SINPROFAZ, Iolanda Guindani, se reuniu na ter\u00e7a-feira (5) com representantes do Movimento Nacional dos Servidores P\u00fablicos Aposentados e Pensionistas - Instituto Mosap. Entre os participantes do encontro, esteve o presidente da entidade, Edison Haubert, que pautou temas relativos aos aposentados e pensionistas do servi\u00e7o p\u00fablico nacional.\r\n\r\nTendo em conta o importante trabalho desenvolvido pelo Instituto Mosap e o peso das entidades que j\u00e1 participam do Movimento, o SINPROFAZ decidiu aderir ao Instituto. Assim, na luta conjunta com as demais associa\u00e7\u00f5es nacionais de servidores p\u00fablicos, o Sindicato soma for\u00e7as para o trabalho proativo com vistas ao atingimento dos objetivos priorit\u00e1rios de aposentados e pensionistas.\r\n\r\n<strong>Sobre o Mosap\r\n<\/strong>Fundado em 1992, o Instituto Mosap trabalha pelos direitos dos aposentados e pensionistas do servi\u00e7o p\u00fablico nacional, objetivando a constru\u00e7\u00e3o de um Brasil melhor e mais justo para todos. O Instituto congrega entidades de classe em n\u00edvel federal, estadual e municipal para trabalhar de forma harm\u00f4nica e coordenada no Congresso Nacional e nas bases eleitorais dos agentes pol\u00edticos do pa\u00eds.\r\n\r\nSaiba mais sobre o Instituto Mosap:\u00a0<a href=\"http:\/\/www.institutomosap.org.br\/\" target=\"_blank\" rel=\"noopener\">www.institutomosap.org.br<\/a>\r\n\r\n[gallery link=\"file\" ids=\"17287\"]\r\n\r\n","_links":{"self":[{"href":"https:\/\/sinprofaz.org.br\/2024\/wp-json\/wp\/v2\/posts\/17285"}],"collection":[{"href":"https:\/\/sinprofaz.org.br\/2024\/wp-json\/wp\/v2\/posts"}],"about":[{"href":"https:\/\/sinprofaz.org.br\/2024\/wp-json\/wp\/v2\/types\/post"}],"author":[{"embeddable":true,"href":"https:\/\/sinprofaz.org.br\/2024\/wp-json\/wp\/v2\/users\/2"}],"replies":[{"embeddable":true,"href":"https:\/\/sinprofaz.org.br\/2024\/wp-json\/wp\/v2\/comments?post=17285"}],"version-history":[{"count":1,"href":"https:\/\/sinprofaz.org.br\/2024\/wp-json\/wp\/v2\/posts\/17285\/revisions"}],"predecessor-version":[{"id":17288,"href":"https:\/\/sinprofaz.org.br\/2024\/wp-json\/wp\/v2\/posts\/17285\/revisions\/17288"}],"wp:featuredmedia":[{"embeddable":true,"href":"https:\/\/sinprofaz.org.br\/2024\/wp-json\/wp\/v2\/media\/17286"}],"wp:attachment":[{"href":"https:\/\/sinprofaz.org.br\/2024\/wp-json\/wp\/v2\/media?parent=17285"}],"wp:term":[{"taxonomy":"category","embeddable":true,"href":"https:\/\/sinprofaz.org.br\/2024\/wp-json\/wp\/v2\/categories?post=17285"},{"taxonomy":"post_tag","embeddable":true,"href":"https:\/\/sinprofaz.org.br\/2024\/wp-json\/wp\/v2\/tags?post=17285"}],"curies":[{"name":"wp","href":"https:\/\/api.w.org\/{rel}","templated":true}]}}