{"id":17279,"date":"2023-12-06T08:17:48","date_gmt":"2023-12-06T11:17:48","guid":{"rendered":"http:\/\/www.sinprofaz.org.br\/?p=17279"},"modified":"2023-12-07T10:53:38","modified_gmt":"2023-12-07T13:53:38","slug":"em-ultima-noite-de-encontro-palestrantes-abordam-questoes-politicas-e-tributarias","status":"publish","type":"post","link":"https:\/\/sinprofaz.org.br\/2024\/noticias\/em-ultima-noite-de-encontro-palestrantes-abordam-questoes-politicas-e-tributarias\/","title":{"rendered":"EM \u00daLTIMA NOITE DE ENCONTRO, PALESTRANTES ABORDAM QUEST\u00d5ES POL\u00cdTICAS E TRIBUT\u00c1RIAS"},"content":{"rendered":"<p>Temas como o cen\u00e1rio pol\u00edtico nacional e as perspectivas para o setor de combust\u00edveis no Brasil foram abordados na \u00faltima noite do 21\u00ba Encontro. Al\u00e9m da presidente Iolanda Guindani, o painel final contou com as participa\u00e7\u00f5es de Guido Rog\u00e9rio Macedo Silveira Filho, vice-presidente Jur\u00eddico e de Rela\u00e7\u00f5es Institucionais da Ipiranga, membro do Conselho de Administra\u00e7\u00e3o do Sindicato Nacional das Empresas Distribuidoras de Combust\u00edveis e de Lubrificantes &#8211; Sindicom e presidente do Conselho de Administra\u00e7\u00e3o do Instituto Combust\u00edvel Legal &#8211; ICL; e de Ant\u00f4nio Augusto de Queiroz, analista pol\u00edtico, membro do Departamento Intersindical de Assessoria Parlamentar &#8211; DIAP e consultor do SINPROFAZ.<\/p>\n<p>Parceiro de longa data, Guido Macedo representou os patrocinadores do 21\u00ba Encontro: Ipiranga, Sindicom e ICL. Na oportunidade do evento, o palestrante abordou as mais importantes quest\u00f5es tribut\u00e1rias relacionadas ao setor de combust\u00edveis no pa\u00eds. &#8220;O mercado brasileiro de combust\u00edveis \u00e9 o 8\u00ba maior do mundo, mas nossa estrutura tribut\u00e1ria ainda \u00e9 muito complicada. Em \u00e2mbito federal, j\u00e1 tivemos muitas turbul\u00eancias, mas chegamos a um momento mais tranquilo, especialmente se comparado ao dos estados. Precisamos simplificar nossa legisla\u00e7\u00e3o. Esperamos que, com a aprova\u00e7\u00e3o da reforma, consigamos ter uma situa\u00e7\u00e3o, em termos de recolhimento de tributos, muito melhor do que h\u00e1 alguns anos.\u201d<\/p>\n<p>Ant\u00f4nio Augusto de Queiroz fez uma an\u00e1lise do ano sob o prisma das mudan\u00e7as no Executivo e no Legislativo federal. De acordo com o consultor pol\u00edtico, o resultado da elei\u00e7\u00e3o presidencial foi ben\u00e9fico para os servidores, que, em um eventual segundo mandato do presidente anterior, provavelmente n\u00e3o teriam espa\u00e7o para discutir reajustes. Ademais, na vis\u00e3o do consultor, &#8220;em defesa dos PFNs, o SINPROFAZ segue fazendo um trabalho fundamental de resist\u00eancia \u00e0 reforma administrativa, de acompanhamento da ADI sobre o regime jur\u00eddico \u00fanico, de press\u00e3o para o restabelecimento das negocia\u00e7\u00f5es coletivas e de convencimento com vistas \u00e0 paridade de tratamento das Fun\u00e7\u00f5es Essenciais \u00e0 Justi\u00e7a&#8221;.<\/p>\n<p><strong>Encontro do SINPROFAZ em 2024<br \/>\n<\/strong>Ao agradecer a presen\u00e7a dos Colegas e palestrantes e declarar o encerramento do evento, Iolanda Guindani convidou a Carreira para o 22\u00ba Encontro Nacional dos Procuradores da Fazenda Nacional, a ser realizado de 28 de novembro a 1\u00ba de dezembro de 2024,\u00a0no Vila Gal\u00e9 Alagoas, em Barra de Santo Ant\u00f4nio\/AL. As inscri\u00e7\u00f5es para o evento j\u00e1 est\u00e3o abertas! Todas as informa\u00e7\u00f5es sobre o 22\u00ba Encontro constam do Edital divulgado pelo SINPROFAZ:\u00a0<a href=\"http:\/\/bit.ly\/Edital22Encontro\" target=\"_blank\" rel=\"noopener\">bit.ly\/Edital22Encontro<\/a>. &#8220;Com muito carinho, agrade\u00e7o todas e todos pela participa\u00e7\u00e3o neste Encontro, pela amizade de sempre e pela alegria que trouxeram. Espero encontr\u00e1-los em nosso evento no ano que vem. At\u00e9 l\u00e1!&#8221;, despediu-se Iolanda Guindani.<\/p>\n\n\t\t<style type=\"text\/css\">\n\t\t\t#gallery-1 {\n\t\t\t\tmargin: auto;\n\t\t\t}\n\t\t\t#gallery-1 .gallery-item {\n\t\t\t\tfloat: left;\n\t\t\t\tmargin-top: 10px;\n\t\t\t\ttext-align: center;\n\t\t\t\twidth: 33%;\n\t\t\t}\n\t\t\t#gallery-1 img {\n\t\t\t\tborder: 2px solid #cfcfcf;\n\t\t\t}\n\t\t\t#gallery-1 .gallery-caption {\n\t\t\t\tmargin-left: 0;\n\t\t\t}\n\t\t\t\/* see gallery_shortcode() in wp-includes\/media.php *\/\n\t\t<\/style>\n\t\t<div id='gallery-1' class='gallery galleryid-17279 gallery-columns-3 gallery-size-thumbnail'><dl class='gallery-item'>\n\t\t\t<dt class='gallery-icon landscape'>\n\t\t\t\t<a href='https:\/\/sinprofaz.org.br\/2024\/wp-content\/uploads\/2023\/12\/2-2.png'><img loading=\"lazy\" decoding=\"async\" width=\"150\" height=\"150\" src=\"https:\/\/sinprofaz.org.br\/2024\/wp-content\/uploads\/2023\/12\/2-2-150x150.png\" class=\"attachment-thumbnail size-thumbnail\" alt=\"\" \/><\/a>\n\t\t\t<\/dt><\/dl><dl class='gallery-item'>\n\t\t\t<dt class='gallery-icon landscape'>\n\t\t\t\t<a href='https:\/\/sinprofaz.org.br\/2024\/wp-content\/uploads\/2023\/12\/3-2.png'><img loading=\"lazy\" decoding=\"async\" width=\"150\" height=\"150\" src=\"https:\/\/sinprofaz.org.br\/2024\/wp-content\/uploads\/2023\/12\/3-2-150x150.png\" class=\"attachment-thumbnail size-thumbnail\" alt=\"\" \/><\/a>\n\t\t\t<\/dt><\/dl><dl class='gallery-item'>\n\t\t\t<dt class='gallery-icon landscape'>\n\t\t\t\t<a href='https:\/\/sinprofaz.org.br\/2024\/wp-content\/uploads\/2023\/12\/4-2.png'><img loading=\"lazy\" decoding=\"async\" width=\"150\" height=\"150\" src=\"https:\/\/sinprofaz.org.br\/2024\/wp-content\/uploads\/2023\/12\/4-2-150x150.png\" class=\"attachment-thumbnail size-thumbnail\" alt=\"\" \/><\/a>\n\t\t\t<\/dt><\/dl><br style=\"clear: both\" \/><dl class='gallery-item'>\n\t\t\t<dt class='gallery-icon landscape'>\n\t\t\t\t<a href='https:\/\/sinprofaz.org.br\/2024\/wp-content\/uploads\/2023\/12\/5-2.png'><img loading=\"lazy\" decoding=\"async\" width=\"150\" height=\"150\" src=\"https:\/\/sinprofaz.org.br\/2024\/wp-content\/uploads\/2023\/12\/5-2-150x150.png\" class=\"attachment-thumbnail size-thumbnail\" alt=\"\" \/><\/a>\n\t\t\t<\/dt><\/dl><dl class='gallery-item'>\n\t\t\t<dt class='gallery-icon landscape'>\n\t\t\t\t<a href='https:\/\/sinprofaz.org.br\/2024\/wp-content\/uploads\/2023\/12\/6-2.png'><img loading=\"lazy\" decoding=\"async\" width=\"150\" height=\"150\" src=\"https:\/\/sinprofaz.org.br\/2024\/wp-content\/uploads\/2023\/12\/6-2-150x150.png\" class=\"attachment-thumbnail size-thumbnail\" alt=\"\" \/><\/a>\n\t\t\t<\/dt><\/dl><dl class='gallery-item'>\n\t\t\t<dt class='gallery-icon landscape'>\n\t\t\t\t<a href='https:\/\/sinprofaz.org.br\/2024\/wp-content\/uploads\/2023\/12\/7-2.png'><img loading=\"lazy\" decoding=\"async\" width=\"150\" height=\"150\" src=\"https:\/\/sinprofaz.org.br\/2024\/wp-content\/uploads\/2023\/12\/7-2-150x150.png\" class=\"attachment-thumbnail size-thumbnail\" alt=\"\" \/><\/a>\n\t\t\t<\/dt><\/dl><br style=\"clear: both\" \/><dl class='gallery-item'>\n\t\t\t<dt class='gallery-icon landscape'>\n\t\t\t\t<a href='https:\/\/sinprofaz.org.br\/2024\/wp-content\/uploads\/2023\/12\/8-2.png'><img loading=\"lazy\" decoding=\"async\" width=\"150\" height=\"150\" src=\"https:\/\/sinprofaz.org.br\/2024\/wp-content\/uploads\/2023\/12\/8-2-150x150.png\" class=\"attachment-thumbnail size-thumbnail\" alt=\"\" \/><\/a>\n\t\t\t<\/dt><\/dl><dl class='gallery-item'>\n\t\t\t<dt class='gallery-icon landscape'>\n\t\t\t\t<a href='https:\/\/sinprofaz.org.br\/2024\/wp-content\/uploads\/2023\/12\/9-2.png'><img loading=\"lazy\" decoding=\"async\" width=\"150\" height=\"150\" src=\"https:\/\/sinprofaz.org.br\/2024\/wp-content\/uploads\/2023\/12\/9-2-150x150.png\" class=\"attachment-thumbnail size-thumbnail\" alt=\"\" \/><\/a>\n\t\t\t<\/dt><\/dl>\n\t\t\t<br style='clear: both' \/>\n\t\t<\/div>\n\n<p><!-- notionvc: 62786fe7-ab40-4ceb-9b7c-16df1f1d5e65 --><\/p>\n","protected":false},"excerpt":{"rendered":"<p>Temas como o cen\u00e1rio pol\u00edtico nacional e as perspectivas para o setor de combust\u00edveis foram abordados na \u00faltima noite do Encontro. Foram convidados para o painel Guido Macedo e Ant\u00f4nio Queiroz.<\/p>\n","protected":false},"author":2,"featured_media":17270,"comment_status":"open","ping_status":"open","sticky":false,"template":"","format":"standard","meta":{"footnotes":""},"categories":[8],"tags":[32,62,25],"featured_image_url":"https:\/\/sinprofaz.org.br\/2024\/wp-content\/uploads\/2023\/12\/1-6.png","character_count":1682,"formatted_date":"06\/12\/2023 - 08:17","contentNovo":"Temas como o cen\u00e1rio pol\u00edtico nacional e as perspectivas para o setor de combust\u00edveis no Brasil foram abordados na \u00faltima noite do 21\u00ba Encontro. Al\u00e9m da presidente Iolanda Guindani, o painel final contou com as participa\u00e7\u00f5es de Guido Rog\u00e9rio Macedo Silveira Filho, vice-presidente Jur\u00eddico e de Rela\u00e7\u00f5es Institucionais da Ipiranga, membro do Conselho de Administra\u00e7\u00e3o do Sindicato Nacional das Empresas Distribuidoras de Combust\u00edveis e de Lubrificantes - Sindicom e presidente do Conselho de Administra\u00e7\u00e3o do Instituto Combust\u00edvel Legal - ICL; e de Ant\u00f4nio Augusto de Queiroz, analista pol\u00edtico, membro do Departamento Intersindical de Assessoria Parlamentar - DIAP e consultor do SINPROFAZ.\r\n\r\nParceiro de longa data, Guido Macedo representou os patrocinadores do 21\u00ba Encontro: Ipiranga, Sindicom e ICL. Na oportunidade do evento, o palestrante abordou as mais importantes quest\u00f5es tribut\u00e1rias relacionadas ao setor de combust\u00edveis no pa\u00eds. \"O mercado brasileiro de combust\u00edveis \u00e9 o 8\u00ba maior do mundo, mas nossa estrutura tribut\u00e1ria ainda \u00e9 muito complicada. Em \u00e2mbito federal, j\u00e1 tivemos muitas turbul\u00eancias, mas chegamos a um momento mais tranquilo, especialmente se comparado ao dos estados. Precisamos simplificar nossa legisla\u00e7\u00e3o. Esperamos que, com a aprova\u00e7\u00e3o da reforma, consigamos ter uma situa\u00e7\u00e3o, em termos de recolhimento de tributos, muito melhor do que h\u00e1 alguns anos.\u201d\r\n\r\nAnt\u00f4nio Augusto de Queiroz fez uma an\u00e1lise do ano sob o prisma das mudan\u00e7as no Executivo e no Legislativo federal. De acordo com o consultor pol\u00edtico, o resultado da elei\u00e7\u00e3o presidencial foi ben\u00e9fico para os servidores, que, em um eventual segundo mandato do presidente anterior, provavelmente n\u00e3o teriam espa\u00e7o para discutir reajustes. Ademais, na vis\u00e3o do consultor, \"em defesa dos PFNs, o SINPROFAZ segue fazendo um trabalho fundamental de resist\u00eancia \u00e0 reforma administrativa, de acompanhamento da ADI sobre o regime jur\u00eddico \u00fanico, de press\u00e3o para o restabelecimento das negocia\u00e7\u00f5es coletivas e de convencimento com vistas \u00e0 paridade de tratamento das Fun\u00e7\u00f5es Essenciais \u00e0 Justi\u00e7a\".\r\n\r\n<strong>Encontro do SINPROFAZ em 2024\r\n<\/strong>Ao agradecer a presen\u00e7a dos Colegas e palestrantes e declarar o encerramento do evento, Iolanda Guindani convidou a Carreira para o 22\u00ba Encontro Nacional dos Procuradores da Fazenda Nacional, a ser realizado de 28 de novembro a 1\u00ba de dezembro de 2024,\u00a0no Vila Gal\u00e9 Alagoas, em Barra de Santo Ant\u00f4nio\/AL. As inscri\u00e7\u00f5es para o evento j\u00e1 est\u00e3o abertas! Todas as informa\u00e7\u00f5es sobre o 22\u00ba Encontro constam do Edital divulgado pelo SINPROFAZ:\u00a0<a href=\"http:\/\/bit.ly\/Edital22Encontro\" target=\"_blank\" rel=\"noopener\">bit.ly\/Edital22Encontro<\/a>. \"Com muito carinho, agrade\u00e7o todas e todos pela participa\u00e7\u00e3o neste Encontro, pela amizade de sempre e pela alegria que trouxeram. Espero encontr\u00e1-los em nosso evento no ano que vem. At\u00e9 l\u00e1!\", despediu-se Iolanda Guindani.\r\n\r\n[gallery link=\"file\" ids=\"17271,17272,17273,17274,17275,17276,17277,17278\"]\r\n\r\n","_links":{"self":[{"href":"https:\/\/sinprofaz.org.br\/2024\/wp-json\/wp\/v2\/posts\/17279"}],"collection":[{"href":"https:\/\/sinprofaz.org.br\/2024\/wp-json\/wp\/v2\/posts"}],"about":[{"href":"https:\/\/sinprofaz.org.br\/2024\/wp-json\/wp\/v2\/types\/post"}],"author":[{"embeddable":true,"href":"https:\/\/sinprofaz.org.br\/2024\/wp-json\/wp\/v2\/users\/2"}],"replies":[{"embeddable":true,"href":"https:\/\/sinprofaz.org.br\/2024\/wp-json\/wp\/v2\/comments?post=17279"}],"version-history":[{"count":3,"href":"https:\/\/sinprofaz.org.br\/2024\/wp-json\/wp\/v2\/posts\/17279\/revisions"}],"predecessor-version":[{"id":17289,"href":"https:\/\/sinprofaz.org.br\/2024\/wp-json\/wp\/v2\/posts\/17279\/revisions\/17289"}],"wp:featuredmedia":[{"embeddable":true,"href":"https:\/\/sinprofaz.org.br\/2024\/wp-json\/wp\/v2\/media\/17270"}],"wp:attachment":[{"href":"https:\/\/sinprofaz.org.br\/2024\/wp-json\/wp\/v2\/media?parent=17279"}],"wp:term":[{"taxonomy":"category","embeddable":true,"href":"https:\/\/sinprofaz.org.br\/2024\/wp-json\/wp\/v2\/categories?post=17279"},{"taxonomy":"post_tag","embeddable":true,"href":"https:\/\/sinprofaz.org.br\/2024\/wp-json\/wp\/v2\/tags?post=17279"}],"curies":[{"name":"wp","href":"https:\/\/api.w.org\/{rel}","templated":true}]}}