{"id":17239,"date":"2023-12-05T08:36:44","date_gmt":"2023-12-05T11:36:44","guid":{"rendered":"http:\/\/www.sinprofaz.org.br\/?p=17239"},"modified":"2023-12-05T08:36:44","modified_gmt":"2023-12-05T11:36:44","slug":"transacao-tributaria-pauta-exposicoes-na-segunda-noite-do-21o-encontro","status":"publish","type":"post","link":"https:\/\/sinprofaz.org.br\/2024\/noticias\/transacao-tributaria-pauta-exposicoes-na-segunda-noite-do-21o-encontro\/","title":{"rendered":"TRANSA\u00c7\u00c3O TRIBUT\u00c1RIA PAUTA EXPOSI\u00c7\u00d5ES NA SEGUNDA NOITE DO 21\u00ba ENCONTRO"},"content":{"rendered":"<p>A segunda noite do 21\u00ba Encontro Nacional dos Procuradores da Fazenda Nacional contou com palestras de autoridades queridas pela Carreira. Para o painel, mediado pela diretora Ana Cristina Rodrigues Guimar\u00e3es,\u00a0foram convidados Jos\u00e9 Levi Mello do Amaral J\u00fanior, secret\u00e1rio-geral da Presid\u00eancia do Tribunal Superior Eleitoral, ex-advogado-geral da Uni\u00e3o e ex-procurador-geral da Fazenda Nacional; e Fabr\u00edcio Da Soller, subprocurador-geral da Fazenda Nacional, ex-vice-advogado-geral da Uni\u00e3o e ex-procurador-geral da Fazenda Nacional. Na ocasi\u00e3o, os palestrantes abordaram o tema central da 21\u00aa edi\u00e7\u00e3o do Encontro do SINPROFAZ: &#8220;PGFN e Transa\u00e7\u00e3o Tribut\u00e1ria&#8221;.<\/p>\n<p>Convidado para fazer uso da palavra, Jos\u00e9 Levi Mello lembrou a evolu\u00e7\u00e3o da transa\u00e7\u00e3o ao longo do tempo. Segundo o secret\u00e1rio-geral da Presid\u00eancia do TSE, o modelo de neg\u00f3cio jur\u00eddico processual trazido pelo novo C\u00f3digo de Processo Civil abriu caminho para a medida provis\u00f3ria 899\/19, posteriormente convertida na lei 13.988\/20. &#8220;Assinada em outubro de 2019, a MP se mostrou extremamente oportuna para o enfrentamento \u00e0 pandemia no vi\u00e9s da manuten\u00e7\u00e3o da atividade econ\u00f4mica. A medida provis\u00f3ria\u00a0trouxe uma nova atitude para a PGFN e novas possibilidades de atua\u00e7\u00e3o da Carreira em favor do interesse p\u00fablico&#8221;, destacou Levi, que, \u00e0 \u00e9poca da assinatura, chefiava a Procuradoria-Geral da Fazenda Nacional.<\/p>\n<p>Fabr\u00edcio Da Soller, por sua vez, ressaltou que o avan\u00e7o da transa\u00e7\u00e3o tribut\u00e1ria \u00e9 resultado de um processo de desjudicializa\u00e7\u00e3o e amadurecimento institucional. De acordo com o subprocurador-geral da Fazenda Nacional, a atua\u00e7\u00e3o da Carreira costumava ser demasiadamente voltada para o contencioso com o contribuinte: &#8220;Em certo momento, por\u00e9m, passamos a enxergar que nossa atua\u00e7\u00e3o judicial deveria se restringir \u00e0quilo que fosse absolutamente indispens\u00e1vel. Entendemos que nossa atividade se d\u00e1 em in\u00fameras frentes, ent\u00e3o oportunizamos e melhoramos a rela\u00e7\u00e3o entre a PGFN e os contribuintes. Os frutos demonstram o qu\u00e3o respons\u00e1veis fomos, enquanto institui\u00e7\u00e3o, ao adotarmos essa postura arriscada e inovadora&#8221;.<\/p>\n<p>Coube a Ana Cristina Rodrigues Guimar\u00e3es,\u00a0diretora do SINPROFAZ, o encerramento do painel, com o agradecimento ao p\u00fablico e aos convidados. Ao comentar as palestras da noite, a procuradora da Fazenda Nacional destacou que\u00a0o instituto da transa\u00e7\u00e3o reflete, de fato, o amadurecimento da PGFN, a qual se coloca como institui\u00e7\u00e3o de Estado e de enfrentamento. &#8220;Gra\u00e7as ao exitoso esfor\u00e7o para ressignifica\u00e7\u00e3o da transa\u00e7\u00e3o tribut\u00e1ria, hoje somos refer\u00eancias. O processo da transa\u00e7\u00e3o, no entanto, n\u00e3o \u00e9 estanque, acabado, definitivo. A Carreira como um todo deve se colocar \u00e0 disposi\u00e7\u00e3o para a luta em defesa dessa nossa atribui\u00e7\u00e3o. Seguimos em processo de constru\u00e7\u00e3o&#8221;, concluiu a dirigente sindical.<\/p>\n\n\t\t<style type=\"text\/css\">\n\t\t\t#gallery-1 {\n\t\t\t\tmargin: auto;\n\t\t\t}\n\t\t\t#gallery-1 .gallery-item {\n\t\t\t\tfloat: left;\n\t\t\t\tmargin-top: 10px;\n\t\t\t\ttext-align: center;\n\t\t\t\twidth: 33%;\n\t\t\t}\n\t\t\t#gallery-1 img {\n\t\t\t\tborder: 2px solid #cfcfcf;\n\t\t\t}\n\t\t\t#gallery-1 .gallery-caption {\n\t\t\t\tmargin-left: 0;\n\t\t\t}\n\t\t\t\/* see gallery_shortcode() in wp-includes\/media.php *\/\n\t\t<\/style>\n\t\t<div id='gallery-1' class='gallery galleryid-17239 gallery-columns-3 gallery-size-thumbnail'><dl class='gallery-item'>\n\t\t\t<dt class='gallery-icon landscape'>\n\t\t\t\t<a href='https:\/\/sinprofaz.org.br\/2024\/wp-content\/uploads\/2023\/12\/2.png'><img loading=\"lazy\" decoding=\"async\" width=\"150\" height=\"150\" src=\"https:\/\/sinprofaz.org.br\/2024\/wp-content\/uploads\/2023\/12\/2-150x150.png\" class=\"attachment-thumbnail size-thumbnail\" alt=\"\" \/><\/a>\n\t\t\t<\/dt><\/dl><dl class='gallery-item'>\n\t\t\t<dt class='gallery-icon landscape'>\n\t\t\t\t<a href='https:\/\/sinprofaz.org.br\/2024\/wp-content\/uploads\/2023\/12\/3.png'><img loading=\"lazy\" decoding=\"async\" width=\"150\" height=\"150\" src=\"https:\/\/sinprofaz.org.br\/2024\/wp-content\/uploads\/2023\/12\/3-150x150.png\" class=\"attachment-thumbnail size-thumbnail\" alt=\"\" \/><\/a>\n\t\t\t<\/dt><\/dl><dl class='gallery-item'>\n\t\t\t<dt class='gallery-icon landscape'>\n\t\t\t\t<a href='https:\/\/sinprofaz.org.br\/2024\/wp-content\/uploads\/2023\/12\/4.png'><img loading=\"lazy\" decoding=\"async\" width=\"150\" height=\"150\" src=\"https:\/\/sinprofaz.org.br\/2024\/wp-content\/uploads\/2023\/12\/4-150x150.png\" class=\"attachment-thumbnail size-thumbnail\" alt=\"\" \/><\/a>\n\t\t\t<\/dt><\/dl><br style=\"clear: both\" \/><dl class='gallery-item'>\n\t\t\t<dt class='gallery-icon landscape'>\n\t\t\t\t<a href='https:\/\/sinprofaz.org.br\/2024\/wp-content\/uploads\/2023\/12\/5.png'><img loading=\"lazy\" decoding=\"async\" width=\"150\" height=\"150\" src=\"https:\/\/sinprofaz.org.br\/2024\/wp-content\/uploads\/2023\/12\/5-150x150.png\" class=\"attachment-thumbnail size-thumbnail\" alt=\"\" \/><\/a>\n\t\t\t<\/dt><\/dl><dl class='gallery-item'>\n\t\t\t<dt class='gallery-icon landscape'>\n\t\t\t\t<a href='https:\/\/sinprofaz.org.br\/2024\/wp-content\/uploads\/2023\/12\/6.png'><img loading=\"lazy\" decoding=\"async\" width=\"150\" height=\"150\" src=\"https:\/\/sinprofaz.org.br\/2024\/wp-content\/uploads\/2023\/12\/6-150x150.png\" class=\"attachment-thumbnail size-thumbnail\" alt=\"\" \/><\/a>\n\t\t\t<\/dt><\/dl><dl class='gallery-item'>\n\t\t\t<dt class='gallery-icon landscape'>\n\t\t\t\t<a href='https:\/\/sinprofaz.org.br\/2024\/wp-content\/uploads\/2023\/12\/7.png'><img loading=\"lazy\" decoding=\"async\" width=\"150\" height=\"150\" src=\"https:\/\/sinprofaz.org.br\/2024\/wp-content\/uploads\/2023\/12\/7-150x150.png\" class=\"attachment-thumbnail size-thumbnail\" alt=\"\" \/><\/a>\n\t\t\t<\/dt><\/dl><br style=\"clear: both\" \/><dl class='gallery-item'>\n\t\t\t<dt class='gallery-icon landscape'>\n\t\t\t\t<a href='https:\/\/sinprofaz.org.br\/2024\/wp-content\/uploads\/2023\/12\/8.png'><img loading=\"lazy\" decoding=\"async\" width=\"150\" height=\"150\" src=\"https:\/\/sinprofaz.org.br\/2024\/wp-content\/uploads\/2023\/12\/8-150x150.png\" class=\"attachment-thumbnail size-thumbnail\" alt=\"\" \/><\/a>\n\t\t\t<\/dt><\/dl><dl class='gallery-item'>\n\t\t\t<dt class='gallery-icon landscape'>\n\t\t\t\t<a href='https:\/\/sinprofaz.org.br\/2024\/wp-content\/uploads\/2023\/12\/9.png'><img loading=\"lazy\" decoding=\"async\" width=\"150\" height=\"150\" src=\"https:\/\/sinprofaz.org.br\/2024\/wp-content\/uploads\/2023\/12\/9-150x150.png\" class=\"attachment-thumbnail size-thumbnail\" alt=\"\" \/><\/a>\n\t\t\t<\/dt><\/dl><dl class='gallery-item'>\n\t\t\t<dt class='gallery-icon landscape'>\n\t\t\t\t<a href='https:\/\/sinprofaz.org.br\/2024\/wp-content\/uploads\/2023\/12\/10.png'><img loading=\"lazy\" decoding=\"async\" width=\"150\" height=\"150\" src=\"https:\/\/sinprofaz.org.br\/2024\/wp-content\/uploads\/2023\/12\/10-150x150.png\" class=\"attachment-thumbnail size-thumbnail\" alt=\"\" \/><\/a>\n\t\t\t<\/dt><\/dl><br style=\"clear: both\" \/>\n\t\t<\/div>\n\n","protected":false},"excerpt":{"rendered":"<p>O 21\u00ba Encontro Nacional dos Procuradores da Fazenda Nacional contou com palestras de autoridades queridas pela Carreira. Para o painel mediado pela diretora Ana Cristina Rodrigues Guimar\u00e3es, foram convidados Jos\u00e9 Levi Mello e Fabr\u00edcio Da Soller.<\/p>\n","protected":false},"author":2,"featured_media":17240,"comment_status":"open","ping_status":"open","sticky":false,"template":"","format":"standard","meta":{"footnotes":""},"categories":[8],"tags":[32,62,25],"featured_image_url":"https:\/\/sinprofaz.org.br\/2024\/wp-content\/uploads\/2023\/12\/1-3.png","character_count":1678,"formatted_date":"05\/12\/2023 - 08:36","contentNovo":"A segunda noite do 21\u00ba Encontro Nacional dos Procuradores da Fazenda Nacional contou com palestras de autoridades queridas pela Carreira. Para o painel, mediado pela diretora Ana Cristina Rodrigues Guimar\u00e3es,\u00a0foram convidados Jos\u00e9 Levi Mello do Amaral J\u00fanior, secret\u00e1rio-geral da Presid\u00eancia do Tribunal Superior Eleitoral, ex-advogado-geral da Uni\u00e3o e ex-procurador-geral da Fazenda Nacional; e Fabr\u00edcio Da Soller, subprocurador-geral da Fazenda Nacional, ex-vice-advogado-geral da Uni\u00e3o e ex-procurador-geral da Fazenda Nacional. Na ocasi\u00e3o, os palestrantes abordaram o tema central da 21\u00aa edi\u00e7\u00e3o do Encontro do SINPROFAZ: \"PGFN e Transa\u00e7\u00e3o Tribut\u00e1ria\".\r\n\r\nConvidado para fazer uso da palavra, Jos\u00e9 Levi Mello lembrou a evolu\u00e7\u00e3o da transa\u00e7\u00e3o ao longo do tempo. Segundo o secret\u00e1rio-geral da Presid\u00eancia do TSE, o modelo de neg\u00f3cio jur\u00eddico processual trazido pelo novo C\u00f3digo de Processo Civil abriu caminho para a medida provis\u00f3ria 899\/19, posteriormente convertida na lei 13.988\/20. \"Assinada em outubro de 2019, a MP se mostrou extremamente oportuna para o enfrentamento \u00e0 pandemia no vi\u00e9s da manuten\u00e7\u00e3o da atividade econ\u00f4mica. A medida provis\u00f3ria\u00a0trouxe uma nova atitude para a PGFN e novas possibilidades de atua\u00e7\u00e3o da Carreira em favor do interesse p\u00fablico\", destacou Levi, que, \u00e0 \u00e9poca da assinatura, chefiava a Procuradoria-Geral da Fazenda Nacional.\r\n\r\nFabr\u00edcio Da Soller, por sua vez, ressaltou que o avan\u00e7o da transa\u00e7\u00e3o tribut\u00e1ria \u00e9 resultado de um processo de desjudicializa\u00e7\u00e3o e amadurecimento institucional. De acordo com o subprocurador-geral da Fazenda Nacional, a atua\u00e7\u00e3o da Carreira costumava ser demasiadamente voltada para o contencioso com o contribuinte: \"Em certo momento, por\u00e9m, passamos a enxergar que nossa atua\u00e7\u00e3o judicial deveria se restringir \u00e0quilo que fosse absolutamente indispens\u00e1vel. Entendemos que nossa atividade se d\u00e1 em in\u00fameras frentes, ent\u00e3o oportunizamos e melhoramos a rela\u00e7\u00e3o entre a PGFN e os contribuintes. Os frutos demonstram o qu\u00e3o respons\u00e1veis fomos, enquanto institui\u00e7\u00e3o, ao adotarmos essa postura arriscada e inovadora\".\r\n\r\nCoube a Ana Cristina Rodrigues Guimar\u00e3es,\u00a0diretora do SINPROFAZ, o encerramento do painel, com o agradecimento ao p\u00fablico e aos convidados. Ao comentar as palestras da noite, a procuradora da Fazenda Nacional destacou que\u00a0o instituto da transa\u00e7\u00e3o reflete, de fato, o amadurecimento da PGFN, a qual se coloca como institui\u00e7\u00e3o de Estado e de enfrentamento. \"Gra\u00e7as ao exitoso esfor\u00e7o para ressignifica\u00e7\u00e3o da transa\u00e7\u00e3o tribut\u00e1ria, hoje somos refer\u00eancias. O processo da transa\u00e7\u00e3o, no entanto, n\u00e3o \u00e9 estanque, acabado, definitivo. A Carreira como um todo deve se colocar \u00e0 disposi\u00e7\u00e3o para a luta em defesa dessa nossa atribui\u00e7\u00e3o. Seguimos em processo de constru\u00e7\u00e3o\", concluiu a dirigente sindical.\r\n\r\n[gallery link=\"file\" ids=\"17241,17242,17243,17244,17245,17246,17247,17248,17249\"]","_links":{"self":[{"href":"https:\/\/sinprofaz.org.br\/2024\/wp-json\/wp\/v2\/posts\/17239"}],"collection":[{"href":"https:\/\/sinprofaz.org.br\/2024\/wp-json\/wp\/v2\/posts"}],"about":[{"href":"https:\/\/sinprofaz.org.br\/2024\/wp-json\/wp\/v2\/types\/post"}],"author":[{"embeddable":true,"href":"https:\/\/sinprofaz.org.br\/2024\/wp-json\/wp\/v2\/users\/2"}],"replies":[{"embeddable":true,"href":"https:\/\/sinprofaz.org.br\/2024\/wp-json\/wp\/v2\/comments?post=17239"}],"version-history":[{"count":1,"href":"https:\/\/sinprofaz.org.br\/2024\/wp-json\/wp\/v2\/posts\/17239\/revisions"}],"predecessor-version":[{"id":17250,"href":"https:\/\/sinprofaz.org.br\/2024\/wp-json\/wp\/v2\/posts\/17239\/revisions\/17250"}],"wp:featuredmedia":[{"embeddable":true,"href":"https:\/\/sinprofaz.org.br\/2024\/wp-json\/wp\/v2\/media\/17240"}],"wp:attachment":[{"href":"https:\/\/sinprofaz.org.br\/2024\/wp-json\/wp\/v2\/media?parent=17239"}],"wp:term":[{"taxonomy":"category","embeddable":true,"href":"https:\/\/sinprofaz.org.br\/2024\/wp-json\/wp\/v2\/categories?post=17239"},{"taxonomy":"post_tag","embeddable":true,"href":"https:\/\/sinprofaz.org.br\/2024\/wp-json\/wp\/v2\/tags?post=17239"}],"curies":[{"name":"wp","href":"https:\/\/api.w.org\/{rel}","templated":true}]}}