{"id":1723,"date":"2014-04-09T14:50:23","date_gmt":"2014-04-09T14:50:23","guid":{"rendered":""},"modified":"-0001-11-30T00:00:00","modified_gmt":"-0001-11-30T03:00:00","slug":"honorarios-sinprofaz-continua-atuante-no-senado","status":"publish","type":"post","link":"https:\/\/sinprofaz.org.br\/2024\/noticias\/honorarios-sinprofaz-continua-atuante-no-senado\/","title":{"rendered":"Honor\u00e1rios: SINPROFAZ continua atuante no Senado"},"content":{"rendered":"<p><img loading=\"lazy\" decoding=\"async\" style=\"margin-right: 10px; float: left;\" alt=\"sinprofaz-continua-atuante-senado\" src=\"images\/noticias\/senado\/sinprofaz-continua-atuante-senado.jpg\" height=\"154\" width=\"218\" \/>SINPROFAZ, em atua\u00e7\u00e3o concertada, coordenada e democr\u00e1tica, trabalhou nesta ter\u00e7a-feira (8) de forma ostensiva com as demais entidades da Advocacia P\u00fablica, no Senado Federal, em favor da manuten\u00e7\u00e3o dos honor\u00e1rios no CPC.<\/p>\n<p>A semana iniciou agitada no Senado com novos contatos dos presidentes das entidades do Movimento Pr\u00f3-Honor\u00e1rios junto a senadores de v\u00e1rios partidos.<\/p>\n<p>Al\u00e9m do Presidente Her\u00e1clio Camargo, a maratona parlamentar desta ter\u00e7a-feira contou com a participa\u00e7\u00e3o da Vice-Presidente do SINPROFAZ, Liciane Ten\u00f3rio Cavalcante, do Presidente da Associa\u00e7\u00e3o dos Procuradores do Munic\u00edpio de S\u00e3o Paulo, Carlos Mour\u00e3o, da Procuradora Municipal do Rio de Janeiro, Ana Paula Machado, e da Colega Bianca Fuzzetti da UNAFE.<\/p>\n<p>O senador Antonio Carlos Rodrigues (PR-SP) foi um dos parlamentares que conversou com os dirigentes sindicais e associativos, apresentando-se muito receptivo ao pleito.<\/p>\n","protected":false},"excerpt":{"rendered":"<p>SINPROFAZ, em atua\u00e7\u00e3o concertada, coordenada e democr\u00e1tica, trabalhou nesta ter\u00e7a-feira (8) de forma ostensiva com as demais entidades da Advocacia P\u00fablica, no Senado Federal, em favor da manuten\u00e7\u00e3o dos honor\u00e1rios no CPC.<\/p>\n","protected":false},"author":1,"featured_media":0,"comment_status":"closed","ping_status":"open","sticky":false,"template":"","format":"standard","meta":{"footnotes":""},"categories":[8],"tags":[],"featured_image_url":"https:\/\/dummyimage.com\/720x400","character_count":458,"formatted_date":"09\/04\/2014 - 14:50","contentNovo":"\r\n<p>SINPROFAZ, em atua\u00e7\u00e3o concertada, coordenada e democr\u00e1tica, trabalhou nesta ter\u00e7a-feira (8) de forma ostensiva com as demais entidades da Advocacia P\u00fablica, no Senado Federal, em favor da manuten\u00e7\u00e3o dos honor\u00e1rios no CPC.<\/p>\r\n<p>A semana iniciou agitada no Senado com novos contatos dos presidentes das entidades do Movimento Pr\u00f3-Honor\u00e1rios junto a senadores de v\u00e1rios partidos.<\/p>\r\n<p>Al\u00e9m do Presidente Her\u00e1clio Camargo, a maratona parlamentar desta ter\u00e7a-feira contou com a participa\u00e7\u00e3o da Vice-Presidente do SINPROFAZ, Liciane Ten\u00f3rio Cavalcante, do Presidente da Associa\u00e7\u00e3o dos Procuradores do Munic\u00edpio de S\u00e3o Paulo, Carlos Mour\u00e3o, da Procuradora Municipal do Rio de Janeiro, Ana Paula Machado, e da Colega Bianca Fuzzetti da UNAFE.<\/p>\r\n<p>O senador Antonio Carlos Rodrigues (PR-SP) foi um dos parlamentares que conversou com os dirigentes sindicais e associativos, apresentando-se muito receptivo ao pleito.<\/p>","_links":{"self":[{"href":"https:\/\/sinprofaz.org.br\/2024\/wp-json\/wp\/v2\/posts\/1723"}],"collection":[{"href":"https:\/\/sinprofaz.org.br\/2024\/wp-json\/wp\/v2\/posts"}],"about":[{"href":"https:\/\/sinprofaz.org.br\/2024\/wp-json\/wp\/v2\/types\/post"}],"author":[{"embeddable":true,"href":"https:\/\/sinprofaz.org.br\/2024\/wp-json\/wp\/v2\/users\/1"}],"replies":[{"embeddable":true,"href":"https:\/\/sinprofaz.org.br\/2024\/wp-json\/wp\/v2\/comments?post=1723"}],"version-history":[{"count":0,"href":"https:\/\/sinprofaz.org.br\/2024\/wp-json\/wp\/v2\/posts\/1723\/revisions"}],"wp:attachment":[{"href":"https:\/\/sinprofaz.org.br\/2024\/wp-json\/wp\/v2\/media?parent=1723"}],"wp:term":[{"taxonomy":"category","embeddable":true,"href":"https:\/\/sinprofaz.org.br\/2024\/wp-json\/wp\/v2\/categories?post=1723"},{"taxonomy":"post_tag","embeddable":true,"href":"https:\/\/sinprofaz.org.br\/2024\/wp-json\/wp\/v2\/tags?post=1723"}],"curies":[{"name":"wp","href":"https:\/\/api.w.org\/{rel}","templated":true}]}}