{"id":1722,"date":"2014-04-08T16:50:25","date_gmt":"2014-04-08T16:50:25","guid":{"rendered":""},"modified":"-0001-11-30T00:00:00","modified_gmt":"-0001-11-30T03:00:00","slug":"tv-cnt-sinprofaz-conscientiza-populacao-sobre-o-desperdicio-com-sonegacao","status":"publish","type":"post","link":"https:\/\/sinprofaz.org.br\/2024\/noticias\/tv-cnt-sinprofaz-conscientiza-populacao-sobre-o-desperdicio-com-sonegacao\/","title":{"rendered":"TV CNT: SINPROFAZ conscientiza popula\u00e7\u00e3o sobre o desperd\u00edcio com sonega\u00e7\u00e3o"},"content":{"rendered":"<p><iframe loading=\"lazy\" src=\"\/\/www.youtube.com\/embed\/HqRsfBkbRcQ?rel=0\" width=\"305\" height=\"200\" allowfullscreen=\"allowfullscreen\" seamless=\"seamless\" style=\"float: left; margin-right: 10px;\"><\/iframe>Na reportagem, diretora do Sindicato, Regina Hirose, tamb\u00e9m falou sobre a import\u00e2ncia de o consumidor exigir a emiss\u00e3o de nota fiscal no consumo de produtos e servi\u00e7os.<\/p>\n<p>A mat\u00e9ria, que foi veiculada na semana em que o Sindicato realizou mais uma a\u00e7\u00e3o em Bras\u00edlia da Campanha Nacional da Justi\u00e7a Fiscal, repercutiu o alerta embutido no painel Soneg\u00f4metro: sem sonega\u00e7\u00e3o, a carta tribut\u00e1ria no Pa\u00eds poderia ser quase um ter\u00e7o menor. E este peso recai mais sobre&nbsp;o trabalhador porque o sistema tribut\u00e1rio brasileiro \u00e9 regressivo e injusto.<\/p>\n","protected":false},"excerpt":{"rendered":"<p>Na reportagem, diretora do Sindicato, Regina Hirose, tamb\u00e9m falou sobre a import\u00e2ncia de o consumidor exigir a emiss\u00e3o de nota fiscal no consumo de produtos e servi\u00e7os.<\/p>\n","protected":false},"author":1,"featured_media":0,"comment_status":"closed","ping_status":"open","sticky":false,"template":"","format":"standard","meta":{"footnotes":""},"categories":[8],"tags":[],"featured_image_url":"https:\/\/dummyimage.com\/720x400","character_count":279,"formatted_date":"08\/04\/2014 - 16:50","contentNovo":"\r\n<p>Na reportagem, diretora do Sindicato, Regina Hirose, tamb\u00e9m falou sobre a import\u00e2ncia de o consumidor exigir a emiss\u00e3o de nota fiscal no consumo de produtos e servi\u00e7os.<\/p>\r\n<p>A mat\u00e9ria, que foi veiculada na semana em que o Sindicato realizou mais uma a\u00e7\u00e3o em Bras\u00edlia da Campanha Nacional da Justi\u00e7a Fiscal, repercutiu o alerta embutido no painel Soneg\u00f4metro: sem sonega\u00e7\u00e3o, a carta tribut\u00e1ria no Pa\u00eds poderia ser quase um ter\u00e7o menor. E este peso recai mais sobre&nbsp;o trabalhador porque o sistema tribut\u00e1rio brasileiro \u00e9 regressivo e injusto.<\/p>","_links":{"self":[{"href":"https:\/\/sinprofaz.org.br\/2024\/wp-json\/wp\/v2\/posts\/1722"}],"collection":[{"href":"https:\/\/sinprofaz.org.br\/2024\/wp-json\/wp\/v2\/posts"}],"about":[{"href":"https:\/\/sinprofaz.org.br\/2024\/wp-json\/wp\/v2\/types\/post"}],"author":[{"embeddable":true,"href":"https:\/\/sinprofaz.org.br\/2024\/wp-json\/wp\/v2\/users\/1"}],"replies":[{"embeddable":true,"href":"https:\/\/sinprofaz.org.br\/2024\/wp-json\/wp\/v2\/comments?post=1722"}],"version-history":[{"count":0,"href":"https:\/\/sinprofaz.org.br\/2024\/wp-json\/wp\/v2\/posts\/1722\/revisions"}],"wp:attachment":[{"href":"https:\/\/sinprofaz.org.br\/2024\/wp-json\/wp\/v2\/media?parent=1722"}],"wp:term":[{"taxonomy":"category","embeddable":true,"href":"https:\/\/sinprofaz.org.br\/2024\/wp-json\/wp\/v2\/categories?post=1722"},{"taxonomy":"post_tag","embeddable":true,"href":"https:\/\/sinprofaz.org.br\/2024\/wp-json\/wp\/v2\/tags?post=1722"}],"curies":[{"name":"wp","href":"https:\/\/api.w.org\/{rel}","templated":true}]}}