{"id":1720,"date":"2014-04-04T12:38:09","date_gmt":"2014-04-04T12:38:09","guid":{"rendered":""},"modified":"-0001-11-30T00:00:00","modified_gmt":"-0001-11-30T03:00:00","slug":"execucao-fiscal-em-pauta-no-ii-encontro-nacional-de-procuradorias-fiscais","status":"publish","type":"post","link":"https:\/\/sinprofaz.org.br\/2024\/sem-categoria\/execucao-fiscal-em-pauta-no-ii-encontro-nacional-de-procuradorias-fiscais\/","title":{"rendered":"Execu\u00e7\u00e3o fiscal em pauta no II Encontro Nacional de Procuradorias Fiscais"},"content":{"rendered":"<p><img loading=\"lazy\" decoding=\"async\" style=\"margin-right: 10px; float: left;\" src=\"images\/stories\/ii-encontro-nacional-procuradorias-fiscais.jpg\" height=\"102\" width=\"150\" \/>Evento ocorrer\u00e1 em Salvador nos dias 24 e 25 de abril com o tema \u201cEfetiva\u00e7\u00e3o da Justi\u00e7a Tribut\u00e1ria\u201d. Inscri\u00e7\u00f5es podem ser feitas pelo site <a href=\"http:\/\/www.2encprocuradoresfiscais.com.br\" target=\"_blank\">www.2encprocuradoresfiscais.com.br<\/a><\/p>\n<p>Na vis\u00e3o dos organizadores do Encontro, o aprimoramento da cobran\u00e7a da d\u00edvida ativa compreende a reuni\u00e3o das experi\u00eancias exitosas da advocacia p\u00fablica, que tamb\u00e9m pode ser instrumento de promo\u00e7\u00e3o da justi\u00e7a tribut\u00e1ria. O evento \u00e9 promovido pela APEB (Associa\u00e7\u00e3o dos Procuradores do Estado da Bahia) e Anape (Associa\u00e7\u00e3o Nacional dos Procuradores de Estado).<\/p>\n<p>Tr\u00eas palestras v\u00e3o ancorar a tem\u00e1tica do Encontro: Lei de Informa\u00e7\u00e3o e Sigilo Fiscal, &nbsp;Desjudiciliza\u00e7\u00e3o da Execu\u00e7\u00e3o Fiscal e Responsabiliza\u00e7\u00e3o dos s\u00f3cios na inadimpl\u00eancia deliberada.<\/p>\n<p><\/p>\n<p>As oficinas do evento s\u00e3o as seguintes:<\/p>\n<p><strong>Oficina 1<\/strong> \u2013 Experi\u00eancias em Transa\u00e7\u00e3o, C\u00e2maras de Media\u00e7\u00e3o e Arbitragem e Juizados Especiais C\u00edveis em mat\u00e9ria tribut\u00e1ria.<\/p>\n<p><strong>Oficina 2<\/strong> \u2013 Negativa\u00e7\u00e3o do Contribuinte &#8211; Protesto, CADIN, Serasa e SPC.<\/p>\n<p><strong>Oficina 3<\/strong> \u2013 Constitui\u00e7\u00e3o de N\u00facleos de Intelig\u00eancia nas PGE\u00b4s e integra\u00e7\u00e3o de informa\u00e7\u00f5es cadastrais.<\/p>\n<p><strong>Oficina 4<\/strong> \u2013 Invent\u00e1rio Extrajudicial e a efetividade do auto-lan\u00e7amento.<\/p>\n<p><strong>Oficina 5<\/strong> \u2013 Investiga\u00e7\u00e3o e Prote\u00e7\u00e3o Patrimoniais, Factorings e Empresas \u201cFrias\u201d.<\/p>\n<p><strong>Oficina 6<\/strong> \u2013 Processo eletr\u00f4nico, software espec\u00edfico para gest\u00e3o da execu\u00e7\u00e3o fiscal e da cobran\u00e7a judicial da d\u00edvida fiscal.<\/p>\n<p><strong>Oficina 7<\/strong> \u2013 Prescri\u00e7\u00e3o tribut\u00e1ria e responsabilidade do Judici\u00e1rio na sua decreta\u00e7\u00e3o.<\/p>\n<p><strong>Oficina 8<\/strong> \u2013 Efetividade da Cobran\u00e7a e Averba\u00e7\u00e3o Premonit\u00f3ria, Aliena\u00e7\u00e3o por Iniciativa Particular e BACENJUD.<\/p>\n","protected":false},"excerpt":{"rendered":"<p><img loading=\"lazy\" decoding=\"async\" style=\"margin-right: 10px; float: left;\" alt=\"ii-encontro-nacional-procuradorias-fiscais-mini\" src=\"images\/stories\/ii-encontro-nacional-procuradorias-fiscais-mini.jpg\" height=\"110\" width=\"110\" \/>Evento ocorrer\u00e1 em Salvador nos dias 24 e 25 de abril com o tema \u201cEfetiva\u00e7\u00e3o da Justi\u00e7a Tribut\u00e1ria\u201d. Inscri\u00e7\u00f5es podem ser feitas pelo site do evento.<\/p>\n","protected":false},"author":1,"featured_media":0,"comment_status":"closed","ping_status":"open","sticky":false,"template":"","format":"standard","meta":{"footnotes":""},"categories":[1],"tags":[],"featured_image_url":"https:\/\/dummyimage.com\/720x400","character_count":823,"formatted_date":"04\/04\/2014 - 12:38","contentNovo":"\r\n<p>Evento ocorrer\u00e1 em Salvador nos dias 24 e 25 de abril com o tema \u201cEfetiva\u00e7\u00e3o da Justi\u00e7a Tribut\u00e1ria\u201d. Inscri\u00e7\u00f5es podem ser feitas pelo site <a href=\"http:\/\/www.2encprocuradoresfiscais.com.br\" target=\"_blank\">www.2encprocuradoresfiscais.com.br<\/a><\/p>\r\n<p>Na vis\u00e3o dos organizadores do Encontro, o aprimoramento da cobran\u00e7a da d\u00edvida ativa compreende a reuni\u00e3o das experi\u00eancias exitosas da advocacia p\u00fablica, que tamb\u00e9m pode ser instrumento de promo\u00e7\u00e3o da justi\u00e7a tribut\u00e1ria. O evento \u00e9 promovido pela APEB (Associa\u00e7\u00e3o dos Procuradores do Estado da Bahia) e Anape (Associa\u00e7\u00e3o Nacional dos Procuradores de Estado).<\/p>\r\n<p>Tr\u00eas palestras v\u00e3o ancorar a tem\u00e1tica do Encontro: Lei de Informa\u00e7\u00e3o e Sigilo Fiscal, &nbsp;Desjudiciliza\u00e7\u00e3o da Execu\u00e7\u00e3o Fiscal e Responsabiliza\u00e7\u00e3o dos s\u00f3cios na inadimpl\u00eancia deliberada.<\/p>\r\n\r\n<p>As oficinas do evento s\u00e3o as seguintes:<\/p>\r\n<p><strong>Oficina 1<\/strong> \u2013 Experi\u00eancias em Transa\u00e7\u00e3o, C\u00e2maras de Media\u00e7\u00e3o e Arbitragem e Juizados Especiais C\u00edveis em mat\u00e9ria tribut\u00e1ria.<\/p>\r\n<p><strong>Oficina 2<\/strong> \u2013 Negativa\u00e7\u00e3o do Contribuinte - Protesto, CADIN, Serasa e SPC.<\/p>\r\n<p><strong>Oficina 3<\/strong> \u2013 Constitui\u00e7\u00e3o de N\u00facleos de Intelig\u00eancia nas PGE\u00b4s e integra\u00e7\u00e3o de informa\u00e7\u00f5es cadastrais.<\/p>\r\n<p><strong>Oficina 4<\/strong> \u2013 Invent\u00e1rio Extrajudicial e a efetividade do auto-lan\u00e7amento.<\/p>\r\n<p><strong>Oficina 5<\/strong> \u2013 Investiga\u00e7\u00e3o e Prote\u00e7\u00e3o Patrimoniais, Factorings e Empresas \u201cFrias\u201d.<\/p>\r\n<p><strong>Oficina 6<\/strong> \u2013 Processo eletr\u00f4nico, software espec\u00edfico para gest\u00e3o da execu\u00e7\u00e3o fiscal e da cobran\u00e7a judicial da d\u00edvida fiscal.<\/p>\r\n<p><strong>Oficina 7<\/strong> \u2013 Prescri\u00e7\u00e3o tribut\u00e1ria e responsabilidade do Judici\u00e1rio na sua decreta\u00e7\u00e3o.<\/p>\r\n<p><strong>Oficina 8<\/strong> \u2013 Efetividade da Cobran\u00e7a e Averba\u00e7\u00e3o Premonit\u00f3ria, Aliena\u00e7\u00e3o por Iniciativa Particular e BACENJUD.<\/p>","_links":{"self":[{"href":"https:\/\/sinprofaz.org.br\/2024\/wp-json\/wp\/v2\/posts\/1720"}],"collection":[{"href":"https:\/\/sinprofaz.org.br\/2024\/wp-json\/wp\/v2\/posts"}],"about":[{"href":"https:\/\/sinprofaz.org.br\/2024\/wp-json\/wp\/v2\/types\/post"}],"author":[{"embeddable":true,"href":"https:\/\/sinprofaz.org.br\/2024\/wp-json\/wp\/v2\/users\/1"}],"replies":[{"embeddable":true,"href":"https:\/\/sinprofaz.org.br\/2024\/wp-json\/wp\/v2\/comments?post=1720"}],"version-history":[{"count":0,"href":"https:\/\/sinprofaz.org.br\/2024\/wp-json\/wp\/v2\/posts\/1720\/revisions"}],"wp:attachment":[{"href":"https:\/\/sinprofaz.org.br\/2024\/wp-json\/wp\/v2\/media?parent=1720"}],"wp:term":[{"taxonomy":"category","embeddable":true,"href":"https:\/\/sinprofaz.org.br\/2024\/wp-json\/wp\/v2\/categories?post=1720"},{"taxonomy":"post_tag","embeddable":true,"href":"https:\/\/sinprofaz.org.br\/2024\/wp-json\/wp\/v2\/tags?post=1720"}],"curies":[{"name":"wp","href":"https:\/\/api.w.org\/{rel}","templated":true}]}}