{"id":1715,"date":"2014-04-02T20:08:18","date_gmt":"2014-04-02T20:08:18","guid":{"rendered":""},"modified":"-0001-11-30T00:00:00","modified_gmt":"-0001-11-30T03:00:00","slug":"honorarios-substitutivo-da-camara-sera-examinado-por-comissao-especial-do-senado","status":"publish","type":"post","link":"https:\/\/sinprofaz.org.br\/2024\/sem-categoria\/honorarios-substitutivo-da-camara-sera-examinado-por-comissao-especial-do-senado\/","title":{"rendered":"Honor\u00e1rios: substitutivo da C\u00e2mara ser\u00e1 examinado por comiss\u00e3o especial do Senado"},"content":{"rendered":"<p>A comiss\u00e3o deve ser composta por onze senadores, cabendo as lideran\u00e7as partid\u00e1rias a indica\u00e7\u00e3o dos seus respectivos representantes no colegiado.<\/p>\n<p>Ap\u00f3s a vota\u00e7\u00e3o em Comiss\u00e3o Especial, o SCD 166\/2010 ser\u00e1 apreciado pelo plen\u00e1rio do Senado Federal.<\/p>\n<p>Cabe salientar, por fim, que a mat\u00e9ria apenas ser\u00e1 encaminhada \u00e0 Comiss\u00e3o de Constitui\u00e7\u00e3o e Justi\u00e7a (CCJ) se houver requerimento nesse sentido.<\/p>\n","protected":false},"excerpt":{"rendered":"<p>A presid\u00eancia do Senado Federal decidiu constituir comiss\u00e3o especial destinada a emitir parecer ao Substitutivo da C\u00e2mara dos Deputados ao PLS 166\/2010 (SCD 166\/2010), que reformula o C\u00f3digo de Processo Civil \u2013 CPC.<\/p>\n","protected":false},"author":1,"featured_media":0,"comment_status":"closed","ping_status":"open","sticky":false,"template":"","format":"standard","meta":{"footnotes":""},"categories":[8,1],"tags":[],"featured_image_url":"https:\/\/dummyimage.com\/720x400","character_count":204,"formatted_date":"02\/04\/2014 - 20:08","contentNovo":"\r\n<p>A comiss\u00e3o deve ser composta por onze senadores, cabendo as lideran\u00e7as partid\u00e1rias a indica\u00e7\u00e3o dos seus respectivos representantes no colegiado.<\/p>\r\n<p>Ap\u00f3s a vota\u00e7\u00e3o em Comiss\u00e3o Especial, o SCD 166\/2010 ser\u00e1 apreciado pelo plen\u00e1rio do Senado Federal.<\/p>\r\n<p>Cabe salientar, por fim, que a mat\u00e9ria apenas ser\u00e1 encaminhada \u00e0 Comiss\u00e3o de Constitui\u00e7\u00e3o e Justi\u00e7a (CCJ) se houver requerimento nesse sentido.<\/p>","_links":{"self":[{"href":"https:\/\/sinprofaz.org.br\/2024\/wp-json\/wp\/v2\/posts\/1715"}],"collection":[{"href":"https:\/\/sinprofaz.org.br\/2024\/wp-json\/wp\/v2\/posts"}],"about":[{"href":"https:\/\/sinprofaz.org.br\/2024\/wp-json\/wp\/v2\/types\/post"}],"author":[{"embeddable":true,"href":"https:\/\/sinprofaz.org.br\/2024\/wp-json\/wp\/v2\/users\/1"}],"replies":[{"embeddable":true,"href":"https:\/\/sinprofaz.org.br\/2024\/wp-json\/wp\/v2\/comments?post=1715"}],"version-history":[{"count":0,"href":"https:\/\/sinprofaz.org.br\/2024\/wp-json\/wp\/v2\/posts\/1715\/revisions"}],"wp:attachment":[{"href":"https:\/\/sinprofaz.org.br\/2024\/wp-json\/wp\/v2\/media?parent=1715"}],"wp:term":[{"taxonomy":"category","embeddable":true,"href":"https:\/\/sinprofaz.org.br\/2024\/wp-json\/wp\/v2\/categories?post=1715"},{"taxonomy":"post_tag","embeddable":true,"href":"https:\/\/sinprofaz.org.br\/2024\/wp-json\/wp\/v2\/tags?post=1715"}],"curies":[{"name":"wp","href":"https:\/\/api.w.org\/{rel}","templated":true}]}}