{"id":17145,"date":"2023-11-13T08:29:11","date_gmt":"2023-11-13T11:29:11","guid":{"rendered":"http:\/\/www.sinprofaz.org.br\/?p=17145"},"modified":"2023-11-14T11:00:04","modified_gmt":"2023-11-14T14:00:04","slug":"sinprofaz-e-recebido-no-gabinete-do-senador-paulo-paim-pt-rs","status":"publish","type":"post","link":"https:\/\/sinprofaz.org.br\/2024\/noticias\/sinprofaz-e-recebido-no-gabinete-do-senador-paulo-paim-pt-rs\/","title":{"rendered":"SINPROFAZ \u00c9 RECEBIDO NO GABINETE DO SENADOR PAULO PAIM (PT\/RS)"},"content":{"rendered":"<p>A presidente Iolanda Guindani representou o SINPROFAZ em reuni\u00e3o com o senador Paulo Paim (PT\/RS). O encontro, realizado na quinta-feira (9), no gabinete do parlamentar em Bras\u00edlia\/DF, foi promovido pelo\u00a0F\u00f3rum Nacional Permanente de Carreiras T\u00edpicas de Estado &#8211; Fonacate. Em pauta, assuntos pertinentes aos sindicatos e \u00e0s associa\u00e7\u00f5es, com destaque para o\u00a0tema da prote\u00e7\u00e3o e valoriza\u00e7\u00e3o das entidades representativas do funcionalismo p\u00fablico.<\/p>\n<p>Ao se dirigir a Paulo Paim, a presidente do SINPROFAZ agradeceu o apoio sempre franqueado aos servidores p\u00fablicos e, especialmente, aos Membros da Advocacia P\u00fablica Federal. Em tempo, Iolanda Guindani ressaltou a experi\u00eancia pol\u00edtica do senador e sua longeva contribui\u00e7\u00e3o ao pa\u00eds: Paim \u00e9 o \u00fanico parlamentar que integrou a Assembleia Constituinte de 1987 e que, desde ent\u00e3o,\u00a0exerceu mandatos consecutivos no Congresso Nacional. &#8220;Essa singularidade demonstra a relev\u00e2ncia do trabalho realizado por Vossa Excel\u00eancia nesses mais de 30 anos de atua\u00e7\u00e3o pol\u00edtica&#8221;, destacou a dirigente sindical.<\/p>\n<p><strong>Obra autografada<\/strong><br \/>\nNa oportunidade da reuni\u00e3o, a pedido da presidente\u00a0Iolanda Guindani, Paulo Paim autografou um exemplar da obra &#8220;Brasil, o grito calado: Reflex\u00f5es na pandemia&#8221;. Lan\u00e7ada na Feira do Livro de Porto Alegre\/RS no in\u00edcio deste m\u00eas, a obra conta com 64 artigos, escritos pelo senador ga\u00facho, sobre os impactos da pandemia da Covid-19. Coube \u00e0\u00a0Editora do Senado a publica\u00e7\u00e3o da obra, impressa na cota a que os parlamentares t\u00eam direito. O livro vem sendo distribu\u00eddo gratuitamente no formato f\u00edsico.<\/p>\n\n\t\t<style type=\"text\/css\">\n\t\t\t#gallery-1 {\n\t\t\t\tmargin: auto;\n\t\t\t}\n\t\t\t#gallery-1 .gallery-item {\n\t\t\t\tfloat: left;\n\t\t\t\tmargin-top: 10px;\n\t\t\t\ttext-align: center;\n\t\t\t\twidth: 33%;\n\t\t\t}\n\t\t\t#gallery-1 img {\n\t\t\t\tborder: 2px solid #cfcfcf;\n\t\t\t}\n\t\t\t#gallery-1 .gallery-caption {\n\t\t\t\tmargin-left: 0;\n\t\t\t}\n\t\t\t\/* see gallery_shortcode() in wp-includes\/media.php *\/\n\t\t<\/style>\n\t\t<div id='gallery-1' class='gallery galleryid-17145 gallery-columns-3 gallery-size-thumbnail'><dl class='gallery-item'>\n\t\t\t<dt class='gallery-icon landscape'>\n\t\t\t\t<a href='https:\/\/sinprofaz.org.br\/2024\/wp-content\/uploads\/2023\/11\/2-3.png'><img loading=\"lazy\" decoding=\"async\" width=\"150\" height=\"150\" src=\"https:\/\/sinprofaz.org.br\/2024\/wp-content\/uploads\/2023\/11\/2-3-150x150.png\" class=\"attachment-thumbnail size-thumbnail\" alt=\"\" \/><\/a>\n\t\t\t<\/dt><\/dl><dl class='gallery-item'>\n\t\t\t<dt class='gallery-icon landscape'>\n\t\t\t\t<a href='https:\/\/sinprofaz.org.br\/2024\/wp-content\/uploads\/2023\/11\/3-3.png'><img loading=\"lazy\" decoding=\"async\" width=\"150\" height=\"150\" src=\"https:\/\/sinprofaz.org.br\/2024\/wp-content\/uploads\/2023\/11\/3-3-150x150.png\" class=\"attachment-thumbnail size-thumbnail\" alt=\"\" \/><\/a>\n\t\t\t<\/dt><\/dl><dl class='gallery-item'>\n\t\t\t<dt class='gallery-icon landscape'>\n\t\t\t\t<a href='https:\/\/sinprofaz.org.br\/2024\/wp-content\/uploads\/2023\/11\/4-2.png'><img loading=\"lazy\" decoding=\"async\" width=\"150\" height=\"150\" src=\"https:\/\/sinprofaz.org.br\/2024\/wp-content\/uploads\/2023\/11\/4-2-150x150.png\" class=\"attachment-thumbnail size-thumbnail\" alt=\"\" \/><\/a>\n\t\t\t<\/dt><\/dl><br style=\"clear: both\" \/>\n\t\t<\/div>\n\n<p><!-- notionvc: 037ba5f1-cf6b-4433-9a44-82a65c637ec1 --><\/p>\n","protected":false},"excerpt":{"rendered":"<p>Ao se dirigir a Paulo Paim, a presidente do SINPROFAZ agradeceu o apoio sempre franqueado aos Membros da Advocacia P\u00fablica Federal. Em tempo, Iolanda Guindani ressaltou a experi\u00eancia pol\u00edtica do senador e sua longeva contribui\u00e7\u00e3o ao pa\u00eds.<\/p>\n","protected":false},"author":2,"featured_media":17146,"comment_status":"open","ping_status":"open","sticky":false,"template":"","format":"standard","meta":{"footnotes":""},"categories":[8],"tags":[122,53,25],"featured_image_url":"https:\/\/sinprofaz.org.br\/2024\/wp-content\/uploads\/2023\/11\/1-3.png","character_count":998,"formatted_date":"13\/11\/2023 - 08:29","contentNovo":"A presidente Iolanda Guindani representou o SINPROFAZ em reuni\u00e3o com o senador Paulo Paim (PT\/RS). O encontro, realizado na quinta-feira (9), no gabinete do parlamentar em Bras\u00edlia\/DF, foi promovido pelo\u00a0F\u00f3rum Nacional Permanente de Carreiras T\u00edpicas de Estado - Fonacate. Em pauta, assuntos pertinentes aos sindicatos e \u00e0s associa\u00e7\u00f5es, com destaque para o\u00a0tema da prote\u00e7\u00e3o e valoriza\u00e7\u00e3o das entidades representativas do funcionalismo p\u00fablico.\r\n\r\nAo se dirigir a Paulo Paim, a presidente do SINPROFAZ agradeceu o apoio sempre franqueado aos servidores p\u00fablicos e, especialmente, aos Membros da Advocacia P\u00fablica Federal. Em tempo, Iolanda Guindani ressaltou a experi\u00eancia pol\u00edtica do senador e sua longeva contribui\u00e7\u00e3o ao pa\u00eds: Paim \u00e9 o \u00fanico parlamentar que integrou a Assembleia Constituinte de 1987 e que, desde ent\u00e3o,\u00a0exerceu mandatos consecutivos no Congresso Nacional. \"Essa singularidade demonstra a relev\u00e2ncia do trabalho realizado por Vossa Excel\u00eancia nesses mais de 30 anos de atua\u00e7\u00e3o pol\u00edtica\", destacou a dirigente sindical.\r\n\r\n<strong>Obra autografada<\/strong>\r\nNa oportunidade da reuni\u00e3o, a pedido da presidente\u00a0Iolanda Guindani, Paulo Paim autografou um exemplar da obra \"Brasil, o grito calado: Reflex\u00f5es na pandemia\". Lan\u00e7ada na Feira do Livro de Porto Alegre\/RS no in\u00edcio deste m\u00eas, a obra conta com 64 artigos, escritos pelo senador ga\u00facho, sobre os impactos da pandemia da Covid-19. Coube \u00e0\u00a0Editora do Senado a publica\u00e7\u00e3o da obra, impressa na cota a que os parlamentares t\u00eam direito. O livro vem sendo distribu\u00eddo gratuitamente no formato f\u00edsico.\r\n\r\n[gallery link=\"file\" ids=\"17147,17148,17149\"]\r\n\r\n","_links":{"self":[{"href":"https:\/\/sinprofaz.org.br\/2024\/wp-json\/wp\/v2\/posts\/17145"}],"collection":[{"href":"https:\/\/sinprofaz.org.br\/2024\/wp-json\/wp\/v2\/posts"}],"about":[{"href":"https:\/\/sinprofaz.org.br\/2024\/wp-json\/wp\/v2\/types\/post"}],"author":[{"embeddable":true,"href":"https:\/\/sinprofaz.org.br\/2024\/wp-json\/wp\/v2\/users\/2"}],"replies":[{"embeddable":true,"href":"https:\/\/sinprofaz.org.br\/2024\/wp-json\/wp\/v2\/comments?post=17145"}],"version-history":[{"count":2,"href":"https:\/\/sinprofaz.org.br\/2024\/wp-json\/wp\/v2\/posts\/17145\/revisions"}],"predecessor-version":[{"id":17160,"href":"https:\/\/sinprofaz.org.br\/2024\/wp-json\/wp\/v2\/posts\/17145\/revisions\/17160"}],"wp:featuredmedia":[{"embeddable":true,"href":"https:\/\/sinprofaz.org.br\/2024\/wp-json\/wp\/v2\/media\/17146"}],"wp:attachment":[{"href":"https:\/\/sinprofaz.org.br\/2024\/wp-json\/wp\/v2\/media?parent=17145"}],"wp:term":[{"taxonomy":"category","embeddable":true,"href":"https:\/\/sinprofaz.org.br\/2024\/wp-json\/wp\/v2\/categories?post=17145"},{"taxonomy":"post_tag","embeddable":true,"href":"https:\/\/sinprofaz.org.br\/2024\/wp-json\/wp\/v2\/tags?post=17145"}],"curies":[{"name":"wp","href":"https:\/\/api.w.org\/{rel}","templated":true}]}}