{"id":17135,"date":"2023-11-10T08:29:40","date_gmt":"2023-11-10T11:29:40","guid":{"rendered":"http:\/\/www.sinprofaz.org.br\/?p=17135"},"modified":"2023-11-13T13:39:29","modified_gmt":"2023-11-13T16:39:29","slug":"sinprofaz-compoe-mesa-de-abertura-em-congresso-sobre-a-reforma-tributaria","status":"publish","type":"post","link":"https:\/\/sinprofaz.org.br\/2024\/noticias\/sinprofaz-compoe-mesa-de-abertura-em-congresso-sobre-a-reforma-tributaria\/","title":{"rendered":"SINPROFAZ COMP\u00d5E MESA DE ABERTURA EM CONGRESSO SOBRE A REFORMA TRIBUT\u00c1RIA"},"content":{"rendered":"<p>O SINPROFAZ, representado pela presidente Iolanda Guindani, comp\u00f4s a mesa de abertura do <em>Congresso Internacional Reforma Tribut\u00e1ria: Impactos Econ\u00f4micos e Jur\u00eddicos<\/em>. Coordenado pelo filiado Leonardo Alvim, o evento ocorreu nos dias 7 e 8 de novembro, com debates sobre a redu\u00e7\u00e3o do contencioso, a tributa\u00e7\u00e3o sobre a renda e o consumo, o formato e as atribui\u00e7\u00f5es do conselho federativo, entre outros temas. A Dom Helder Escola Superior, em Belo Horizonte\/MG, sediou o Congresso, que foi o primeiro em Minas Gerais a contar com a participa\u00e7\u00e3o da equipe diretamente envolvida na reforma tribut\u00e1ria.<\/p>\n<p>Ao lado de Iolanda Guindani na cerim\u00f4nia de abertura, estiveram o presidente da mesa, Leonardo Alvim; a procuradora-geral da Fazenda Nacional, Anelize Ruas; o advogado-geral do Estado de Minas Gerais, S\u00e9rgio Pessoa; o secret\u00e1rio de Fazenda Adjunto de Minas Gerais, Luiz\u00a0Claudio\u00a0Gomes; o chefe da PRFN 6\u00aa Regi\u00e3o, Ranulfo Alexandre; o advogado e professor Valter Lobato, al\u00e9m do secret\u00e1rio extraordin\u00e1rio da reforma tribut\u00e1ria, Bernard Appy, que participou da mesa de maneira remota. Ao fazer uso da palavra, a presidente do SINPROFAZ abordou aspectos relacionados especialmente \u00e0 gest\u00e3o do IBS e da CBS.<\/p>\n<p>&#8220;Ainda precisamos avan\u00e7ar em pautas como a cria\u00e7\u00e3o de um foro, estadual ou federal, de \u00e2mbito nacional, comum ao imposto sobre bens e servi\u00e7os (IBS) e \u00e0 contribui\u00e7\u00e3o sobre bens e servi\u00e7os (CBS), bem como em uma a\u00e7\u00e3o nacional de legalidade tribut\u00e1ria, diretamente ao Superior Tribunal de Justi\u00e7a. Para que tenhamos uma \u00f3tima operabilidade dos novos tributos, sob o aspecto judicial, al\u00e9m de uma reforma tribut\u00e1ria realmente efetiva para a sociedade, o SINPROFAZ se manter\u00e1 vigilante a essas pautas, que certamente voltar\u00e3o ao debate&#8221;, discursou Iolanda Guindani durante a abertura do Congresso.<\/p>\n<p>Por fim, a dirigente sindical teceu elogios ao grupo de trabalho criado no \u00e2mbito da Advocacia-Geral da Uni\u00e3o para sugerir aperfei\u00e7oamentos \u00e0 PEC da reforma tribut\u00e1ria. Al\u00e9m dos procuradores da Fazenda Nacional filiados Leonardo Alvim (coordenador do GT), Jo\u00e3o Grognet, Lana Borges e Manoel Tavares, o grupo reuniu procuradores dos Estados e dos Munic\u00edpios. &#8220;Uma das propostas do grupo de trabalho j\u00e1 foi aceita: o comit\u00ea gestor a ser criado n\u00e3o poder\u00e1 ter carreira pr\u00f3pria de procuradores, o que demonstra o alinhamento entre a reforma tribut\u00e1ria e o pacto federativo&#8221;, destacou a presidente do SINPROFAZ.<\/p>\n<p><!-- notionvc: 9ca5d1ab-9b74-4034-8443-1b1a202f29be --><\/p>\n\n\t\t<style type=\"text\/css\">\n\t\t\t#gallery-1 {\n\t\t\t\tmargin: auto;\n\t\t\t}\n\t\t\t#gallery-1 .gallery-item {\n\t\t\t\tfloat: left;\n\t\t\t\tmargin-top: 10px;\n\t\t\t\ttext-align: center;\n\t\t\t\twidth: 33%;\n\t\t\t}\n\t\t\t#gallery-1 img {\n\t\t\t\tborder: 2px solid #cfcfcf;\n\t\t\t}\n\t\t\t#gallery-1 .gallery-caption {\n\t\t\t\tmargin-left: 0;\n\t\t\t}\n\t\t\t\/* see gallery_shortcode() in wp-includes\/media.php *\/\n\t\t<\/style>\n\t\t<div id='gallery-1' class='gallery galleryid-17135 gallery-columns-3 gallery-size-thumbnail'><dl class='gallery-item'>\n\t\t\t<dt class='gallery-icon landscape'>\n\t\t\t\t<a href='https:\/\/sinprofaz.org.br\/2024\/wp-content\/uploads\/2023\/11\/2-2.png'><img loading=\"lazy\" decoding=\"async\" width=\"150\" height=\"150\" src=\"https:\/\/sinprofaz.org.br\/2024\/wp-content\/uploads\/2023\/11\/2-2-150x150.png\" class=\"attachment-thumbnail size-thumbnail\" alt=\"\" \/><\/a>\n\t\t\t<\/dt><\/dl><dl class='gallery-item'>\n\t\t\t<dt class='gallery-icon landscape'>\n\t\t\t\t<a href='https:\/\/sinprofaz.org.br\/2024\/wp-content\/uploads\/2023\/11\/3-2.png'><img loading=\"lazy\" decoding=\"async\" width=\"150\" height=\"150\" src=\"https:\/\/sinprofaz.org.br\/2024\/wp-content\/uploads\/2023\/11\/3-2-150x150.png\" class=\"attachment-thumbnail size-thumbnail\" alt=\"\" \/><\/a>\n\t\t\t<\/dt><\/dl><dl class='gallery-item'>\n\t\t\t<dt class='gallery-icon landscape'>\n\t\t\t\t<a href='https:\/\/sinprofaz.org.br\/2024\/wp-content\/uploads\/2023\/11\/sinprofaz.png'><img loading=\"lazy\" decoding=\"async\" width=\"150\" height=\"150\" src=\"https:\/\/sinprofaz.org.br\/2024\/wp-content\/uploads\/2023\/11\/sinprofaz-150x150.png\" class=\"attachment-thumbnail size-thumbnail\" alt=\"\" \/><\/a>\n\t\t\t<\/dt><\/dl><br style=\"clear: both\" \/>\n\t\t<\/div>\n\n","protected":false},"excerpt":{"rendered":"<p>Iolanda Guindani comp\u00f4s a mesa de abertura do &#8220;Congresso Internacional Reforma Tribut\u00e1ria: Impactos Econ\u00f4micos e Jur\u00eddicos&#8221;. Coordenado pelo filiado Leonardo Alvim, o evento ocorreu nos dias 7 e 8 de novembro, na Dom Helder Escola Superior, em Belo Horizonte\/MG.<\/p>\n","protected":false},"author":2,"featured_media":17136,"comment_status":"open","ping_status":"open","sticky":false,"template":"","format":"standard","meta":{"footnotes":""},"categories":[8],"tags":[32,128,25],"featured_image_url":"https:\/\/sinprofaz.org.br\/2024\/wp-content\/uploads\/2023\/11\/1-2.png","character_count":1431,"formatted_date":"10\/11\/2023 - 08:29","contentNovo":"O SINPROFAZ, representado pela presidente Iolanda Guindani, comp\u00f4s a mesa de abertura do <em>Congresso Internacional Reforma Tribut\u00e1ria: Impactos Econ\u00f4micos e Jur\u00eddicos<\/em>. Coordenado pelo filiado Leonardo Alvim, o evento ocorreu nos dias 7 e 8 de novembro, com debates sobre a redu\u00e7\u00e3o do contencioso, a tributa\u00e7\u00e3o sobre a renda e o consumo, o formato e as atribui\u00e7\u00f5es do conselho federativo, entre outros temas. A Dom Helder Escola Superior, em Belo Horizonte\/MG, sediou o Congresso, que foi o primeiro em Minas Gerais a contar com a participa\u00e7\u00e3o da equipe diretamente envolvida na reforma tribut\u00e1ria.\r\n\r\nAo lado de Iolanda Guindani na cerim\u00f4nia de abertura, estiveram o presidente da mesa, Leonardo Alvim; a procuradora-geral da Fazenda Nacional, Anelize Ruas; o advogado-geral do Estado de Minas Gerais, S\u00e9rgio Pessoa; o secret\u00e1rio de Fazenda Adjunto de Minas Gerais, Luiz\u00a0Claudio\u00a0Gomes; o chefe da PRFN 6\u00aa Regi\u00e3o, Ranulfo Alexandre; o advogado e professor Valter Lobato, al\u00e9m do secret\u00e1rio extraordin\u00e1rio da reforma tribut\u00e1ria, Bernard Appy, que participou da mesa de maneira remota. Ao fazer uso da palavra, a presidente do SINPROFAZ abordou aspectos relacionados especialmente \u00e0 gest\u00e3o do IBS e da CBS.\r\n\r\n\"Ainda precisamos avan\u00e7ar em pautas como a cria\u00e7\u00e3o de um foro, estadual ou federal, de \u00e2mbito nacional, comum ao imposto sobre bens e servi\u00e7os (IBS) e \u00e0 contribui\u00e7\u00e3o sobre bens e servi\u00e7os (CBS), bem como em uma a\u00e7\u00e3o nacional de legalidade tribut\u00e1ria, diretamente ao Superior Tribunal de Justi\u00e7a. Para que tenhamos uma \u00f3tima operabilidade dos novos tributos, sob o aspecto judicial, al\u00e9m de uma reforma tribut\u00e1ria realmente efetiva para a sociedade, o SINPROFAZ se manter\u00e1 vigilante a essas pautas, que certamente voltar\u00e3o ao debate\", discursou Iolanda Guindani durante a abertura do Congresso.\r\n\r\nPor fim, a dirigente sindical teceu elogios ao grupo de trabalho criado no \u00e2mbito da Advocacia-Geral da Uni\u00e3o para sugerir aperfei\u00e7oamentos \u00e0 PEC da reforma tribut\u00e1ria. Al\u00e9m dos procuradores da Fazenda Nacional filiados Leonardo Alvim (coordenador do GT), Jo\u00e3o Grognet, Lana Borges e Manoel Tavares, o grupo reuniu procuradores dos Estados e dos Munic\u00edpios. \"Uma das propostas do grupo de trabalho j\u00e1 foi aceita: o comit\u00ea gestor a ser criado n\u00e3o poder\u00e1 ter carreira pr\u00f3pria de procuradores, o que demonstra o alinhamento entre a reforma tribut\u00e1ria e o pacto federativo\", destacou a presidente do SINPROFAZ.\r\n\r\n\r\n\r\n[gallery link=\"file\" ids=\"17137,17138,17140\"]","_links":{"self":[{"href":"https:\/\/sinprofaz.org.br\/2024\/wp-json\/wp\/v2\/posts\/17135"}],"collection":[{"href":"https:\/\/sinprofaz.org.br\/2024\/wp-json\/wp\/v2\/posts"}],"about":[{"href":"https:\/\/sinprofaz.org.br\/2024\/wp-json\/wp\/v2\/types\/post"}],"author":[{"embeddable":true,"href":"https:\/\/sinprofaz.org.br\/2024\/wp-json\/wp\/v2\/users\/2"}],"replies":[{"embeddable":true,"href":"https:\/\/sinprofaz.org.br\/2024\/wp-json\/wp\/v2\/comments?post=17135"}],"version-history":[{"count":4,"href":"https:\/\/sinprofaz.org.br\/2024\/wp-json\/wp\/v2\/posts\/17135\/revisions"}],"predecessor-version":[{"id":17152,"href":"https:\/\/sinprofaz.org.br\/2024\/wp-json\/wp\/v2\/posts\/17135\/revisions\/17152"}],"wp:featuredmedia":[{"embeddable":true,"href":"https:\/\/sinprofaz.org.br\/2024\/wp-json\/wp\/v2\/media\/17136"}],"wp:attachment":[{"href":"https:\/\/sinprofaz.org.br\/2024\/wp-json\/wp\/v2\/media?parent=17135"}],"wp:term":[{"taxonomy":"category","embeddable":true,"href":"https:\/\/sinprofaz.org.br\/2024\/wp-json\/wp\/v2\/categories?post=17135"},{"taxonomy":"post_tag","embeddable":true,"href":"https:\/\/sinprofaz.org.br\/2024\/wp-json\/wp\/v2\/tags?post=17135"}],"curies":[{"name":"wp","href":"https:\/\/api.w.org\/{rel}","templated":true}]}}