{"id":17114,"date":"2023-11-08T08:34:39","date_gmt":"2023-11-08T11:34:39","guid":{"rendered":"http:\/\/www.sinprofaz.org.br\/?p=17114"},"modified":"2023-11-09T10:10:27","modified_gmt":"2023-11-09T13:10:27","slug":"sinprofaz-celebra-os-200-anos-da-primeira-assembleia-constituinte-do-brasil","status":"publish","type":"post","link":"https:\/\/sinprofaz.org.br\/2024\/noticias\/sinprofaz-celebra-os-200-anos-da-primeira-assembleia-constituinte-do-brasil\/","title":{"rendered":"SINPROFAZ CELEBRA OS 200 ANOS DA PRIMEIRA ASSEMBLEIA CONSTITUINTE DO BRASIL"},"content":{"rendered":"<p>As diretoras Michelle Cavalcante Rodrigues da Cunha e Renata Valle de Vasconcellos representaram o SINPROFAZ na sess\u00e3o solene realizada ontem (7) em homenagem aos 200 anos da primeira Assembleia Constituinte do Brasil. Requerida pelo deputado\u00a0Lafayette de Andrada (Republicanos\/MG), presidente da Frente Parlamentar Mista em Defesa da Advocacia P\u00fablica, a sess\u00e3o contou com a presen\u00e7a de representa\u00e7\u00f5es diplom\u00e1ticas e sindicais, que assistiram \u00e0 cerim\u00f4nia de oblitera\u00e7\u00e3o do selo criado em comemora\u00e7\u00e3o ao anivers\u00e1rio.<\/p>\n<p>No dispositivo de honra, o advogado-geral da Uni\u00e3o, Jorge Messias, foi representado pelo procurador-geral da Uni\u00e3o, Marcelo Feitosa. O PGU, ao utilizar a tribuna do evento, enalteceu o trabalho realizado por Lafayette de Andrada, que \u00e9 um &#8220;amigo da AGU e dos valores por ela defendidos, como a seguran\u00e7a jur\u00eddica e a democracia&#8221;. A mesa foi composta ainda por Bruno Dantas, presidente do Tribunal de Contas da Uni\u00e3o; Raquel Branquinho, representante da Procuradoria-Geral da Rep\u00fablica; e Maria do Carmo Lara, diretora dos Correios.<\/p>\n<p>Ao longo da sess\u00e3o, convidados e deputados discursaram sobre o movimento constitucional no Brasil e em Portugal, os personagens da Assembleia Constituinte de 1823 e o legado por ela deixado. Compareceram \u00e0 solenidade parlamentares como Luiz Philippe de Orleans e Bragan\u00e7a (PL\/SP), Luiz Carlos Hauly (Podemos\/PR), Padovani (Uni\u00e3o\/PR), Professor Paulo Fernando (Republicanos\/DF) e Carlos Henrique Gaguim (Uni\u00e3o\/TO), assim como Moema Santiago, ex-deputada da Assembleia Constituinte de 1988.<\/p>\n\n\t\t<style type=\"text\/css\">\n\t\t\t#gallery-1 {\n\t\t\t\tmargin: auto;\n\t\t\t}\n\t\t\t#gallery-1 .gallery-item {\n\t\t\t\tfloat: left;\n\t\t\t\tmargin-top: 10px;\n\t\t\t\ttext-align: center;\n\t\t\t\twidth: 33%;\n\t\t\t}\n\t\t\t#gallery-1 img {\n\t\t\t\tborder: 2px solid #cfcfcf;\n\t\t\t}\n\t\t\t#gallery-1 .gallery-caption {\n\t\t\t\tmargin-left: 0;\n\t\t\t}\n\t\t\t\/* see gallery_shortcode() in wp-includes\/media.php *\/\n\t\t<\/style>\n\t\t<div id='gallery-1' class='gallery galleryid-17114 gallery-columns-3 gallery-size-thumbnail'><dl class='gallery-item'>\n\t\t\t<dt class='gallery-icon landscape'>\n\t\t\t\t<a href='https:\/\/sinprofaz.org.br\/2024\/wp-content\/uploads\/2023\/11\/2.png'><img loading=\"lazy\" decoding=\"async\" width=\"150\" height=\"150\" src=\"https:\/\/sinprofaz.org.br\/2024\/wp-content\/uploads\/2023\/11\/2-150x150.png\" class=\"attachment-thumbnail size-thumbnail\" alt=\"\" aria-describedby=\"gallery-1-17116\" \/><\/a>\n\t\t\t<\/dt>\n\t\t\t\t<dd class='wp-caption-text gallery-caption' id='gallery-1-17116'>\n\t\t\t\tRenata Vasconcellos, Lafayette de Andrada e Michelle Cavalcante\n\t\t\t\t<\/dd><\/dl><dl class='gallery-item'>\n\t\t\t<dt class='gallery-icon landscape'>\n\t\t\t\t<a href='https:\/\/sinprofaz.org.br\/2024\/wp-content\/uploads\/2023\/11\/3.png'><img loading=\"lazy\" decoding=\"async\" width=\"150\" height=\"150\" src=\"https:\/\/sinprofaz.org.br\/2024\/wp-content\/uploads\/2023\/11\/3-150x150.png\" class=\"attachment-thumbnail size-thumbnail\" alt=\"\" aria-describedby=\"gallery-1-17117\" \/><\/a>\n\t\t\t<\/dt>\n\t\t\t\t<dd class='wp-caption-text gallery-caption' id='gallery-1-17117'>\n\t\t\t\tAs diretoras do SINPROFAZ e o deputado Professor Paulo Fernando\n\t\t\t\t<\/dd><\/dl><dl class='gallery-item'>\n\t\t\t<dt class='gallery-icon landscape'>\n\t\t\t\t<a href='https:\/\/sinprofaz.org.br\/2024\/wp-content\/uploads\/2023\/11\/4.png'><img loading=\"lazy\" decoding=\"async\" width=\"150\" height=\"150\" src=\"https:\/\/sinprofaz.org.br\/2024\/wp-content\/uploads\/2023\/11\/4-150x150.png\" class=\"attachment-thumbnail size-thumbnail\" alt=\"\" aria-describedby=\"gallery-1-17118\" \/><\/a>\n\t\t\t<\/dt>\n\t\t\t\t<dd class='wp-caption-text gallery-caption' id='gallery-1-17118'>\n\t\t\t\tMembros da Advocacia P\u00fablica compareceram \u00e0 sess\u00e3o solene\n\t\t\t\t<\/dd><\/dl><br style=\"clear: both\" \/><dl class='gallery-item'>\n\t\t\t<dt class='gallery-icon landscape'>\n\t\t\t\t<a href='https:\/\/sinprofaz.org.br\/2024\/wp-content\/uploads\/2023\/11\/5.png'><img loading=\"lazy\" decoding=\"async\" width=\"150\" height=\"150\" src=\"https:\/\/sinprofaz.org.br\/2024\/wp-content\/uploads\/2023\/11\/5-150x150.png\" class=\"attachment-thumbnail size-thumbnail\" alt=\"\" aria-describedby=\"gallery-1-17119\" \/><\/a>\n\t\t\t<\/dt>\n\t\t\t\t<dd class='wp-caption-text gallery-caption' id='gallery-1-17119'>\n\t\t\t\tCerim\u00f4nia de oblitera\u00e7\u00e3o do selo\n\t\t\t\t<\/dd><\/dl><dl class='gallery-item'>\n\t\t\t<dt class='gallery-icon landscape'>\n\t\t\t\t<a href='https:\/\/sinprofaz.org.br\/2024\/wp-content\/uploads\/2023\/11\/6.png'><img loading=\"lazy\" decoding=\"async\" width=\"150\" height=\"150\" src=\"https:\/\/sinprofaz.org.br\/2024\/wp-content\/uploads\/2023\/11\/6-150x150.png\" class=\"attachment-thumbnail size-thumbnail\" alt=\"\" aria-describedby=\"gallery-1-17120\" \/><\/a>\n\t\t\t<\/dt>\n\t\t\t\t<dd class='wp-caption-text gallery-caption' id='gallery-1-17120'>\n\t\t\t\tRepresentantes da Advocacia-Geral da Uni\u00e3o\n\t\t\t\t<\/dd><\/dl>\n\t\t\t<br style='clear: both' \/>\n\t\t<\/div>\n\n","protected":false},"excerpt":{"rendered":"<p>Michelle Cavalcante e Renata Vasconcellos representaram o SINPROFAZ na sess\u00e3o solene realizada em homenagem \u00e0 Assembleia Constituinte de 1823. Na oportunidade, houve a oblitera\u00e7\u00e3o do selo criado em comemora\u00e7\u00e3o ao anivers\u00e1rio.<\/p>\n","protected":false},"author":2,"featured_media":17115,"comment_status":"open","ping_status":"open","sticky":false,"template":"","format":"standard","meta":{"footnotes":""},"categories":[8],"tags":[43,73,25],"featured_image_url":"https:\/\/sinprofaz.org.br\/2024\/wp-content\/uploads\/2023\/11\/1.png","character_count":1162,"formatted_date":"08\/11\/2023 - 08:34","contentNovo":"As diretoras Michelle Cavalcante Rodrigues da Cunha e Renata Valle de Vasconcellos representaram o SINPROFAZ na sess\u00e3o solene realizada ontem (7) em homenagem aos 200 anos da primeira Assembleia Constituinte do Brasil. Requerida pelo deputado\u00a0Lafayette de Andrada (Republicanos\/MG), presidente da Frente Parlamentar Mista em Defesa da Advocacia P\u00fablica, a sess\u00e3o contou com a presen\u00e7a de representa\u00e7\u00f5es diplom\u00e1ticas e sindicais, que assistiram \u00e0 cerim\u00f4nia de oblitera\u00e7\u00e3o do selo criado em comemora\u00e7\u00e3o ao anivers\u00e1rio.\r\n\r\nNo dispositivo de honra, o advogado-geral da Uni\u00e3o, Jorge Messias, foi representado pelo procurador-geral da Uni\u00e3o, Marcelo Feitosa. O PGU, ao utilizar a tribuna do evento, enalteceu o trabalho realizado por Lafayette de Andrada, que \u00e9 um \"amigo da AGU e dos valores por ela defendidos, como a seguran\u00e7a jur\u00eddica e a democracia\". A mesa foi composta ainda por Bruno Dantas, presidente do Tribunal de Contas da Uni\u00e3o; Raquel Branquinho, representante da Procuradoria-Geral da Rep\u00fablica; e Maria do Carmo Lara, diretora dos Correios.\r\n\r\nAo longo da sess\u00e3o, convidados e deputados discursaram sobre o movimento constitucional no Brasil e em Portugal, os personagens da Assembleia Constituinte de 1823 e o legado por ela deixado. Compareceram \u00e0 solenidade parlamentares como Luiz Philippe de Orleans e Bragan\u00e7a (PL\/SP), Luiz Carlos Hauly (Podemos\/PR), Padovani (Uni\u00e3o\/PR), Professor Paulo Fernando (Republicanos\/DF) e Carlos Henrique Gaguim (Uni\u00e3o\/TO), assim como Moema Santiago, ex-deputada da Assembleia Constituinte de 1988.\r\n\r\n[gallery link=\"file\" ids=\"17116,17117,17118,17119,17120\"]","_links":{"self":[{"href":"https:\/\/sinprofaz.org.br\/2024\/wp-json\/wp\/v2\/posts\/17114"}],"collection":[{"href":"https:\/\/sinprofaz.org.br\/2024\/wp-json\/wp\/v2\/posts"}],"about":[{"href":"https:\/\/sinprofaz.org.br\/2024\/wp-json\/wp\/v2\/types\/post"}],"author":[{"embeddable":true,"href":"https:\/\/sinprofaz.org.br\/2024\/wp-json\/wp\/v2\/users\/2"}],"replies":[{"embeddable":true,"href":"https:\/\/sinprofaz.org.br\/2024\/wp-json\/wp\/v2\/comments?post=17114"}],"version-history":[{"count":2,"href":"https:\/\/sinprofaz.org.br\/2024\/wp-json\/wp\/v2\/posts\/17114\/revisions"}],"predecessor-version":[{"id":17134,"href":"https:\/\/sinprofaz.org.br\/2024\/wp-json\/wp\/v2\/posts\/17114\/revisions\/17134"}],"wp:featuredmedia":[{"embeddable":true,"href":"https:\/\/sinprofaz.org.br\/2024\/wp-json\/wp\/v2\/media\/17115"}],"wp:attachment":[{"href":"https:\/\/sinprofaz.org.br\/2024\/wp-json\/wp\/v2\/media?parent=17114"}],"wp:term":[{"taxonomy":"category","embeddable":true,"href":"https:\/\/sinprofaz.org.br\/2024\/wp-json\/wp\/v2\/categories?post=17114"},{"taxonomy":"post_tag","embeddable":true,"href":"https:\/\/sinprofaz.org.br\/2024\/wp-json\/wp\/v2\/tags?post=17114"}],"curies":[{"name":"wp","href":"https:\/\/api.w.org\/{rel}","templated":true}]}}