{"id":1710,"date":"2014-04-01T17:39:33","date_gmt":"2014-04-01T17:39:33","guid":{"rendered":""},"modified":"-0001-11-30T00:00:00","modified_gmt":"-0001-11-30T03:00:00","slug":"sinprofaz-retoma-a-atuacao-no-senado-pelo-ats","status":"publish","type":"post","link":"https:\/\/sinprofaz.org.br\/2024\/noticias\/sinprofaz-retoma-a-atuacao-no-senado-pelo-ats\/","title":{"rendered":"SINPROFAZ retoma a atua\u00e7\u00e3o no Senado pelo ATS"},"content":{"rendered":"<p>\u00c9 intenso o trabalho do SINPROFAZ e demais dirigentes de entidades representativas da Advocacia P\u00fablica do Brasil para assegurar tratamento ison\u00f4mico em rela\u00e7\u00e3o \u00e0 PEC do Adicional por Tempo de Servi\u00e7o (ATS).<\/p>\n<p>Importante ressaltar que, na semana passada, em conversa com os dirigentes sindicais e associativos da Advocacia P\u00fablica, o presidente do Senado, Renan Calheiros (PMDB-AL), se comprometeu a atender o pleito das Carreiras nas propostas de emenda \u00e0 Constitui\u00e7\u00e3o sobre o tema que tramitam na Casa.<\/p>\n<p>A mat\u00e9ria est\u00e1 sobrestada at\u00e9 que o plen\u00e1rio delibere sobre requerimento do senador Humberto Costa (PT-PE) para que a PEC 63\/13, cujo relat\u00f3rio j\u00e1 foi lido na CCJ, tramite em conjunto com as PECs 68\/11 e 5\/11.<\/p>\n<p>Estas duas \u00faltimas PECs abrem a possibilidade de extens\u00e3o do benef\u00edcio do ATS aos advogados p\u00fablicos. Originalmente, est\u00e1 previsto apenas \u00e0 Magistratura e ao Minist\u00e9rio P\u00fablico.<\/p>\n","protected":false},"excerpt":{"rendered":"<p>Em mais um dia de atividades no Parlamento, presidente do SINPROFAZ, participa de reuni\u00f5es e articula\u00e7\u00f5es com vistas a estender o ATS aos advogados p\u00fablicos.<\/p>\n","protected":false},"author":1,"featured_media":0,"comment_status":"closed","ping_status":"open","sticky":false,"template":"","format":"standard","meta":{"footnotes":""},"categories":[8],"tags":[],"featured_image_url":"https:\/\/dummyimage.com\/720x400","character_count":458,"formatted_date":"01\/04\/2014 - 17:39","contentNovo":"\r\n<p>\u00c9 intenso o trabalho do SINPROFAZ e demais dirigentes de entidades representativas da Advocacia P\u00fablica do Brasil para assegurar tratamento ison\u00f4mico em rela\u00e7\u00e3o \u00e0 PEC do Adicional por Tempo de Servi\u00e7o (ATS).<\/p>\r\n<p>Importante ressaltar que, na semana passada, em conversa com os dirigentes sindicais e associativos da Advocacia P\u00fablica, o presidente do Senado, Renan Calheiros (PMDB-AL), se comprometeu a atender o pleito das Carreiras nas propostas de emenda \u00e0 Constitui\u00e7\u00e3o sobre o tema que tramitam na Casa.<\/p>\r\n<p>A mat\u00e9ria est\u00e1 sobrestada at\u00e9 que o plen\u00e1rio delibere sobre requerimento do senador Humberto Costa (PT-PE) para que a PEC 63\/13, cujo relat\u00f3rio j\u00e1 foi lido na CCJ, tramite em conjunto com as PECs 68\/11 e 5\/11.<\/p>\r\n<p>Estas duas \u00faltimas PECs abrem a possibilidade de extens\u00e3o do benef\u00edcio do ATS aos advogados p\u00fablicos. Originalmente, est\u00e1 previsto apenas \u00e0 Magistratura e ao Minist\u00e9rio P\u00fablico.<\/p>","_links":{"self":[{"href":"https:\/\/sinprofaz.org.br\/2024\/wp-json\/wp\/v2\/posts\/1710"}],"collection":[{"href":"https:\/\/sinprofaz.org.br\/2024\/wp-json\/wp\/v2\/posts"}],"about":[{"href":"https:\/\/sinprofaz.org.br\/2024\/wp-json\/wp\/v2\/types\/post"}],"author":[{"embeddable":true,"href":"https:\/\/sinprofaz.org.br\/2024\/wp-json\/wp\/v2\/users\/1"}],"replies":[{"embeddable":true,"href":"https:\/\/sinprofaz.org.br\/2024\/wp-json\/wp\/v2\/comments?post=1710"}],"version-history":[{"count":0,"href":"https:\/\/sinprofaz.org.br\/2024\/wp-json\/wp\/v2\/posts\/1710\/revisions"}],"wp:attachment":[{"href":"https:\/\/sinprofaz.org.br\/2024\/wp-json\/wp\/v2\/media?parent=1710"}],"wp:term":[{"taxonomy":"category","embeddable":true,"href":"https:\/\/sinprofaz.org.br\/2024\/wp-json\/wp\/v2\/categories?post=1710"},{"taxonomy":"post_tag","embeddable":true,"href":"https:\/\/sinprofaz.org.br\/2024\/wp-json\/wp\/v2\/tags?post=1710"}],"curies":[{"name":"wp","href":"https:\/\/api.w.org\/{rel}","templated":true}]}}