{"id":1709,"date":"2014-04-01T14:25:04","date_gmt":"2014-04-01T14:25:04","guid":{"rendered":""},"modified":"-0001-11-30T00:00:00","modified_gmt":"-0001-11-30T03:00:00","slug":"estagio-probatorio-forvm-atua-no-parlamento-em-defesa-da-advocacia-publica","status":"publish","type":"post","link":"https:\/\/sinprofaz.org.br\/2024\/noticias\/estagio-probatorio-forvm-atua-no-parlamento-em-defesa-da-advocacia-publica\/","title":{"rendered":"Est\u00e1gio probat\u00f3rio: Forvm atua no Parlamento em defesa da Advocacia P\u00fablica"},"content":{"rendered":"<p><img loading=\"lazy\" decoding=\"async\" style=\"margin-right: 10px; float: left;\" alt=\"\" src=\"images\/noticias\/estagio-probatorio\/01.jpg\" height=\"154\" width=\"218\" \/>O Forvm Nacional da Advocacia P\u00fablica Federal, por seu Presidente, Her\u00e1clio Mendes de Camargo Neto, e por seu Diretor de Comunica\u00e7\u00e3o, Pablo Bezerra Luciano, foi recebido em audi\u00eancia na manh\u00e3 de 27 de mar\u00e7o de 2014 pelo Deputado Federal Paulo Rubem Santiago (PDT\/PE), para tratar de assuntos pertinentes \u00e0 advocacia p\u00fablica e aos servidores p\u00fablicos federais em geral.<\/p>\n<p>Na ocasi\u00e3o, dentre outros temas abordados, o Forvm Nacional da Advocacia P\u00fablica Federal explicou ao Deputado Paulo Rubem que o Minist\u00e9rio do Planejamento, Or\u00e7amento e Gest\u00e3o (MPOG), por meio da Nota T\u00e9cnica n\u00ba 30\/2012\/CGNOR\/DENOP\/SEGEP\/MP, embasado no Parecer n\u00ba 79\/2011\/DECOR\/CGU\/AGU, usurpou a compet\u00eancia do Poder Legislativo para dispor, por meio de ato infralegal, que o est\u00e1gio probat\u00f3rio deveria ser considerado suspenso em todas as hip\u00f3teses que n\u00e3o importassem exerc\u00edcio de fato de servidores, inclusive em caso licen\u00e7a maternidade e outras afastamentos n\u00e3o previstos expressamente na norma do \u00a7 5\u00ba do art. 20 da Lei n\u00ba 8.112, de 1990.<\/p>\n<p>Ao receber o Of\u00edcio FORVM n\u00ba 5\/2014, que traz arrazoado sobre a necessidade de se suspender a efic\u00e1cia da Nota T\u00e9cnica n\u00ba 30\/2012\/CGNOR\/DENOP\/SEGEP\/MP, o Deputado Paulo Rubem, sens\u00edvel \u00e0s causas dos servidores p\u00fablicos e \u00e0 argumenta\u00e7\u00e3o do Forvm, comprometeu-se a analisar detidamente o assunto a fim de dar in\u00edcio ao processo tendente \u00e0 aprova\u00e7\u00e3o de decreto legislativo que venha a sustar o referido ato infralegal.<\/p>\n","protected":false},"excerpt":{"rendered":"<p>Deputado Paulo Rubem Santiago recebe dirigentes da Advocacia P\u00fablica Federal e se compromete a atuar em prol das Carreiras na quest\u00e3o do est\u00e1gio probat\u00f3rio.<\/p>\n","protected":false},"author":1,"featured_media":0,"comment_status":"closed","ping_status":"open","sticky":false,"template":"","format":"standard","meta":{"footnotes":""},"categories":[8],"tags":[],"featured_image_url":"https:\/\/dummyimage.com\/720x400","character_count":738,"formatted_date":"01\/04\/2014 - 14:25","contentNovo":"\r\n<p>O Forvm Nacional da Advocacia P\u00fablica Federal, por seu Presidente, Her\u00e1clio Mendes de Camargo Neto, e por seu Diretor de Comunica\u00e7\u00e3o, Pablo Bezerra Luciano, foi recebido em audi\u00eancia na manh\u00e3 de 27 de mar\u00e7o de 2014 pelo Deputado Federal Paulo Rubem Santiago (PDT\/PE), para tratar de assuntos pertinentes \u00e0 advocacia p\u00fablica e aos servidores p\u00fablicos federais em geral.<\/p>\r\n<p>Na ocasi\u00e3o, dentre outros temas abordados, o Forvm Nacional da Advocacia P\u00fablica Federal explicou ao Deputado Paulo Rubem que o Minist\u00e9rio do Planejamento, Or\u00e7amento e Gest\u00e3o (MPOG), por meio da Nota T\u00e9cnica n\u00ba 30\/2012\/CGNOR\/DENOP\/SEGEP\/MP, embasado no Parecer n\u00ba 79\/2011\/DECOR\/CGU\/AGU, usurpou a compet\u00eancia do Poder Legislativo para dispor, por meio de ato infralegal, que o est\u00e1gio probat\u00f3rio deveria ser considerado suspenso em todas as hip\u00f3teses que n\u00e3o importassem exerc\u00edcio de fato de servidores, inclusive em caso licen\u00e7a maternidade e outras afastamentos n\u00e3o previstos expressamente na norma do \u00a7 5\u00ba do art. 20 da Lei n\u00ba 8.112, de 1990.<\/p>\r\n<p>Ao receber o Of\u00edcio FORVM n\u00ba 5\/2014, que traz arrazoado sobre a necessidade de se suspender a efic\u00e1cia da Nota T\u00e9cnica n\u00ba 30\/2012\/CGNOR\/DENOP\/SEGEP\/MP, o Deputado Paulo Rubem, sens\u00edvel \u00e0s causas dos servidores p\u00fablicos e \u00e0 argumenta\u00e7\u00e3o do Forvm, comprometeu-se a analisar detidamente o assunto a fim de dar in\u00edcio ao processo tendente \u00e0 aprova\u00e7\u00e3o de decreto legislativo que venha a sustar o referido ato infralegal.<\/p>","_links":{"self":[{"href":"https:\/\/sinprofaz.org.br\/2024\/wp-json\/wp\/v2\/posts\/1709"}],"collection":[{"href":"https:\/\/sinprofaz.org.br\/2024\/wp-json\/wp\/v2\/posts"}],"about":[{"href":"https:\/\/sinprofaz.org.br\/2024\/wp-json\/wp\/v2\/types\/post"}],"author":[{"embeddable":true,"href":"https:\/\/sinprofaz.org.br\/2024\/wp-json\/wp\/v2\/users\/1"}],"replies":[{"embeddable":true,"href":"https:\/\/sinprofaz.org.br\/2024\/wp-json\/wp\/v2\/comments?post=1709"}],"version-history":[{"count":0,"href":"https:\/\/sinprofaz.org.br\/2024\/wp-json\/wp\/v2\/posts\/1709\/revisions"}],"wp:attachment":[{"href":"https:\/\/sinprofaz.org.br\/2024\/wp-json\/wp\/v2\/media?parent=1709"}],"wp:term":[{"taxonomy":"category","embeddable":true,"href":"https:\/\/sinprofaz.org.br\/2024\/wp-json\/wp\/v2\/categories?post=1709"},{"taxonomy":"post_tag","embeddable":true,"href":"https:\/\/sinprofaz.org.br\/2024\/wp-json\/wp\/v2\/tags?post=1709"}],"curies":[{"name":"wp","href":"https:\/\/api.w.org\/{rel}","templated":true}]}}