{"id":17071,"date":"2023-10-24T08:27:01","date_gmt":"2023-10-24T11:27:01","guid":{"rendered":"http:\/\/www.sinprofaz.org.br\/?p=17071"},"modified":"2023-10-25T10:45:40","modified_gmt":"2023-10-25T13:45:40","slug":"agu-promove-roda-de-conversa-sobre-diversidade-equidade-e-inclusao","status":"publish","type":"post","link":"https:\/\/sinprofaz.org.br\/2024\/noticias\/agu-promove-roda-de-conversa-sobre-diversidade-equidade-e-inclusao\/","title":{"rendered":"AGU PROMOVE RODA DE CONVERSA SOBRE DIVERSIDADE, EQUIDADE E INCLUS\u00c3O"},"content":{"rendered":"<p>A Assessoria Especial de Diversidade e Inclus\u00e3o da AGU, em parceria com a Secretaria de Controle Interno, realizou a quinta edi\u00e7\u00e3o da\u00a0<em>Conversa Inclusiva na AGU: Diversidade, Equidade e Inclus\u00e3o<\/em>. A iniciativa est\u00e1 inserida no Programa Escuta Ativa, que tem como objetivo discutir e propor ferramentas e iniciativas de acolhimento, empoderamento, respeito e inclus\u00e3o de minorias na Advocacia-Geral da Uni\u00e3o.<\/p>\n<p>O evento foi realizado no audit\u00f3rio da Procuradoria da Uni\u00e3o em Salvador\/BA, com a presen\u00e7a de Claudia Trindade, filiada e assessora especial de Diversidade e Inclus\u00e3o (AGU); Diogo Luiz da Silva, secret\u00e1rio de Controle Interno (AGU), Fernanda Cordeiro, consultora de G\u00eanero (PNUD\/AGU) e Adriana Avelar, consultora de Ra\u00e7a (PNUD\/AGU). O psic\u00f3logo Cristiano Costa, coordenador do Projeto do SINPROFAZ de Sa\u00fade Mental e Qualidade de Vida na PFN, tamb\u00e9m esteve presente.<\/p>\n<p>Al\u00e9m das apresenta\u00e7\u00f5es sobre Controle e Integridade, Pol\u00edticas de Diversidade, Programas de Equidade Racial e Enfrentamento ao Ass\u00e9dio, o evento foi marcado pela ampla abertura para falas\u00a0e pelo recebimento de demandas e sugest\u00f5es por parte dos presentes e dos participantes do chat on-line.<\/p>\n<p><!-- notionvc: 067e7380-ed9f-44d1-88e1-5e89c6197db9 --><\/p>\n","protected":false},"excerpt":{"rendered":"<p>Al\u00e9m das apresenta\u00e7\u00f5es sobre Controle e Integridade, Pol\u00edticas de Diversidade, Programas de Equidade Racial e Enfrentamento ao Ass\u00e9dio, o evento foi marcado pela ampla abertura para falas e pelo recebimento de sugest\u00f5es por parte dos presentes e dos participantes do chat on-line.<\/p>\n","protected":false},"author":2,"featured_media":17072,"comment_status":"open","ping_status":"open","sticky":false,"template":"","format":"standard","meta":{"footnotes":""},"categories":[8],"tags":[43,166,25],"featured_image_url":"https:\/\/sinprofaz.org.br\/2024\/wp-content\/uploads\/2023\/10\/sinprofaz-1.png","character_count":596,"formatted_date":"24\/10\/2023 - 08:27","contentNovo":"A Assessoria Especial de Diversidade e Inclus\u00e3o da AGU, em parceria com a Secretaria de Controle Interno, realizou a quinta edi\u00e7\u00e3o da\u00a0<em>Conversa Inclusiva na AGU: Diversidade, Equidade e Inclus\u00e3o<\/em>. A iniciativa est\u00e1 inserida no Programa Escuta Ativa, que tem como objetivo discutir e propor ferramentas e iniciativas de acolhimento, empoderamento, respeito e inclus\u00e3o de minorias na Advocacia-Geral da Uni\u00e3o.\r\n\r\nO evento foi realizado no audit\u00f3rio da Procuradoria da Uni\u00e3o em Salvador\/BA, com a presen\u00e7a de Claudia Trindade, filiada e assessora especial de Diversidade e Inclus\u00e3o (AGU); Diogo Luiz da Silva, secret\u00e1rio de Controle Interno (AGU), Fernanda Cordeiro, consultora de G\u00eanero (PNUD\/AGU) e Adriana Avelar, consultora de Ra\u00e7a (PNUD\/AGU). O psic\u00f3logo Cristiano Costa, coordenador do Projeto do SINPROFAZ de Sa\u00fade Mental e Qualidade de Vida na PFN, tamb\u00e9m esteve presente.\r\n\r\nAl\u00e9m das apresenta\u00e7\u00f5es sobre Controle e Integridade, Pol\u00edticas de Diversidade, Programas de Equidade Racial e Enfrentamento ao Ass\u00e9dio, o evento foi marcado pela ampla abertura para falas\u00a0e pelo recebimento de demandas e sugest\u00f5es por parte dos presentes e dos participantes do chat on-line.\r\n\r\n","_links":{"self":[{"href":"https:\/\/sinprofaz.org.br\/2024\/wp-json\/wp\/v2\/posts\/17071"}],"collection":[{"href":"https:\/\/sinprofaz.org.br\/2024\/wp-json\/wp\/v2\/posts"}],"about":[{"href":"https:\/\/sinprofaz.org.br\/2024\/wp-json\/wp\/v2\/types\/post"}],"author":[{"embeddable":true,"href":"https:\/\/sinprofaz.org.br\/2024\/wp-json\/wp\/v2\/users\/2"}],"replies":[{"embeddable":true,"href":"https:\/\/sinprofaz.org.br\/2024\/wp-json\/wp\/v2\/comments?post=17071"}],"version-history":[{"count":3,"href":"https:\/\/sinprofaz.org.br\/2024\/wp-json\/wp\/v2\/posts\/17071\/revisions"}],"predecessor-version":[{"id":17086,"href":"https:\/\/sinprofaz.org.br\/2024\/wp-json\/wp\/v2\/posts\/17071\/revisions\/17086"}],"wp:featuredmedia":[{"embeddable":true,"href":"https:\/\/sinprofaz.org.br\/2024\/wp-json\/wp\/v2\/media\/17072"}],"wp:attachment":[{"href":"https:\/\/sinprofaz.org.br\/2024\/wp-json\/wp\/v2\/media?parent=17071"}],"wp:term":[{"taxonomy":"category","embeddable":true,"href":"https:\/\/sinprofaz.org.br\/2024\/wp-json\/wp\/v2\/categories?post=17071"},{"taxonomy":"post_tag","embeddable":true,"href":"https:\/\/sinprofaz.org.br\/2024\/wp-json\/wp\/v2\/tags?post=17071"}],"curies":[{"name":"wp","href":"https:\/\/api.w.org\/{rel}","templated":true}]}}