{"id":17040,"date":"2023-10-19T08:33:23","date_gmt":"2023-10-19T11:33:23","guid":{"rendered":"http:\/\/www.sinprofaz.org.br\/?p=17040"},"modified":"2023-10-20T09:19:46","modified_gmt":"2023-10-20T12:19:46","slug":"sinprofaz-comparece-ao-lancamento-da-frente-parlamentar-da-reforma-tributaria","status":"publish","type":"post","link":"https:\/\/sinprofaz.org.br\/2024\/noticias\/sinprofaz-comparece-ao-lancamento-da-frente-parlamentar-da-reforma-tributaria\/","title":{"rendered":"SINPROFAZ COMPARECE AO LAN\u00c7AMENTO DA FRENTE PARLAMENTAR DA REFORMA TRIBUT\u00c1RIA"},"content":{"rendered":"<p>A presidente do SINPROFAZ, Iolanda Guindani, compareceu ontem (18) ao evento de lan\u00e7amento da Frente Parlamentar Mista da Reforma Tribut\u00e1ria. Realizada no audit\u00f3rio Nereu Ramos, no Congresso Nacional, a cerim\u00f4nia foi prestigiada por diversos deputados, entre os quais Mauro Benevides (PDT\/CE), Bohn Gass (PT\/RS) e Reginaldo Lopes (PT\/MG) &#8211; coordenadores da Frente -, al\u00e9m de Luiz Carlos Hauly (PODE\/PR) e J\u00falio Cesar (PSD\/PI). O secret\u00e1rio extraordin\u00e1rio da reforma tribut\u00e1ria do Minist\u00e9rio da Fazenda, Bernard Appy, tamb\u00e9m compareceu ao evento de lan\u00e7amento.<\/p>\n<p>Ao fazer uso da palavra durante a cerim\u00f4nia, Iolanda Guindani ressaltou o ponto que \u00e9, hoje, o de maior aten\u00e7\u00e3o para a Carreira: o risco da securitiza\u00e7\u00e3o de cr\u00e9ditos p\u00fablicos. &#8220;Como operadores do direito tribut\u00e1rio, os PFNs n\u00e3o podem ficar de fora do debate sobre a reforma. Agora, nossa maior preocupa\u00e7\u00e3o \u00e9 com a possibilidade da securitiza\u00e7\u00e3o da d\u00edvida ativa da Uni\u00e3o. Participaremos das discuss\u00f5es sobre esse esquema de desvio da arrecada\u00e7\u00e3o, assim como dos demais debates relacionados \u00e0 reforma. Parabenizo a Frente Parlamentar pelo trabalho e coloco o SINPROFAZ \u00e0 disposi\u00e7\u00e3o para a luta conjunta.&#8221;<\/p>\n<p><b>Securitiza\u00e7\u00e3o<br \/>\n<\/b>O evento de lan\u00e7amento tamb\u00e9m contou com a participa\u00e7\u00e3o de Maria Lucia Fattorelli, coordenadora nacional da Auditoria Cidad\u00e3 da D\u00edvida (ACD). Em exposi\u00e7\u00e3o para o p\u00fablico, Fattorelli abordou os danos da securitiza\u00e7\u00e3o de cr\u00e9ditos e fez um pedido aos integrantes da Frente Parlamentar. &#8220;Gostaria que aproveitassem a PEC da reforma tribut\u00e1ria para inserir, no texto da Constitui\u00e7\u00e3o Federal, um dispositivo que pro\u00edba qualquer tipo de cess\u00e3o do fluxo da arrecada\u00e7\u00e3o tribut\u00e1ria. Apesar de esse esquema ser criminoso, n\u00e3o cessam as tentativas de legaliz\u00e1-lo&#8221;, destacou a coordenadora da ACD.<\/p>\n\n\t\t<style type=\"text\/css\">\n\t\t\t#gallery-1 {\n\t\t\t\tmargin: auto;\n\t\t\t}\n\t\t\t#gallery-1 .gallery-item {\n\t\t\t\tfloat: left;\n\t\t\t\tmargin-top: 10px;\n\t\t\t\ttext-align: center;\n\t\t\t\twidth: 33%;\n\t\t\t}\n\t\t\t#gallery-1 img {\n\t\t\t\tborder: 2px solid #cfcfcf;\n\t\t\t}\n\t\t\t#gallery-1 .gallery-caption {\n\t\t\t\tmargin-left: 0;\n\t\t\t}\n\t\t\t\/* see gallery_shortcode() in wp-includes\/media.php *\/\n\t\t<\/style>\n\t\t<div id='gallery-1' class='gallery galleryid-17040 gallery-columns-3 gallery-size-thumbnail'><dl class='gallery-item'>\n\t\t\t<dt class='gallery-icon landscape'>\n\t\t\t\t<a href='https:\/\/sinprofaz.org.br\/2024\/wp-content\/uploads\/2023\/10\/2-9.png'><img loading=\"lazy\" decoding=\"async\" width=\"150\" height=\"150\" src=\"https:\/\/sinprofaz.org.br\/2024\/wp-content\/uploads\/2023\/10\/2-9-150x150.png\" class=\"attachment-thumbnail size-thumbnail\" alt=\"\" aria-describedby=\"gallery-1-17042\" \/><\/a>\n\t\t\t<\/dt>\n\t\t\t\t<dd class='wp-caption-text gallery-caption' id='gallery-1-17042'>\n\t\t\t\tIolanda Guindani fala ao p\u00fablico do evento\n\t\t\t\t<\/dd><\/dl><dl class='gallery-item'>\n\t\t\t<dt class='gallery-icon landscape'>\n\t\t\t\t<a href='https:\/\/sinprofaz.org.br\/2024\/wp-content\/uploads\/2023\/10\/3-7.png'><img loading=\"lazy\" decoding=\"async\" width=\"150\" height=\"150\" src=\"https:\/\/sinprofaz.org.br\/2024\/wp-content\/uploads\/2023\/10\/3-7-150x150.png\" class=\"attachment-thumbnail size-thumbnail\" alt=\"\" aria-describedby=\"gallery-1-17043\" \/><\/a>\n\t\t\t<\/dt>\n\t\t\t\t<dd class='wp-caption-text gallery-caption' id='gallery-1-17043'>\n\t\t\t\tMaria Lucia Fattorelli e Iolanda Guindani\n\t\t\t\t<\/dd><\/dl><dl class='gallery-item'>\n\t\t\t<dt class='gallery-icon landscape'>\n\t\t\t\t<a href='https:\/\/sinprofaz.org.br\/2024\/wp-content\/uploads\/2023\/10\/4-2.png'><img loading=\"lazy\" decoding=\"async\" width=\"150\" height=\"150\" src=\"https:\/\/sinprofaz.org.br\/2024\/wp-content\/uploads\/2023\/10\/4-2-150x150.png\" class=\"attachment-thumbnail size-thumbnail\" alt=\"\" aria-describedby=\"gallery-1-17044\" \/><\/a>\n\t\t\t<\/dt>\n\t\t\t\t<dd class='wp-caption-text gallery-caption' id='gallery-1-17044'>\n\t\t\t\tLan\u00e7amento da Frente Parlamentar\n\t\t\t\t<\/dd><\/dl><br style=\"clear: both\" \/><dl class='gallery-item'>\n\t\t\t<dt class='gallery-icon landscape'>\n\t\t\t\t<a href='https:\/\/sinprofaz.org.br\/2024\/wp-content\/uploads\/2023\/10\/5.png'><img loading=\"lazy\" decoding=\"async\" width=\"150\" height=\"150\" src=\"https:\/\/sinprofaz.org.br\/2024\/wp-content\/uploads\/2023\/10\/5-150x150.png\" class=\"attachment-thumbnail size-thumbnail\" alt=\"\" aria-describedby=\"gallery-1-17045\" \/><\/a>\n\t\t\t<\/dt>\n\t\t\t\t<dd class='wp-caption-text gallery-caption' id='gallery-1-17045'>\n\t\t\t\tMaria Lucia Fattorelli\n\t\t\t\t<\/dd><\/dl><dl class='gallery-item'>\n\t\t\t<dt class='gallery-icon landscape'>\n\t\t\t\t<a href='https:\/\/sinprofaz.org.br\/2024\/wp-content\/uploads\/2023\/10\/6.png'><img loading=\"lazy\" decoding=\"async\" width=\"150\" height=\"150\" src=\"https:\/\/sinprofaz.org.br\/2024\/wp-content\/uploads\/2023\/10\/6-150x150.png\" class=\"attachment-thumbnail size-thumbnail\" alt=\"\" aria-describedby=\"gallery-1-17046\" \/><\/a>\n\t\t\t<\/dt>\n\t\t\t\t<dd class='wp-caption-text gallery-caption' id='gallery-1-17046'>\n\t\t\t\tMauro Benevides (PDT\/CE)\n\t\t\t\t<\/dd><\/dl><dl class='gallery-item'>\n\t\t\t<dt class='gallery-icon landscape'>\n\t\t\t\t<a href='https:\/\/sinprofaz.org.br\/2024\/wp-content\/uploads\/2023\/10\/7.png'><img loading=\"lazy\" decoding=\"async\" width=\"150\" height=\"150\" src=\"https:\/\/sinprofaz.org.br\/2024\/wp-content\/uploads\/2023\/10\/7-150x150.png\" class=\"attachment-thumbnail size-thumbnail\" alt=\"\" aria-describedby=\"gallery-1-17047\" \/><\/a>\n\t\t\t<\/dt>\n\t\t\t\t<dd class='wp-caption-text gallery-caption' id='gallery-1-17047'>\n\t\t\t\tBohn Gass (PT\/RS)\n\t\t\t\t<\/dd><\/dl><br style=\"clear: both\" \/><dl class='gallery-item'>\n\t\t\t<dt class='gallery-icon landscape'>\n\t\t\t\t<a href='https:\/\/sinprofaz.org.br\/2024\/wp-content\/uploads\/2023\/10\/8.png'><img loading=\"lazy\" decoding=\"async\" width=\"150\" height=\"150\" src=\"https:\/\/sinprofaz.org.br\/2024\/wp-content\/uploads\/2023\/10\/8-150x150.png\" class=\"attachment-thumbnail size-thumbnail\" alt=\"\" aria-describedby=\"gallery-1-17048\" \/><\/a>\n\t\t\t<\/dt>\n\t\t\t\t<dd class='wp-caption-text gallery-caption' id='gallery-1-17048'>\n\t\t\t\tLuiz Carlos Hauly (PODE\/PR)\n\t\t\t\t<\/dd><\/dl><dl class='gallery-item'>\n\t\t\t<dt class='gallery-icon landscape'>\n\t\t\t\t<a href='https:\/\/sinprofaz.org.br\/2024\/wp-content\/uploads\/2023\/10\/9.png'><img loading=\"lazy\" decoding=\"async\" width=\"150\" height=\"150\" src=\"https:\/\/sinprofaz.org.br\/2024\/wp-content\/uploads\/2023\/10\/9-150x150.png\" class=\"attachment-thumbnail size-thumbnail\" alt=\"\" aria-describedby=\"gallery-1-17049\" \/><\/a>\n\t\t\t<\/dt>\n\t\t\t\t<dd class='wp-caption-text gallery-caption' id='gallery-1-17049'>\n\t\t\t\tJ\u00falio Cesar (PSD\/PI)\n\t\t\t\t<\/dd><\/dl><dl class='gallery-item'>\n\t\t\t<dt class='gallery-icon landscape'>\n\t\t\t\t<a href='https:\/\/sinprofaz.org.br\/2024\/wp-content\/uploads\/2023\/10\/10.png'><img loading=\"lazy\" decoding=\"async\" width=\"150\" height=\"150\" src=\"https:\/\/sinprofaz.org.br\/2024\/wp-content\/uploads\/2023\/10\/10-150x150.png\" class=\"attachment-thumbnail size-thumbnail\" alt=\"\" aria-describedby=\"gallery-1-17050\" \/><\/a>\n\t\t\t<\/dt>\n\t\t\t\t<dd class='wp-caption-text gallery-caption' id='gallery-1-17050'>\n\t\t\t\tReginaldo Lopes (PT\/MG)\n\t\t\t\t<\/dd><\/dl><br style=\"clear: both\" \/><dl class='gallery-item'>\n\t\t\t<dt class='gallery-icon landscape'>\n\t\t\t\t<a href='https:\/\/sinprofaz.org.br\/2024\/wp-content\/uploads\/2023\/10\/11.png'><img loading=\"lazy\" decoding=\"async\" width=\"150\" height=\"150\" src=\"https:\/\/sinprofaz.org.br\/2024\/wp-content\/uploads\/2023\/10\/11-150x150.png\" class=\"attachment-thumbnail size-thumbnail\" alt=\"\" aria-describedby=\"gallery-1-17051\" \/><\/a>\n\t\t\t<\/dt>\n\t\t\t\t<dd class='wp-caption-text gallery-caption' id='gallery-1-17051'>\n\t\t\t\tMesa de honra do evento\n\t\t\t\t<\/dd><\/dl>\n\t\t\t<br style='clear: both' \/>\n\t\t<\/div>\n\n<p>&nbsp;<\/p>\n","protected":false},"excerpt":{"rendered":"<p>Realizada no audit\u00f3rio Nereu Ramos, no Congresso Nacional, a cerim\u00f4nia foi prestigiada por diversos deputados, entre os quais Mauro Benevides (PDT\/CE), Bohn Gass (PT\/RS), Reginaldo Lopes (PT\/MG), Luiz Carlos Hauly (PODE\/PR) e J\u00falio Cesar (PSD\/PI).<\/p>\n","protected":false},"author":2,"featured_media":17041,"comment_status":"open","ping_status":"open","sticky":false,"template":"","format":"standard","meta":{"footnotes":""},"categories":[8],"tags":[129,128,206],"featured_image_url":"https:\/\/sinprofaz.org.br\/2024\/wp-content\/uploads\/2023\/10\/1-8.png","character_count":1378,"formatted_date":"19\/10\/2023 - 08:33","contentNovo":"A presidente do SINPROFAZ, Iolanda Guindani, compareceu ontem (18) ao evento de lan\u00e7amento da Frente Parlamentar Mista da Reforma Tribut\u00e1ria. Realizada no audit\u00f3rio Nereu Ramos, no Congresso Nacional, a cerim\u00f4nia foi prestigiada por diversos deputados, entre os quais Mauro Benevides (PDT\/CE), Bohn Gass (PT\/RS) e Reginaldo Lopes (PT\/MG) - coordenadores da Frente -, al\u00e9m de Luiz Carlos Hauly (PODE\/PR) e J\u00falio Cesar (PSD\/PI). O secret\u00e1rio extraordin\u00e1rio da reforma tribut\u00e1ria do Minist\u00e9rio da Fazenda, Bernard Appy, tamb\u00e9m compareceu ao evento de lan\u00e7amento.\r\n\r\nAo fazer uso da palavra durante a cerim\u00f4nia, Iolanda Guindani ressaltou o ponto que \u00e9, hoje, o de maior aten\u00e7\u00e3o para a Carreira: o risco da securitiza\u00e7\u00e3o de cr\u00e9ditos p\u00fablicos. \"Como operadores do direito tribut\u00e1rio, os PFNs n\u00e3o podem ficar de fora do debate sobre a reforma. Agora, nossa maior preocupa\u00e7\u00e3o \u00e9 com a possibilidade da securitiza\u00e7\u00e3o da d\u00edvida ativa da Uni\u00e3o. Participaremos das discuss\u00f5es sobre esse esquema de desvio da arrecada\u00e7\u00e3o, assim como dos demais debates relacionados \u00e0 reforma. Parabenizo a Frente Parlamentar pelo trabalho e coloco o SINPROFAZ \u00e0 disposi\u00e7\u00e3o para a luta conjunta.\"\r\n\r\nSecuritiza\u00e7\u00e3o\r\nO evento de lan\u00e7amento tamb\u00e9m contou com a participa\u00e7\u00e3o de Maria Lucia Fattorelli, coordenadora nacional da Auditoria Cidad\u00e3 da D\u00edvida (ACD). Em exposi\u00e7\u00e3o para o p\u00fablico, Fattorelli abordou os danos da securitiza\u00e7\u00e3o de cr\u00e9ditos e fez um pedido aos integrantes da Frente Parlamentar. \"Gostaria que aproveitassem a PEC da reforma tribut\u00e1ria para inserir, no texto da Constitui\u00e7\u00e3o Federal, um dispositivo que pro\u00edba qualquer tipo de cess\u00e3o do fluxo da arrecada\u00e7\u00e3o tribut\u00e1ria. Apesar de esse esquema ser criminoso, n\u00e3o cessam as tentativas de legaliz\u00e1-lo\", destacou a coordenadora da ACD.\r\n\r\n[gallery link=\"file\" ids=\"17042,17043,17044,17045,17046,17047,17048,17049,17050,17051\"]\r\n\r\n&nbsp;","_links":{"self":[{"href":"https:\/\/sinprofaz.org.br\/2024\/wp-json\/wp\/v2\/posts\/17040"}],"collection":[{"href":"https:\/\/sinprofaz.org.br\/2024\/wp-json\/wp\/v2\/posts"}],"about":[{"href":"https:\/\/sinprofaz.org.br\/2024\/wp-json\/wp\/v2\/types\/post"}],"author":[{"embeddable":true,"href":"https:\/\/sinprofaz.org.br\/2024\/wp-json\/wp\/v2\/users\/2"}],"replies":[{"embeddable":true,"href":"https:\/\/sinprofaz.org.br\/2024\/wp-json\/wp\/v2\/comments?post=17040"}],"version-history":[{"count":2,"href":"https:\/\/sinprofaz.org.br\/2024\/wp-json\/wp\/v2\/posts\/17040\/revisions"}],"predecessor-version":[{"id":17064,"href":"https:\/\/sinprofaz.org.br\/2024\/wp-json\/wp\/v2\/posts\/17040\/revisions\/17064"}],"wp:featuredmedia":[{"embeddable":true,"href":"https:\/\/sinprofaz.org.br\/2024\/wp-json\/wp\/v2\/media\/17041"}],"wp:attachment":[{"href":"https:\/\/sinprofaz.org.br\/2024\/wp-json\/wp\/v2\/media?parent=17040"}],"wp:term":[{"taxonomy":"category","embeddable":true,"href":"https:\/\/sinprofaz.org.br\/2024\/wp-json\/wp\/v2\/categories?post=17040"},{"taxonomy":"post_tag","embeddable":true,"href":"https:\/\/sinprofaz.org.br\/2024\/wp-json\/wp\/v2\/tags?post=17040"}],"curies":[{"name":"wp","href":"https:\/\/api.w.org\/{rel}","templated":true}]}}