{"id":1704,"date":"2014-03-28T14:23:40","date_gmt":"2014-03-28T14:23:40","guid":{"rendered":""},"modified":"-0001-11-30T00:00:00","modified_gmt":"-0001-11-30T03:00:00","slug":"senador-paulo-paim-apoia-honorarios-para-advogados-publicos","status":"publish","type":"post","link":"https:\/\/sinprofaz.org.br\/2024\/noticias\/senador-paulo-paim-apoia-honorarios-para-advogados-publicos\/","title":{"rendered":"Senador Paulo Paim apoia honor\u00e1rios para advogados p\u00fablicos"},"content":{"rendered":"<p><img loading=\"lazy\" decoding=\"async\" style=\"margin-right: 10px; float: left;\" alt=\"\" src=\"images\/noticias\/senador\/paulo-paim.jpg\" height=\"154\" width=\"218\" \/>Em mais um dia de trabalho parlamentar, o presidente do SINPROFAZ confirma novos apoios \u00e0 causa priorit\u00e1ria da Advocacia P\u00fablica Federal.<\/p>\n<p>Na tarde desta quinta-feira, 27 de mar\u00e7o, o presidente Her\u00e1clio Camargo visitou o gabinete do senador Paulo Paim, importante aliado dos servidores p\u00fablicos no Congresso Nacional.<\/p>\n<p>Ap\u00f3s ouvir os argumentos do presidente do SINPROFAZ e outros dirigentes da Advocacia P\u00fablica Federal que tamb\u00e9m participaram da reuni\u00e3o, o senador revelou calorosa acolhida ao pleitos dos honor\u00e1rios, declarando apoio \u00e0 aprova\u00e7\u00e3o da mat\u00e9ria no Senado.<\/p>\n<p>Na pr\u00f3xima semana, o Sindicato continuar\u00e1 trabalhando nos corredores do Senado Federal. A Diretoria reitera o convite para que Colegas PFNs integrem as comitivas de advogados p\u00fablicos que t\u00eam atuado de forma permanente, somando esfor\u00e7os ao trabalho parlamentar que o SINPROFAZ conduz na Casa.<\/p>\n","protected":false},"excerpt":{"rendered":"<p>Em mais um dia de trabalho parlamentar, o presidente do SINPROFAZ confirma novos apoios \u00e0 causa priorit\u00e1ria da Advocacia P\u00fablica Federal.<\/p>\n","protected":false},"author":1,"featured_media":0,"comment_status":"closed","ping_status":"open","sticky":false,"template":"","format":"standard","meta":{"footnotes":""},"categories":[8],"tags":[],"featured_image_url":"https:\/\/dummyimage.com\/720x400","character_count":441,"formatted_date":"28\/03\/2014 - 14:23","contentNovo":"\r\n<p>Em mais um dia de trabalho parlamentar, o presidente do SINPROFAZ confirma novos apoios \u00e0 causa priorit\u00e1ria da Advocacia P\u00fablica Federal.<\/p>\r\n<p>Na tarde desta quinta-feira, 27 de mar\u00e7o, o presidente Her\u00e1clio Camargo visitou o gabinete do senador Paulo Paim, importante aliado dos servidores p\u00fablicos no Congresso Nacional.<\/p>\r\n<p>Ap\u00f3s ouvir os argumentos do presidente do SINPROFAZ e outros dirigentes da Advocacia P\u00fablica Federal que tamb\u00e9m participaram da reuni\u00e3o, o senador revelou calorosa acolhida ao pleitos dos honor\u00e1rios, declarando apoio \u00e0 aprova\u00e7\u00e3o da mat\u00e9ria no Senado.<\/p>\r\n<p>Na pr\u00f3xima semana, o Sindicato continuar\u00e1 trabalhando nos corredores do Senado Federal. A Diretoria reitera o convite para que Colegas PFNs integrem as comitivas de advogados p\u00fablicos que t\u00eam atuado de forma permanente, somando esfor\u00e7os ao trabalho parlamentar que o SINPROFAZ conduz na Casa.<\/p>","_links":{"self":[{"href":"https:\/\/sinprofaz.org.br\/2024\/wp-json\/wp\/v2\/posts\/1704"}],"collection":[{"href":"https:\/\/sinprofaz.org.br\/2024\/wp-json\/wp\/v2\/posts"}],"about":[{"href":"https:\/\/sinprofaz.org.br\/2024\/wp-json\/wp\/v2\/types\/post"}],"author":[{"embeddable":true,"href":"https:\/\/sinprofaz.org.br\/2024\/wp-json\/wp\/v2\/users\/1"}],"replies":[{"embeddable":true,"href":"https:\/\/sinprofaz.org.br\/2024\/wp-json\/wp\/v2\/comments?post=1704"}],"version-history":[{"count":0,"href":"https:\/\/sinprofaz.org.br\/2024\/wp-json\/wp\/v2\/posts\/1704\/revisions"}],"wp:attachment":[{"href":"https:\/\/sinprofaz.org.br\/2024\/wp-json\/wp\/v2\/media?parent=1704"}],"wp:term":[{"taxonomy":"category","embeddable":true,"href":"https:\/\/sinprofaz.org.br\/2024\/wp-json\/wp\/v2\/categories?post=1704"},{"taxonomy":"post_tag","embeddable":true,"href":"https:\/\/sinprofaz.org.br\/2024\/wp-json\/wp\/v2\/tags?post=1704"}],"curies":[{"name":"wp","href":"https:\/\/api.w.org\/{rel}","templated":true}]}}