{"id":1702,"date":"2014-03-28T14:10:42","date_gmt":"2014-03-28T14:10:42","guid":{"rendered":""},"modified":"-0001-11-30T00:00:00","modified_gmt":"-0001-11-30T03:00:00","slug":"pec-82-entidades-planejam-proximos-passos-do-movimento","status":"publish","type":"post","link":"https:\/\/sinprofaz.org.br\/2024\/noticias\/pec-82-entidades-planejam-proximos-passos-do-movimento\/","title":{"rendered":"PEC 82: Entidades planejam pr\u00f3ximos passos do Movimento"},"content":{"rendered":"<p>&nbsp;<\/p>\n<p style=\"text-align: justify;\"><img loading=\"lazy\" decoding=\"async\" style=\"font-size: 0.8em; margin-right: 10px; float: left;\" alt=\"\" src=\"images\/noticias\/pecs\/pec-82-entidades-planejam-proximos-passos-do-movimento\/01.jpg\" height=\"154\" width=\"218\" \/>Dirigentes das entidades que integram o Movimento Nacional pela Advocacia P\u00fablica reuniram-se para tra\u00e7ar novas estrat\u00e9gias de divulga\u00e7\u00e3o para o pleito da autonomia institucional.<\/p>\n<p style=\"text-align: justify;\">A reuni\u00e3o ocorreu na sede da Anape, em Bras\u00edlia, nesta quinta-feira, 27 de mar\u00e7o. O presidente do SINPROFAZ, Her\u00e1clio Camargo, participou do encontro, que teve como um dos objetivos&nbsp; planejar novas a\u00e7\u00f5es de m\u00eddia para proje\u00e7\u00e3o do Movimento.<\/p>\n<p style=\"text-align: justify;\">A PEC 82\/2007, que confere autonomia institucional para a Advocacia P\u00fablica, est\u00e1 pronta para ser votada na Comiss\u00e3o Especial na forma do substitutivo apresentado pelo relator, deputado Lelo Coimbra (PMDB-ES). O parlamentar manifestou-se pela aprova\u00e7\u00e3o da mat\u00e9ria.<\/p>\n<p style=\"text-align: justify;\"><img loading=\"lazy\" decoding=\"async\" style=\"font-size: 0.8em; margin-left: 10px; float: right;\" alt=\"\" src=\"images\/noticias\/pecs\/pec-82-entidades-planejam-proximos-passos-do-movimento\/02.jpg\" height=\"154\" width=\"218\" \/>Os dirigentes do Movimento Nacional pela Advocacia P\u00fablica t\u00eam feito articula\u00e7\u00f5es&nbsp; permanentes na C\u00e2mara para que o presidente da Comiss\u00e3o Especial, deputado Alessandro Molon (PT-RJ), convoque com brevidade a reuni\u00e3o que ir\u00e1 votar o parecer de Lelo Coimbra.<\/p>\n<p>&nbsp;&nbsp;<\/p>\n","protected":false},"excerpt":{"rendered":"<p style=\"text-align: justify;\">Dirigentes das entidades que integram o Movimento Nacional pela Advocacia P\u00fablica reuniram-se para tra\u00e7ar novas estrat\u00e9gias de divulga\u00e7\u00e3o para o pleito da autonomia institucional.<\/p>\n","protected":false},"author":1,"featured_media":0,"comment_status":"closed","ping_status":"open","sticky":false,"template":"","format":"standard","meta":{"footnotes":""},"categories":[8],"tags":[],"featured_image_url":"https:\/\/dummyimage.com\/720x400","character_count":501,"formatted_date":"28\/03\/2014 - 14:10","contentNovo":"\r\n<p>&nbsp;<\/p>\r\n<p style=\"text-align: justify;\">Dirigentes das entidades que integram o Movimento Nacional pela Advocacia P\u00fablica reuniram-se para tra\u00e7ar novas estrat\u00e9gias de divulga\u00e7\u00e3o para o pleito da autonomia institucional.<\/p>\r\n<p style=\"text-align: justify;\">A reuni\u00e3o ocorreu na sede da Anape, em Bras\u00edlia, nesta quinta-feira, 27 de mar\u00e7o. O presidente do SINPROFAZ, Her\u00e1clio Camargo, participou do encontro, que teve como um dos objetivos&nbsp; planejar novas a\u00e7\u00f5es de m\u00eddia para proje\u00e7\u00e3o do Movimento.<\/p>\r\n<p style=\"text-align: justify;\">A PEC 82\/2007, que confere autonomia institucional para a Advocacia P\u00fablica, est\u00e1 pronta para ser votada na Comiss\u00e3o Especial na forma do substitutivo apresentado pelo relator, deputado Lelo Coimbra (PMDB-ES). O parlamentar manifestou-se pela aprova\u00e7\u00e3o da mat\u00e9ria.<\/p>\r\n<p style=\"text-align: justify;\">Os dirigentes do Movimento Nacional pela Advocacia P\u00fablica t\u00eam feito articula\u00e7\u00f5es&nbsp; permanentes na C\u00e2mara para que o presidente da Comiss\u00e3o Especial, deputado Alessandro Molon (PT-RJ), convoque com brevidade a reuni\u00e3o que ir\u00e1 votar o parecer de Lelo Coimbra.<\/p>\r\n<p>&nbsp;&nbsp;<\/p>","_links":{"self":[{"href":"https:\/\/sinprofaz.org.br\/2024\/wp-json\/wp\/v2\/posts\/1702"}],"collection":[{"href":"https:\/\/sinprofaz.org.br\/2024\/wp-json\/wp\/v2\/posts"}],"about":[{"href":"https:\/\/sinprofaz.org.br\/2024\/wp-json\/wp\/v2\/types\/post"}],"author":[{"embeddable":true,"href":"https:\/\/sinprofaz.org.br\/2024\/wp-json\/wp\/v2\/users\/1"}],"replies":[{"embeddable":true,"href":"https:\/\/sinprofaz.org.br\/2024\/wp-json\/wp\/v2\/comments?post=1702"}],"version-history":[{"count":0,"href":"https:\/\/sinprofaz.org.br\/2024\/wp-json\/wp\/v2\/posts\/1702\/revisions"}],"wp:attachment":[{"href":"https:\/\/sinprofaz.org.br\/2024\/wp-json\/wp\/v2\/media?parent=1702"}],"wp:term":[{"taxonomy":"category","embeddable":true,"href":"https:\/\/sinprofaz.org.br\/2024\/wp-json\/wp\/v2\/categories?post=1702"},{"taxonomy":"post_tag","embeddable":true,"href":"https:\/\/sinprofaz.org.br\/2024\/wp-json\/wp\/v2\/tags?post=1702"}],"curies":[{"name":"wp","href":"https:\/\/api.w.org\/{rel}","templated":true}]}}