{"id":1700,"date":"2014-03-27T18:37:28","date_gmt":"2014-03-27T18:37:28","guid":{"rendered":""},"modified":"-0001-11-30T00:00:00","modified_gmt":"-0001-11-30T03:00:00","slug":"ats-presidente-do-sinprofaz-atua-no-senado-em-prol-da-carreira","status":"publish","type":"post","link":"https:\/\/sinprofaz.org.br\/2024\/noticias\/ats-presidente-do-sinprofaz-atua-no-senado-em-prol-da-carreira\/","title":{"rendered":"ATS: Presidente do SINPROFAZ atua no Senado em prol da Carreira"},"content":{"rendered":"<p><img loading=\"lazy\" decoding=\"async\" style=\"margin-right: 10px; float: left;\" alt=\"\" src=\"images\/noticias\/ats\/01.jpg\" height=\"154\" width=\"218\" \/>Her\u00e1clio Camargo conversou com o presidente do Senado, Renan Calheiros (PMDB-AL), sobre a necessidade de os advogados p\u00fablicos serem contemplados na PEC do ATS.<\/p>\n<p>Na conversa com o presidente do SINPROFAZ e dirigentes das demais entidades representativas da Advocacia P\u00fablica, o senador Renan Calheiros se comprometeu a atender o pleito das Carreiras nas propostas de emenda \u00e0 Constitui\u00e7\u00e3o sobre o tema que tramitam na Casa.<\/p>\n<p>Apesar de o relat\u00f3rio do senador Vital do R\u00eago (PMDB\/PB) \u00e0 PEC 63\/13, lido ontem (26\/03) na CCJ, somente prever a parcela indenizat\u00f3ria de valoriza\u00e7\u00e3o por tempo servi\u00e7o \u00e0 Magistratura e ao Minist\u00e9rio P\u00fablico, ainda h\u00e1 possibilidade de inclus\u00e3o da Advocacia P\u00fablica no rol de Carreiras contempladas.<\/p>\n<p>Esta possibilidade pode se concretizar caso o plen\u00e1rio do Senado acolha requerimento do senador Humberto Costa (PT-PE) para que a PEC 63\/13 tramite em conjunto com as PECs 68\/11 e 5\/11.<\/p>\n<p>Enquanto o plen\u00e1rio n\u00e3o se manifestar sobre o requerimento, a mat\u00e9ria ficar\u00e1 sobrestada.<\/p>\n<p style=\"text-align: center;\"><img loading=\"lazy\" decoding=\"async\" style=\"margin-right: 10px;\" alt=\"\" src=\"images\/noticias\/ats\/02.JPG\" height=\"106\" width=\"150\" \/><img loading=\"lazy\" decoding=\"async\" alt=\"\" src=\"images\/noticias\/ats\/03.jpg\" height=\"106\" width=\"150\" \/><\/p>\n","protected":false},"excerpt":{"rendered":"<p>Her\u00e1clio Camargo conversou com o presidente do Senado, Renan Calheiros (PMDB-AL), sobre a necessidade de os advogados p\u00fablicos serem contemplados na PEC do ATS.<\/p>\n","protected":false},"author":1,"featured_media":0,"comment_status":"closed","ping_status":"open","sticky":false,"template":"","format":"standard","meta":{"footnotes":""},"categories":[8],"tags":[],"featured_image_url":"https:\/\/dummyimage.com\/720x400","character_count":511,"formatted_date":"27\/03\/2014 - 18:37","contentNovo":"\r\n<p>Her\u00e1clio Camargo conversou com o presidente do Senado, Renan Calheiros (PMDB-AL), sobre a necessidade de os advogados p\u00fablicos serem contemplados na PEC do ATS.<\/p>\r\n<p>Na conversa com o presidente do SINPROFAZ e dirigentes das demais entidades representativas da Advocacia P\u00fablica, o senador Renan Calheiros se comprometeu a atender o pleito das Carreiras nas propostas de emenda \u00e0 Constitui\u00e7\u00e3o sobre o tema que tramitam na Casa.<\/p>\r\n<p>Apesar de o relat\u00f3rio do senador Vital do R\u00eago (PMDB\/PB) \u00e0 PEC 63\/13, lido ontem (26\/03) na CCJ, somente prever a parcela indenizat\u00f3ria de valoriza\u00e7\u00e3o por tempo servi\u00e7o \u00e0 Magistratura e ao Minist\u00e9rio P\u00fablico, ainda h\u00e1 possibilidade de inclus\u00e3o da Advocacia P\u00fablica no rol de Carreiras contempladas.<\/p>\r\n<p>Esta possibilidade pode se concretizar caso o plen\u00e1rio do Senado acolha requerimento do senador Humberto Costa (PT-PE) para que a PEC 63\/13 tramite em conjunto com as PECs 68\/11 e 5\/11.<\/p>\r\n<p>Enquanto o plen\u00e1rio n\u00e3o se manifestar sobre o requerimento, a mat\u00e9ria ficar\u00e1 sobrestada.<\/p>\r\n<p style=\"text-align: center;\"><\/p>","_links":{"self":[{"href":"https:\/\/sinprofaz.org.br\/2024\/wp-json\/wp\/v2\/posts\/1700"}],"collection":[{"href":"https:\/\/sinprofaz.org.br\/2024\/wp-json\/wp\/v2\/posts"}],"about":[{"href":"https:\/\/sinprofaz.org.br\/2024\/wp-json\/wp\/v2\/types\/post"}],"author":[{"embeddable":true,"href":"https:\/\/sinprofaz.org.br\/2024\/wp-json\/wp\/v2\/users\/1"}],"replies":[{"embeddable":true,"href":"https:\/\/sinprofaz.org.br\/2024\/wp-json\/wp\/v2\/comments?post=1700"}],"version-history":[{"count":0,"href":"https:\/\/sinprofaz.org.br\/2024\/wp-json\/wp\/v2\/posts\/1700\/revisions"}],"wp:attachment":[{"href":"https:\/\/sinprofaz.org.br\/2024\/wp-json\/wp\/v2\/media?parent=1700"}],"wp:term":[{"taxonomy":"category","embeddable":true,"href":"https:\/\/sinprofaz.org.br\/2024\/wp-json\/wp\/v2\/categories?post=1700"},{"taxonomy":"post_tag","embeddable":true,"href":"https:\/\/sinprofaz.org.br\/2024\/wp-json\/wp\/v2\/tags?post=1700"}],"curies":[{"name":"wp","href":"https:\/\/api.w.org\/{rel}","templated":true}]}}