{"id":16994,"date":"2023-10-09T09:15:30","date_gmt":"2023-10-09T12:15:30","guid":{"rendered":"http:\/\/www.sinprofaz.org.br\/?p=16994"},"modified":"2023-10-09T11:53:52","modified_gmt":"2023-10-09T14:53:52","slug":"sinprofaz-se-reune-com-representante-dos-pfns-no-ccha","status":"publish","type":"post","link":"https:\/\/sinprofaz.org.br\/2024\/noticias\/sinprofaz-se-reune-com-representante-dos-pfns-no-ccha\/","title":{"rendered":"SINPROFAZ SE RE\u00daNE COM REPRESENTANTE DOS PFNS NO CCHA"},"content":{"rendered":"<p>O SINPROFAZ, representado pela presidente Iolanda Guindani, esteve reunido na sexta-feira (6) com o filiado Rog\u00e9rio Campos, representante das procuradoras e dos procuradores da Fazenda Nacional no CCHA. A reuni\u00e3o ocorreu na sede do Sindicato, em Bras\u00edlia\/DF.<\/p>\n<p>Na oportunidade, os presentes abordaram os desafios relacionados a uma importante prerrogativa dos advogados p\u00fablicos federais.\u00a0A relev\u00e2ncia das atribui\u00e7\u00f5es do Conselho Curador e do trabalho conjunto desempenhado por SINPROFAZ e CCHA tamb\u00e9m foi destacada ao longo\u00a0da reuni\u00e3o.<\/p>\n\n\t\t<style type=\"text\/css\">\n\t\t\t#gallery-1 {\n\t\t\t\tmargin: auto;\n\t\t\t}\n\t\t\t#gallery-1 .gallery-item {\n\t\t\t\tfloat: left;\n\t\t\t\tmargin-top: 10px;\n\t\t\t\ttext-align: center;\n\t\t\t\twidth: 33%;\n\t\t\t}\n\t\t\t#gallery-1 img {\n\t\t\t\tborder: 2px solid #cfcfcf;\n\t\t\t}\n\t\t\t#gallery-1 .gallery-caption {\n\t\t\t\tmargin-left: 0;\n\t\t\t}\n\t\t\t\/* see gallery_shortcode() in wp-includes\/media.php *\/\n\t\t<\/style>\n\t\t<div id='gallery-1' class='gallery galleryid-16994 gallery-columns-3 gallery-size-thumbnail'><dl class='gallery-item'>\n\t\t\t<dt class='gallery-icon landscape'>\n\t\t\t\t<a href='https:\/\/sinprofaz.org.br\/2024\/wp-content\/uploads\/2023\/10\/2-4.png'><img loading=\"lazy\" decoding=\"async\" width=\"150\" height=\"150\" src=\"https:\/\/sinprofaz.org.br\/2024\/wp-content\/uploads\/2023\/10\/2-4-150x150.png\" class=\"attachment-thumbnail size-thumbnail\" alt=\"\" \/><\/a>\n\t\t\t<\/dt><\/dl>\n\t\t\t<br style='clear: both' \/>\n\t\t<\/div>\n\n","protected":false},"excerpt":{"rendered":"<p>O SINPROFAZ, representado pela presidente Iolanda Guindani, esteve reunido com o filiado Rog\u00e9rio Campos, representante das procuradoras e dos procuradores da Fazenda Nacional no CCHA. Na oportunidade, os presentes abordaram os desafios relacionados a uma importante prerrogativa da Carreira.<\/p>\n","protected":false},"author":2,"featured_media":16995,"comment_status":"open","ping_status":"open","sticky":false,"template":"","format":"standard","meta":{"footnotes":""},"categories":[8],"tags":[32,71,25],"featured_image_url":"https:\/\/sinprofaz.org.br\/2024\/wp-content\/uploads\/2023\/10\/1-4.png","character_count":451,"formatted_date":"09\/10\/2023 - 09:15","contentNovo":"O SINPROFAZ, representado pela presidente Iolanda Guindani, esteve reunido na sexta-feira (6) com o filiado Rog\u00e9rio Campos, representante das procuradoras e dos procuradores da Fazenda Nacional no CCHA. A reuni\u00e3o ocorreu na sede do Sindicato, em Bras\u00edlia\/DF.\r\n\r\nNa oportunidade, os presentes abordaram os desafios relacionados a uma importante prerrogativa dos advogados p\u00fablicos federais.\u00a0A relev\u00e2ncia das atribui\u00e7\u00f5es do Conselho Curador e do trabalho conjunto desempenhado por SINPROFAZ e CCHA tamb\u00e9m foi destacada ao longo\u00a0da reuni\u00e3o.\r\n\r\n[gallery link=\"file\" ids=\"16996\"]","_links":{"self":[{"href":"https:\/\/sinprofaz.org.br\/2024\/wp-json\/wp\/v2\/posts\/16994"}],"collection":[{"href":"https:\/\/sinprofaz.org.br\/2024\/wp-json\/wp\/v2\/posts"}],"about":[{"href":"https:\/\/sinprofaz.org.br\/2024\/wp-json\/wp\/v2\/types\/post"}],"author":[{"embeddable":true,"href":"https:\/\/sinprofaz.org.br\/2024\/wp-json\/wp\/v2\/users\/2"}],"replies":[{"embeddable":true,"href":"https:\/\/sinprofaz.org.br\/2024\/wp-json\/wp\/v2\/comments?post=16994"}],"version-history":[{"count":2,"href":"https:\/\/sinprofaz.org.br\/2024\/wp-json\/wp\/v2\/posts\/16994\/revisions"}],"predecessor-version":[{"id":17002,"href":"https:\/\/sinprofaz.org.br\/2024\/wp-json\/wp\/v2\/posts\/16994\/revisions\/17002"}],"wp:featuredmedia":[{"embeddable":true,"href":"https:\/\/sinprofaz.org.br\/2024\/wp-json\/wp\/v2\/media\/16995"}],"wp:attachment":[{"href":"https:\/\/sinprofaz.org.br\/2024\/wp-json\/wp\/v2\/media?parent=16994"}],"wp:term":[{"taxonomy":"category","embeddable":true,"href":"https:\/\/sinprofaz.org.br\/2024\/wp-json\/wp\/v2\/categories?post=16994"},{"taxonomy":"post_tag","embeddable":true,"href":"https:\/\/sinprofaz.org.br\/2024\/wp-json\/wp\/v2\/tags?post=16994"}],"curies":[{"name":"wp","href":"https:\/\/api.w.org\/{rel}","templated":true}]}}