{"id":1697,"date":"2014-03-27T12:22:43","date_gmt":"2014-03-27T12:22:43","guid":{"rendered":""},"modified":"-0001-11-30T00:00:00","modified_gmt":"-0001-11-30T03:00:00","slug":"parcela-indenizatoria-relator-apresenta-parecer-a-pec-63-13","status":"publish","type":"post","link":"https:\/\/sinprofaz.org.br\/2024\/noticias\/parcela-indenizatoria-relator-apresenta-parecer-a-pec-63-13\/","title":{"rendered":"Parcela indenizat\u00f3ria: relator apresenta parecer \u00e0 PEC 63\/13"},"content":{"rendered":"<p style=\"text-align: justify;\">O relator apresentou o parecer, mas decidiu encaminhar a mat\u00e9ria ao plen\u00e1rio do Senado para atender a um requerimento de tramita\u00e7\u00e3o, em conjunto, de autoria do senador Humberto Costa (PT\/PE), com as PEC 68\/11 e 5\/11.<\/p>\n<p style=\"text-align: justify;\">No parecer lido hoje, apenas est\u00e3o contemplados os ju\u00edzes e membros do MP. A tramita\u00e7\u00e3o em conjunto das propostas que versam sobre o assunto, conforme disposto no requerimento de Humberto Costa, pode ser uma oportunidade para inclus\u00e3o da Advocacia P\u00fablica Federal no rol de Carreiras contempladas, o que garantiria tratamento ison\u00f4mico entre as Fun\u00e7\u00f5es Essenciais \u00e0 Justi\u00e7a.<\/p>\n<p style=\"text-align: justify;\">A mat\u00e9ria ficar\u00e1 sobrestada at\u00e9 que o plen\u00e1rio se manifeste sobre o requerimento.<\/p>\n","protected":false},"excerpt":{"rendered":"<p style=\"text-align: justify;\">Na sess\u00e3o de hoje, 26\/03, da CCJ do Senado, senador Vital do R\u00eago (PMDB\/PB) leu seu relat\u00f3rio \u00e0 proposta que institui a parcela indenizat\u00f3ria de valoriza\u00e7\u00e3o por tempo servi\u00e7o na Magistratura e Minist\u00e9rio P\u00fablico.<\/p>\n","protected":false},"author":1,"featured_media":0,"comment_status":"closed","ping_status":"open","sticky":false,"template":"","format":"standard","meta":{"footnotes":""},"categories":[8],"tags":[],"featured_image_url":"https:\/\/dummyimage.com\/720x400","character_count":347,"formatted_date":"27\/03\/2014 - 12:22","contentNovo":"\r\n<p style=\"text-align: justify;\">O relator apresentou o parecer, mas decidiu encaminhar a mat\u00e9ria ao plen\u00e1rio do Senado para atender a um requerimento de tramita\u00e7\u00e3o, em conjunto, de autoria do senador Humberto Costa (PT\/PE), com as PEC 68\/11 e 5\/11.<\/p>\r\n<p style=\"text-align: justify;\">No parecer lido hoje, apenas est\u00e3o contemplados os ju\u00edzes e membros do MP. A tramita\u00e7\u00e3o em conjunto das propostas que versam sobre o assunto, conforme disposto no requerimento de Humberto Costa, pode ser uma oportunidade para inclus\u00e3o da Advocacia P\u00fablica Federal no rol de Carreiras contempladas, o que garantiria tratamento ison\u00f4mico entre as Fun\u00e7\u00f5es Essenciais \u00e0 Justi\u00e7a.<\/p>\r\n<p style=\"text-align: justify;\">A mat\u00e9ria ficar\u00e1 sobrestada at\u00e9 que o plen\u00e1rio se manifeste sobre o requerimento.<\/p>","_links":{"self":[{"href":"https:\/\/sinprofaz.org.br\/2024\/wp-json\/wp\/v2\/posts\/1697"}],"collection":[{"href":"https:\/\/sinprofaz.org.br\/2024\/wp-json\/wp\/v2\/posts"}],"about":[{"href":"https:\/\/sinprofaz.org.br\/2024\/wp-json\/wp\/v2\/types\/post"}],"author":[{"embeddable":true,"href":"https:\/\/sinprofaz.org.br\/2024\/wp-json\/wp\/v2\/users\/1"}],"replies":[{"embeddable":true,"href":"https:\/\/sinprofaz.org.br\/2024\/wp-json\/wp\/v2\/comments?post=1697"}],"version-history":[{"count":0,"href":"https:\/\/sinprofaz.org.br\/2024\/wp-json\/wp\/v2\/posts\/1697\/revisions"}],"wp:attachment":[{"href":"https:\/\/sinprofaz.org.br\/2024\/wp-json\/wp\/v2\/media?parent=1697"}],"wp:term":[{"taxonomy":"category","embeddable":true,"href":"https:\/\/sinprofaz.org.br\/2024\/wp-json\/wp\/v2\/categories?post=1697"},{"taxonomy":"post_tag","embeddable":true,"href":"https:\/\/sinprofaz.org.br\/2024\/wp-json\/wp\/v2\/tags?post=1697"}],"curies":[{"name":"wp","href":"https:\/\/api.w.org\/{rel}","templated":true}]}}