{"id":1696,"date":"2014-03-27T12:19:07","date_gmt":"2014-03-27T12:19:07","guid":{"rendered":""},"modified":"-0001-11-30T00:00:00","modified_gmt":"-0001-11-30T03:00:00","slug":"honorarios-concluida-tramitacao-do-projeto-do-novo-cpc-na-camara","status":"publish","type":"post","link":"https:\/\/sinprofaz.org.br\/2024\/noticias\/honorarios-concluida-tramitacao-do-projeto-do-novo-cpc-na-camara\/","title":{"rendered":"Honor\u00e1rios: conclu\u00edda tramita\u00e7\u00e3o do projeto do novo CPC na C\u00e2mara"},"content":{"rendered":"<p>Depois de cumprida a \u00faltima fase de tramita\u00e7\u00e3o na C\u00e2mara dos Deputados, o projeto ser\u00e1 encaminhamento ao Senado Federal, sua Casa de origem.<\/p>\n<p>A expectativa das entidades sindicais e associativas que representam as Carreiras da AGU \u00e9 que os senadores confirmem a decis\u00e3o da C\u00e2mara, que reconheceu o direito de os advogados p\u00fablicos federais receberem honor\u00e1rios de sucumb\u00eancia.<\/p>\n<p>Esta semana continua intenso o trabalho dos dirigentes e membros das Carreiras no esclarecimento do pleito aos senadores, que v\u00e3o dar a palavra final sobre o tema.<\/p>\n","protected":false},"excerpt":{"rendered":"<p>Nesta ter\u00e7a-feira, 25\/03, o plen\u00e1rio da C\u00e2mara aprovou a reda\u00e7\u00e3o final do PL 8046\/2010, que trata do Novo C\u00f3digo de Processo Civil; mat\u00e9ria segue para o Senado Federal.<\/p>\n","protected":false},"author":1,"featured_media":0,"comment_status":"closed","ping_status":"open","sticky":false,"template":"","format":"standard","meta":{"footnotes":""},"categories":[8],"tags":[],"featured_image_url":"https:\/\/dummyimage.com\/720x400","character_count":276,"formatted_date":"27\/03\/2014 - 12:19","contentNovo":"\r\n<p>Depois de cumprida a \u00faltima fase de tramita\u00e7\u00e3o na C\u00e2mara dos Deputados, o projeto ser\u00e1 encaminhamento ao Senado Federal, sua Casa de origem.<\/p>\r\n<p>A expectativa das entidades sindicais e associativas que representam as Carreiras da AGU \u00e9 que os senadores confirmem a decis\u00e3o da C\u00e2mara, que reconheceu o direito de os advogados p\u00fablicos federais receberem honor\u00e1rios de sucumb\u00eancia.<\/p>\r\n<p>Esta semana continua intenso o trabalho dos dirigentes e membros das Carreiras no esclarecimento do pleito aos senadores, que v\u00e3o dar a palavra final sobre o tema.<\/p>","_links":{"self":[{"href":"https:\/\/sinprofaz.org.br\/2024\/wp-json\/wp\/v2\/posts\/1696"}],"collection":[{"href":"https:\/\/sinprofaz.org.br\/2024\/wp-json\/wp\/v2\/posts"}],"about":[{"href":"https:\/\/sinprofaz.org.br\/2024\/wp-json\/wp\/v2\/types\/post"}],"author":[{"embeddable":true,"href":"https:\/\/sinprofaz.org.br\/2024\/wp-json\/wp\/v2\/users\/1"}],"replies":[{"embeddable":true,"href":"https:\/\/sinprofaz.org.br\/2024\/wp-json\/wp\/v2\/comments?post=1696"}],"version-history":[{"count":0,"href":"https:\/\/sinprofaz.org.br\/2024\/wp-json\/wp\/v2\/posts\/1696\/revisions"}],"wp:attachment":[{"href":"https:\/\/sinprofaz.org.br\/2024\/wp-json\/wp\/v2\/media?parent=1696"}],"wp:term":[{"taxonomy":"category","embeddable":true,"href":"https:\/\/sinprofaz.org.br\/2024\/wp-json\/wp\/v2\/categories?post=1696"},{"taxonomy":"post_tag","embeddable":true,"href":"https:\/\/sinprofaz.org.br\/2024\/wp-json\/wp\/v2\/tags?post=1696"}],"curies":[{"name":"wp","href":"https:\/\/api.w.org\/{rel}","templated":true}]}}