{"id":1694,"date":"2014-03-26T13:06:15","date_gmt":"2014-03-26T13:06:15","guid":{"rendered":""},"modified":"-0001-11-30T00:00:00","modified_gmt":"-0001-11-30T03:00:00","slug":"juiz-federal-defende-os-honorarios-sucumbenciais-para-os-advogados-publicos","status":"publish","type":"post","link":"https:\/\/sinprofaz.org.br\/2024\/noticias\/juiz-federal-defende-os-honorarios-sucumbenciais-para-os-advogados-publicos\/","title":{"rendered":"Juiz federal defende os honor\u00e1rios sucumbenciais para os advogados p\u00fablicos"},"content":{"rendered":"<p>\u201cA advocacia p\u00fablica precisa ser de Estado e n\u00e3o de governo, e uma boa advocacia se faz com a valoriza\u00e7\u00e3o e o respeito aos advogados e aos seus direitos\u201d. Este \u00e9 um dos argumentos expostos pelo autor do artigo ao defender os honor\u00e1rios para os advogados p\u00fablicos.<\/p>\n<p>William Douglas conclui que \u201ca melhor expectativa \u00e9 a de que o Senado Federal trate a quest\u00e3o com vis\u00e3o estrat\u00e9gica e de Estado, prestigiando a C\u00e2mara dos Deputados e, principalmente, valorizando os que defendem a Uni\u00e3o. Confirmando a medida, teremos evolu\u00e7\u00e3o legislativa favor\u00e1vel ao bom funcionamento do Estado brasileiro\u201d.<\/p>\n<p>Leia <a href=\"http:\/\/blogwilliamdouglas.blogspot.com.br\/2014\/03\/advocacia-publica-da-uniao-honorarios.html\" target=\"_blank\">aqui<\/a> a \u00edntegra do artigo.<\/p>\n","protected":false},"excerpt":{"rendered":"<p>O juiz federal William Douglas postou artigo em seu blog, ressaltando que o governo n\u00e3o deve abdicar da cria\u00e7\u00e3o de um justo e eficiente incentivo para a produtividade dos advogados p\u00fablicos.<\/p>\n","protected":false},"author":1,"featured_media":0,"comment_status":"closed","ping_status":"open","sticky":false,"template":"","format":"standard","meta":{"footnotes":""},"categories":[8],"tags":[],"featured_image_url":"https:\/\/dummyimage.com\/720x400","character_count":323,"formatted_date":"26\/03\/2014 - 13:06","contentNovo":"\r\n<p>\u201cA advocacia p\u00fablica precisa ser de Estado e n\u00e3o de governo, e uma boa advocacia se faz com a valoriza\u00e7\u00e3o e o respeito aos advogados e aos seus direitos\u201d. Este \u00e9 um dos argumentos expostos pelo autor do artigo ao defender os honor\u00e1rios para os advogados p\u00fablicos.<\/p>\r\n<p>William Douglas conclui que \u201ca melhor expectativa \u00e9 a de que o Senado Federal trate a quest\u00e3o com vis\u00e3o estrat\u00e9gica e de Estado, prestigiando a C\u00e2mara dos Deputados e, principalmente, valorizando os que defendem a Uni\u00e3o. Confirmando a medida, teremos evolu\u00e7\u00e3o legislativa favor\u00e1vel ao bom funcionamento do Estado brasileiro\u201d.<\/p>\r\n<p>Leia <a href=\"http:\/\/blogwilliamdouglas.blogspot.com.br\/2014\/03\/advocacia-publica-da-uniao-honorarios.html\" target=\"_blank\">aqui<\/a> a \u00edntegra do artigo.<\/p>","_links":{"self":[{"href":"https:\/\/sinprofaz.org.br\/2024\/wp-json\/wp\/v2\/posts\/1694"}],"collection":[{"href":"https:\/\/sinprofaz.org.br\/2024\/wp-json\/wp\/v2\/posts"}],"about":[{"href":"https:\/\/sinprofaz.org.br\/2024\/wp-json\/wp\/v2\/types\/post"}],"author":[{"embeddable":true,"href":"https:\/\/sinprofaz.org.br\/2024\/wp-json\/wp\/v2\/users\/1"}],"replies":[{"embeddable":true,"href":"https:\/\/sinprofaz.org.br\/2024\/wp-json\/wp\/v2\/comments?post=1694"}],"version-history":[{"count":0,"href":"https:\/\/sinprofaz.org.br\/2024\/wp-json\/wp\/v2\/posts\/1694\/revisions"}],"wp:attachment":[{"href":"https:\/\/sinprofaz.org.br\/2024\/wp-json\/wp\/v2\/media?parent=1694"}],"wp:term":[{"taxonomy":"category","embeddable":true,"href":"https:\/\/sinprofaz.org.br\/2024\/wp-json\/wp\/v2\/categories?post=1694"},{"taxonomy":"post_tag","embeddable":true,"href":"https:\/\/sinprofaz.org.br\/2024\/wp-json\/wp\/v2\/tags?post=1694"}],"curies":[{"name":"wp","href":"https:\/\/api.w.org\/{rel}","templated":true}]}}