{"id":1693,"date":"2014-03-26T12:57:08","date_gmt":"2014-03-26T12:57:08","guid":{"rendered":""},"modified":"-0001-11-30T00:00:00","modified_gmt":"-0001-11-30T03:00:00","slug":"honorarios-advogados-publicos-unidos-para-confirmar-apoio-de-senadores","status":"publish","type":"post","link":"https:\/\/sinprofaz.org.br\/2024\/noticias\/honorarios-advogados-publicos-unidos-para-confirmar-apoio-de-senadores\/","title":{"rendered":"Honor\u00e1rios: advogados p\u00fablicos unidos para confirmar apoio de senadores"},"content":{"rendered":"<p><img loading=\"lazy\" decoding=\"async\" style=\"margin-right: 10px; float: left;\" alt=\"\" src=\"images\/noticias\/honorarios\/advogados-publicos-unidos-para-confirmar-apoio-de-senadores\/01.jpg\" height=\"164\" width=\"218\" \/>Em reuni\u00e3o no escrit\u00f3rio em Recife no dia 21 de mar\u00e7o, senador Jarbas Vanconcelos (PMDB-PE) declarou apoio aos honor\u00e1rios sucumbenciais para os advogados p\u00fablicos federais.<\/p>\n<p>Na audi\u00eancia, estavam presentes: o subdelegado do SINPROFAZ em Pernambuco, Dr. Paulo Times; Dra.Suzana Times, representando a Unafe; Dr. Ant\u00f4nio Xavier, da CEF; Dr. Charbel, presidente da Associa\u00e7\u00e3o dos Procuradores do Munic\u00edpio de Recife; e Dr. F\u00e1bio, presidente da Comiss\u00e3o dos Advogados P\u00fablicos &#8211; CAP\/OAB.<\/p>\n<p>O senador Jarbas Vasconcelos, que \u00e9 advogado, recebeu muito bem os advogados p\u00fablicos, inclusive j\u00e1 tendo conhecimento do assunto.<\/p>\n<p>Na reuni\u00e3o, os representantes das Carreiras esclareceram ao senador algumas d\u00favidas, ressaltando que a altera\u00e7\u00e3o do CPC na C\u00e2mara se deu a pedido das Carreira que se empenham na sua aprova\u00e7\u00e3o.<\/p>\n<p>O parlamentar solidarizou-se com a causa, manifestando expressamente seu apoio. Ele tamb\u00e9m disse que acompanharia de perto a tramita\u00e7\u00e3o do projeto na Casa.<\/p>\n","protected":false},"excerpt":{"rendered":"<p>Em reuni\u00e3o no escrit\u00f3rio em Recife no dia 21 de mar\u00e7o, senador Jarbas Vanconcelos (PMDB-PE) declarou apoio aos honor\u00e1rios sucumbenciais para os advogados p\u00fablicos federais.<\/p>\n","protected":false},"author":1,"featured_media":0,"comment_status":"closed","ping_status":"open","sticky":false,"template":"","format":"standard","meta":{"footnotes":""},"categories":[8],"tags":[],"featured_image_url":"https:\/\/dummyimage.com\/720x400","character_count":498,"formatted_date":"26\/03\/2014 - 12:57","contentNovo":"\r\n<p>Em reuni\u00e3o no escrit\u00f3rio em Recife no dia 21 de mar\u00e7o, senador Jarbas Vanconcelos (PMDB-PE) declarou apoio aos honor\u00e1rios sucumbenciais para os advogados p\u00fablicos federais.<\/p>\r\n<p>Na audi\u00eancia, estavam presentes: o subdelegado do SINPROFAZ em Pernambuco, Dr. Paulo Times; Dra.Suzana Times, representando a Unafe; Dr. Ant\u00f4nio Xavier, da CEF; Dr. Charbel, presidente da Associa\u00e7\u00e3o dos Procuradores do Munic\u00edpio de Recife; e Dr. F\u00e1bio, presidente da Comiss\u00e3o dos Advogados P\u00fablicos - CAP\/OAB.<\/p>\r\n<p>O senador Jarbas Vasconcelos, que \u00e9 advogado, recebeu muito bem os advogados p\u00fablicos, inclusive j\u00e1 tendo conhecimento do assunto.<\/p>\r\n<p>Na reuni\u00e3o, os representantes das Carreiras esclareceram ao senador algumas d\u00favidas, ressaltando que a altera\u00e7\u00e3o do CPC na C\u00e2mara se deu a pedido das Carreira que se empenham na sua aprova\u00e7\u00e3o.<\/p>\r\n<p>O parlamentar solidarizou-se com a causa, manifestando expressamente seu apoio. Ele tamb\u00e9m disse que acompanharia de perto a tramita\u00e7\u00e3o do projeto na Casa.<\/p>","_links":{"self":[{"href":"https:\/\/sinprofaz.org.br\/2024\/wp-json\/wp\/v2\/posts\/1693"}],"collection":[{"href":"https:\/\/sinprofaz.org.br\/2024\/wp-json\/wp\/v2\/posts"}],"about":[{"href":"https:\/\/sinprofaz.org.br\/2024\/wp-json\/wp\/v2\/types\/post"}],"author":[{"embeddable":true,"href":"https:\/\/sinprofaz.org.br\/2024\/wp-json\/wp\/v2\/users\/1"}],"replies":[{"embeddable":true,"href":"https:\/\/sinprofaz.org.br\/2024\/wp-json\/wp\/v2\/comments?post=1693"}],"version-history":[{"count":0,"href":"https:\/\/sinprofaz.org.br\/2024\/wp-json\/wp\/v2\/posts\/1693\/revisions"}],"wp:attachment":[{"href":"https:\/\/sinprofaz.org.br\/2024\/wp-json\/wp\/v2\/media?parent=1693"}],"wp:term":[{"taxonomy":"category","embeddable":true,"href":"https:\/\/sinprofaz.org.br\/2024\/wp-json\/wp\/v2\/categories?post=1693"},{"taxonomy":"post_tag","embeddable":true,"href":"https:\/\/sinprofaz.org.br\/2024\/wp-json\/wp\/v2\/tags?post=1693"}],"curies":[{"name":"wp","href":"https:\/\/api.w.org\/{rel}","templated":true}]}}