{"id":16911,"date":"2023-09-28T11:01:37","date_gmt":"2023-09-28T14:01:37","guid":{"rendered":"http:\/\/www.sinprofaz.org.br\/?p=16911"},"modified":"2023-10-03T11:04:43","modified_gmt":"2023-10-03T14:04:43","slug":"sinprofaz-comparece-a-solenidade-de-lancamento-do-observatorio-da-democracia","status":"publish","type":"post","link":"https:\/\/sinprofaz.org.br\/2024\/noticias\/sinprofaz-comparece-a-solenidade-de-lancamento-do-observatorio-da-democracia\/","title":{"rendered":"SINPROFAZ COMPARECE \u00c0 SOLENIDADE DE LAN\u00c7AMENTO DO OBSERVAT\u00d3RIO DA DEMOCRACIA"},"content":{"rendered":"<p>O SINPROFAZ, representado pelo diretor Roberto Rodrigues, compareceu ontem (27) \u00e0 cerim\u00f4nia de lan\u00e7amento do Observat\u00f3rio da Democracia. Promovida pela AGU em Bras\u00edlia\/DF, a solenidade teve como anfitri\u00e3o Jorge Messias, advogado-geral da Uni\u00e3o, e foi oportunidade para a posse\u00a0do ex-ministro do STF Ricardo Lewandowski como presidente do Observat\u00f3rio. No evento, a Carreira tamb\u00e9m foi representada pelo ex-presidente do SINPROFAZ Jo\u00e3o Carlos Souto, hoje diretor da Escola Superior da AGU e representante da Advocacia-Geral da Uni\u00e3o no Conselho Gestor do Observat\u00f3rio. Coube a Jo\u00e3o Carlos Souto proferir o discurso inaugural do evento, no qual destacou a import\u00e2ncia da cria\u00e7\u00e3o do Observat\u00f3rio.<\/p>\n<p>A posse de Ricardo\u00a0Lewandowski foi seguida por discursos. De acordo com o presidente do Observat\u00f3rio, o centro foi criado em boa hora, pois, at\u00e9 pouco tempo, imaginava-se\u00a0que o simples advento da Constitui\u00e7\u00e3o Cidad\u00e3 de 1988 garantiria para sempre a democracia. &#8220;Ledo engano. Mas penso que, ap\u00f3s o ataque sofrido, n\u00f3s todos nos\u00a0uniremos\u00a0em defesa da estabilidade das institui\u00e7\u00f5es e desse valor inestim\u00e1vel que \u00e9 a democracia.&#8221; O discurso esteve em sintonia com a fala do filiado Jorge Messias, segundo o qual &#8220;o presidente Lula j\u00e1 assinalou que n\u00e3o h\u00e1 democracia sem sindicatos fortes. Eu, que iniciei minha vida p\u00fablica como l\u00edder das entidades sindicais da advocacia p\u00fablica federal, n\u00e3o poderia deixar de concordar&#8221;.<\/p>\n<p><strong>Presen\u00e7as<\/strong><br \/>\nA cerim\u00f4nia de lan\u00e7amento do Observat\u00f3rio da Democracia foi prestigiada por uma s\u00e9rie de autoridades. Juntamente com Jorge Messias e Ricardo Lewandowski, compuseram o dispositivo de honra o ministro do STF Dias Toffoli; o ministro das Rela\u00e7\u00f5es Institucionais, Alexandre Padilha; a presidente da Comiss\u00e3o de Defesa da Democracia do Senado Federal, Eliziane Gama (PSD\/MA); o presidente do TST, Lelio Bentes Corr\u00eaa; a ministra do TSE Edilene L\u00f4bo; o presidente nacional da OAB, Beto Simonetti; o ministro-chefe da Secretaria-Geral da Presid\u00eancia da Rep\u00fablica, M\u00e1rcio Mac\u00eado; e a ministra do Meio Ambiente, Marina Silva.<\/p>\n<p>Tamb\u00e9m compareceram \u00e0 solenidade a ministra da Gest\u00e3o e da Inova\u00e7\u00e3o em Servi\u00e7os P\u00fablicos, Esther Dweck; o ministro-chefe da Casa Civil, Rui Costa;\u00a0o ministro das Cidades, Jader Barbalho Filho; o ministro da CGU, Vinicius Marques de Carvalho; o presidente do TCU, Bruno Dantas; o deputado federal\u00a0Bohn Gass (PT\/RS), entre outras autoridades. Os ex-presidentes do SINPROFAZ Allan Titonelli Nunes, desembargador eleitoral do TRE\/RJ, e Her\u00e1clio Camargo, corregedor-geral da AGU, marcaram presen\u00e7a no evento, assim como a procuradora-geral da Fazenda Nacional e\u00a0filiada, Anelize Ruas.<\/p>\n<p><strong>Sobre o\u00a0Observat\u00f3rio da Democracia<\/strong><br \/>\nO Observat\u00f3rio \u00e9 um centro de reflex\u00f5es e estudos que visa \u00e0 integra\u00e7\u00e3o entre os Poderes, o equil\u00edbrio institucional e as experi\u00eancias internacionais. Vinculado \u00e0 Escola Superior da AGU, o Observat\u00f3rio se\u00a0conecta a tr\u00eas eixos tem\u00e1ticos: democracia participativa e fortalecimento das institui\u00e7\u00f5es democr\u00e1ticas; separa\u00e7\u00e3o dos Poderes e democracia constitucional; desafios das democracias contempor\u00e2neas, direito \u00e0 informa\u00e7\u00e3o e liberdade de express\u00e3o. Conforme o\u00a0<a href=\"http:\/\/www.planalto.gov.br\/ccivil_03\/_ato2023-2026\/2023\/decreto\/D11716.htm\">Decreto n\u00ba 11.716, de 26 de setembro de 2023<\/a>, que instituiu o Observat\u00f3rio, compete ao centro\u00a0subsidiar medidas para o fortalecimento das institui\u00e7\u00f5es democr\u00e1ticas.<\/p>\n\n\t\t<style type=\"text\/css\">\n\t\t\t#gallery-1 {\n\t\t\t\tmargin: auto;\n\t\t\t}\n\t\t\t#gallery-1 .gallery-item {\n\t\t\t\tfloat: left;\n\t\t\t\tmargin-top: 10px;\n\t\t\t\ttext-align: center;\n\t\t\t\twidth: 33%;\n\t\t\t}\n\t\t\t#gallery-1 img {\n\t\t\t\tborder: 2px solid #cfcfcf;\n\t\t\t}\n\t\t\t#gallery-1 .gallery-caption {\n\t\t\t\tmargin-left: 0;\n\t\t\t}\n\t\t\t\/* see gallery_shortcode() in wp-includes\/media.php *\/\n\t\t<\/style>\n\t\t<div id='gallery-1' class='gallery galleryid-16911 gallery-columns-3 gallery-size-thumbnail'><dl class='gallery-item'>\n\t\t\t<dt class='gallery-icon landscape'>\n\t\t\t\t<a href='https:\/\/sinprofaz.org.br\/2024\/wp-content\/uploads\/2023\/09\/2-1.jpg'><img loading=\"lazy\" decoding=\"async\" width=\"150\" height=\"150\" src=\"https:\/\/sinprofaz.org.br\/2024\/wp-content\/uploads\/2023\/09\/2-1-150x150.jpg\" class=\"attachment-thumbnail size-thumbnail\" alt=\"\" \/><\/a>\n\t\t\t<\/dt><\/dl><dl class='gallery-item'>\n\t\t\t<dt class='gallery-icon landscape'>\n\t\t\t\t<a href='https:\/\/sinprofaz.org.br\/2024\/wp-content\/uploads\/2023\/09\/3-1.jpg'><img loading=\"lazy\" decoding=\"async\" width=\"150\" height=\"150\" src=\"https:\/\/sinprofaz.org.br\/2024\/wp-content\/uploads\/2023\/09\/3-1-150x150.jpg\" class=\"attachment-thumbnail size-thumbnail\" alt=\"\" \/><\/a>\n\t\t\t<\/dt><\/dl><dl class='gallery-item'>\n\t\t\t<dt class='gallery-icon landscape'>\n\t\t\t\t<a href='https:\/\/sinprofaz.org.br\/2024\/wp-content\/uploads\/2023\/09\/4-1.jpg'><img loading=\"lazy\" decoding=\"async\" width=\"150\" height=\"150\" src=\"https:\/\/sinprofaz.org.br\/2024\/wp-content\/uploads\/2023\/09\/4-1-150x150.jpg\" class=\"attachment-thumbnail size-thumbnail\" alt=\"\" \/><\/a>\n\t\t\t<\/dt><\/dl><br style=\"clear: both\" \/><dl class='gallery-item'>\n\t\t\t<dt class='gallery-icon landscape'>\n\t\t\t\t<a href='https:\/\/sinprofaz.org.br\/2024\/wp-content\/uploads\/2023\/09\/5-1.jpg'><img loading=\"lazy\" decoding=\"async\" width=\"150\" height=\"150\" src=\"https:\/\/sinprofaz.org.br\/2024\/wp-content\/uploads\/2023\/09\/5-1-150x150.jpg\" class=\"attachment-thumbnail size-thumbnail\" alt=\"\" \/><\/a>\n\t\t\t<\/dt><\/dl><dl class='gallery-item'>\n\t\t\t<dt class='gallery-icon landscape'>\n\t\t\t\t<a href='https:\/\/sinprofaz.org.br\/2024\/wp-content\/uploads\/2023\/09\/6-1.jpg'><img loading=\"lazy\" decoding=\"async\" width=\"150\" height=\"150\" src=\"https:\/\/sinprofaz.org.br\/2024\/wp-content\/uploads\/2023\/09\/6-1-150x150.jpg\" class=\"attachment-thumbnail size-thumbnail\" alt=\"\" \/><\/a>\n\t\t\t<\/dt><\/dl><dl class='gallery-item'>\n\t\t\t<dt class='gallery-icon landscape'>\n\t\t\t\t<a href='https:\/\/sinprofaz.org.br\/2024\/wp-content\/uploads\/2023\/09\/7-1.jpg'><img loading=\"lazy\" decoding=\"async\" width=\"150\" height=\"150\" src=\"https:\/\/sinprofaz.org.br\/2024\/wp-content\/uploads\/2023\/09\/7-1-150x150.jpg\" class=\"attachment-thumbnail size-thumbnail\" alt=\"\" \/><\/a>\n\t\t\t<\/dt><\/dl><br style=\"clear: both\" \/><dl class='gallery-item'>\n\t\t\t<dt class='gallery-icon landscape'>\n\t\t\t\t<a href='https:\/\/sinprofaz.org.br\/2024\/wp-content\/uploads\/2023\/09\/8-1.jpg'><img loading=\"lazy\" decoding=\"async\" width=\"150\" height=\"150\" src=\"https:\/\/sinprofaz.org.br\/2024\/wp-content\/uploads\/2023\/09\/8-1-150x150.jpg\" class=\"attachment-thumbnail size-thumbnail\" alt=\"\" \/><\/a>\n\t\t\t<\/dt><\/dl><dl class='gallery-item'>\n\t\t\t<dt class='gallery-icon landscape'>\n\t\t\t\t<a href='https:\/\/sinprofaz.org.br\/2024\/wp-content\/uploads\/2023\/09\/9-1.jpg'><img loading=\"lazy\" decoding=\"async\" width=\"150\" height=\"150\" src=\"https:\/\/sinprofaz.org.br\/2024\/wp-content\/uploads\/2023\/09\/9-1-150x150.jpg\" class=\"attachment-thumbnail size-thumbnail\" alt=\"\" \/><\/a>\n\t\t\t<\/dt><\/dl><dl class='gallery-item'>\n\t\t\t<dt class='gallery-icon landscape'>\n\t\t\t\t<a href='https:\/\/sinprofaz.org.br\/2024\/wp-content\/uploads\/2023\/09\/10-1.jpg'><img loading=\"lazy\" decoding=\"async\" width=\"150\" height=\"150\" src=\"https:\/\/sinprofaz.org.br\/2024\/wp-content\/uploads\/2023\/09\/10-1-150x150.jpg\" class=\"attachment-thumbnail size-thumbnail\" alt=\"\" \/><\/a>\n\t\t\t<\/dt><\/dl><br style=\"clear: both\" \/>\n\t\t<\/div>\n\n","protected":false},"excerpt":{"rendered":"<p>O diretor Roberto Rodrigues compareceu ao lan\u00e7amento do Observat\u00f3rio da Democracia. A solenidade teve como anfitri\u00e3o o AGU filiado Jorge Messias e foi oportunidade para a posse de Ricardo Lewandowski como presidente do Observat\u00f3rio.<\/p>\n","protected":false},"author":2,"featured_media":16915,"comment_status":"open","ping_status":"open","sticky":false,"template":"","format":"standard","meta":{"footnotes":""},"categories":[8],"tags":[43,32,146,25],"featured_image_url":"https:\/\/sinprofaz.org.br\/2024\/wp-content\/uploads\/2023\/09\/5FCFC0C7-BCB2-49FF-8709-9F892DEFDD4D.png","character_count":1929,"formatted_date":"28\/09\/2023 - 11:01","contentNovo":"O SINPROFAZ, representado pelo diretor Roberto Rodrigues, compareceu ontem (27) \u00e0 cerim\u00f4nia de lan\u00e7amento do Observat\u00f3rio da Democracia. Promovida pela AGU em Bras\u00edlia\/DF, a solenidade teve como anfitri\u00e3o Jorge Messias, advogado-geral da Uni\u00e3o, e foi oportunidade para a posse\u00a0do ex-ministro do STF Ricardo Lewandowski como presidente do Observat\u00f3rio. No evento, a Carreira tamb\u00e9m foi representada pelo ex-presidente do SINPROFAZ Jo\u00e3o Carlos Souto, hoje diretor da Escola Superior da AGU e representante da Advocacia-Geral da Uni\u00e3o no Conselho Gestor do Observat\u00f3rio. Coube a Jo\u00e3o Carlos Souto proferir o discurso inaugural do evento, no qual destacou a import\u00e2ncia da cria\u00e7\u00e3o do Observat\u00f3rio.\r\n\r\nA posse de Ricardo\u00a0Lewandowski foi seguida por discursos. De acordo com o presidente do Observat\u00f3rio, o centro foi criado em boa hora, pois, at\u00e9 pouco tempo, imaginava-se\u00a0que o simples advento da Constitui\u00e7\u00e3o Cidad\u00e3 de 1988 garantiria para sempre a democracia. \"Ledo engano. Mas penso que, ap\u00f3s o ataque sofrido, n\u00f3s todos nos\u00a0uniremos\u00a0em defesa da estabilidade das institui\u00e7\u00f5es e desse valor inestim\u00e1vel que \u00e9 a democracia.\" O discurso esteve em sintonia com a fala do filiado Jorge Messias, segundo o qual \"o presidente Lula j\u00e1 assinalou que n\u00e3o h\u00e1 democracia sem sindicatos fortes. Eu, que iniciei minha vida p\u00fablica como l\u00edder das entidades sindicais da advocacia p\u00fablica federal, n\u00e3o poderia deixar de concordar\".\r\n\r\n<strong>Presen\u00e7as<\/strong>\r\nA cerim\u00f4nia de lan\u00e7amento do Observat\u00f3rio da Democracia foi prestigiada por uma s\u00e9rie de autoridades. Juntamente com Jorge Messias e Ricardo Lewandowski, compuseram o dispositivo de honra o ministro do STF Dias Toffoli; o ministro das Rela\u00e7\u00f5es Institucionais, Alexandre Padilha; a presidente da Comiss\u00e3o de Defesa da Democracia do Senado Federal, Eliziane Gama (PSD\/MA); o presidente do TST, Lelio Bentes Corr\u00eaa; a ministra do TSE Edilene L\u00f4bo; o presidente nacional da OAB, Beto Simonetti; o ministro-chefe da Secretaria-Geral da Presid\u00eancia da Rep\u00fablica, M\u00e1rcio Mac\u00eado; e a ministra do Meio Ambiente, Marina Silva.\r\n\r\nTamb\u00e9m compareceram \u00e0 solenidade a ministra da Gest\u00e3o e da Inova\u00e7\u00e3o em Servi\u00e7os P\u00fablicos, Esther Dweck; o ministro-chefe da Casa Civil, Rui Costa;\u00a0o ministro das Cidades, Jader Barbalho Filho; o ministro da CGU, Vinicius Marques de Carvalho; o presidente do TCU, Bruno Dantas; o deputado federal\u00a0Bohn Gass (PT\/RS), entre outras autoridades. Os ex-presidentes do SINPROFAZ Allan Titonelli Nunes, desembargador eleitoral do TRE\/RJ, e Her\u00e1clio Camargo, corregedor-geral da AGU, marcaram presen\u00e7a no evento, assim como a procuradora-geral da Fazenda Nacional e\u00a0filiada, Anelize Ruas.\r\n\r\n<strong>Sobre o\u00a0Observat\u00f3rio da Democracia<\/strong>\r\nO Observat\u00f3rio \u00e9 um centro de reflex\u00f5es e estudos que visa \u00e0 integra\u00e7\u00e3o entre os Poderes, o equil\u00edbrio institucional e as experi\u00eancias internacionais. Vinculado \u00e0 Escola Superior da AGU, o Observat\u00f3rio se\u00a0conecta a tr\u00eas eixos tem\u00e1ticos: democracia participativa e fortalecimento das institui\u00e7\u00f5es democr\u00e1ticas; separa\u00e7\u00e3o dos Poderes e democracia constitucional; desafios das democracias contempor\u00e2neas, direito \u00e0 informa\u00e7\u00e3o e liberdade de express\u00e3o. Conforme o\u00a0<a href=\"http:\/\/www.planalto.gov.br\/ccivil_03\/_ato2023-2026\/2023\/decreto\/D11716.htm\">Decreto n\u00ba 11.716, de 26 de setembro de 2023<\/a>, que instituiu o Observat\u00f3rio, compete ao centro\u00a0subsidiar medidas para o fortalecimento das institui\u00e7\u00f5es democr\u00e1ticas.\r\n\r\n[gallery link=\"file\" ids=\"16938,16939,16940,16941,16942,16943,16944,16945,16946\"]","_links":{"self":[{"href":"https:\/\/sinprofaz.org.br\/2024\/wp-json\/wp\/v2\/posts\/16911"}],"collection":[{"href":"https:\/\/sinprofaz.org.br\/2024\/wp-json\/wp\/v2\/posts"}],"about":[{"href":"https:\/\/sinprofaz.org.br\/2024\/wp-json\/wp\/v2\/types\/post"}],"author":[{"embeddable":true,"href":"https:\/\/sinprofaz.org.br\/2024\/wp-json\/wp\/v2\/users\/2"}],"replies":[{"embeddable":true,"href":"https:\/\/sinprofaz.org.br\/2024\/wp-json\/wp\/v2\/comments?post=16911"}],"version-history":[{"count":7,"href":"https:\/\/sinprofaz.org.br\/2024\/wp-json\/wp\/v2\/posts\/16911\/revisions"}],"predecessor-version":[{"id":16968,"href":"https:\/\/sinprofaz.org.br\/2024\/wp-json\/wp\/v2\/posts\/16911\/revisions\/16968"}],"wp:featuredmedia":[{"embeddable":true,"href":"https:\/\/sinprofaz.org.br\/2024\/wp-json\/wp\/v2\/media\/16915"}],"wp:attachment":[{"href":"https:\/\/sinprofaz.org.br\/2024\/wp-json\/wp\/v2\/media?parent=16911"}],"wp:term":[{"taxonomy":"category","embeddable":true,"href":"https:\/\/sinprofaz.org.br\/2024\/wp-json\/wp\/v2\/categories?post=16911"},{"taxonomy":"post_tag","embeddable":true,"href":"https:\/\/sinprofaz.org.br\/2024\/wp-json\/wp\/v2\/tags?post=16911"}],"curies":[{"name":"wp","href":"https:\/\/api.w.org\/{rel}","templated":true}]}}