{"id":16894,"date":"2023-09-26T10:09:21","date_gmt":"2023-09-26T13:09:21","guid":{"rendered":"http:\/\/www.sinprofaz.org.br\/?p=16894"},"modified":"2023-09-27T10:40:16","modified_gmt":"2023-09-27T13:40:16","slug":"em-sustentacao-no-cnj-filiadas-defendem-paridade-de-genero-na-magistratura","status":"publish","type":"post","link":"https:\/\/sinprofaz.org.br\/2024\/noticias\/em-sustentacao-no-cnj-filiadas-defendem-paridade-de-genero-na-magistratura\/","title":{"rendered":"EM SUSTENTA\u00c7\u00c3O NO CNJ, FILIADAS DEFENDEM PARIDADE DE G\u00caNERO NA MAGISTRATURA"},"content":{"rendered":"<p>O coletivo Tributos a Elas ingressou como amicus curiae no processo em que o Conselho Nacional de Justi\u00e7a julga a proposta de altera\u00e7\u00e3o da resolu\u00e7\u00e3o CNJ n\u00ba 106 de 2010 &#8211; a qual disp\u00f5e sobre os crit\u00e9rios objetivos de merecimento para promo\u00e7\u00e3o de magistrados e acesso aos tribunais de 2\u00ba grau. A proposta de altera\u00e7\u00e3o visa \u00e0 paridade de g\u00eanero na promo\u00e7\u00e3o de ju\u00edzes: a sugest\u00e3o da conselheira e relatora do processo, Salise Sanchotene, \u00e9 que os tribunais implementem a altern\u00e2ncia entre listas mistas e listas exclusivas de ju\u00edzas como a\u00e7\u00e3o afirmativa para o atingimento da equidade.<\/p>\n<p><a href=\"https:\/\/www.youtube.com\/watch?v=sZQS6tQOGWI\">Em sustenta\u00e7\u00e3o oral durante sess\u00e3o do CNJ<\/a> para debate sobre o tema, as filiadas Herta Rani e Maria Dionne de Ara\u00fajo representaram a Carreira. De acordo com Herta, a magistratura tem de ser, em todos os n\u00edveis, t\u00e3o feminina quanto a pr\u00f3pria sociedade. &#8220;\u00c9 por uma magistratura em que outras meninas e mulheres &#8211; do Rio Grande do Sul ao Rio Grande do Norte &#8211; possam sonhar em, um dia, tornarem-se l\u00edderes competentes no Judici\u00e1rio nacional, que rogamos para que Vossas Excel\u00eancias votem favoravelmente \u00e0 minuta do ato normativo que altera a resolu\u00e7\u00e3o. Que o CNJ fa\u00e7a hist\u00f3ria novamente&#8221;, pleiteou em sustenta\u00e7\u00e3o.<\/p>\n<p>Maria Dionne de Ara\u00fajo, por sua vez, deu destaque \u00e0 realidade do exerc\u00edcio profissional pelas mulheres, as quais, dentro e fora do Judici\u00e1rio, enfrentam dificuldades para ascender no ambiente de trabalho. &#8220;A representatividade de g\u00eanero no mundo do direito demanda a cria\u00e7\u00e3o de pol\u00edticas que promovam a igualdade e a implementa\u00e7\u00e3o de pr\u00e1ticas inclusivas, trazendo diversidade e representa\u00e7\u00e3o. Nesse ponto, \u00e9 fundamental a equidade de g\u00eanero na composi\u00e7\u00e3o dos tribunais. Quando se fala em equidade, fala-se em equil\u00edbrio. A discuss\u00e3o sobre a\u00e7\u00f5es afirmativas representa verdadeiro dever constitucional, n\u00e3o mera faculdade.&#8221;<\/p>\n<p>O julgamento da proposta de cria\u00e7\u00e3o do mecanismo para assegurar a igualdade j\u00e1 conta com tr\u00eas votos favor\u00e1veis. A vota\u00e7\u00e3o ser\u00e1 retomada nesta ter\u00e7a-feira (26).<\/p>\n<p><em>Com informa\u00e7\u00f5es do Migalhas<\/em><\/p>\n\n\t\t<style type=\"text\/css\">\n\t\t\t#gallery-1 {\n\t\t\t\tmargin: auto;\n\t\t\t}\n\t\t\t#gallery-1 .gallery-item {\n\t\t\t\tfloat: left;\n\t\t\t\tmargin-top: 10px;\n\t\t\t\ttext-align: center;\n\t\t\t\twidth: 33%;\n\t\t\t}\n\t\t\t#gallery-1 img {\n\t\t\t\tborder: 2px solid #cfcfcf;\n\t\t\t}\n\t\t\t#gallery-1 .gallery-caption {\n\t\t\t\tmargin-left: 0;\n\t\t\t}\n\t\t\t\/* see gallery_shortcode() in wp-includes\/media.php *\/\n\t\t<\/style>\n\t\t<div id='gallery-1' class='gallery galleryid-16894 gallery-columns-3 gallery-size-thumbnail'><dl class='gallery-item'>\n\t\t\t<dt class='gallery-icon landscape'>\n\t\t\t\t<a href='https:\/\/sinprofaz.org.br\/2024\/wp-content\/uploads\/2023\/09\/ato-cnj-1.jpg'><img loading=\"lazy\" decoding=\"async\" width=\"150\" height=\"150\" src=\"https:\/\/sinprofaz.org.br\/2024\/wp-content\/uploads\/2023\/09\/ato-cnj-1-150x150.jpg\" class=\"attachment-thumbnail size-thumbnail\" alt=\"\" aria-describedby=\"gallery-1-16895\" \/><\/a>\n\t\t\t<\/dt>\n\t\t\t\t<dd class='wp-caption-text gallery-caption' id='gallery-1-16895'>\n\t\t\t\tHerta Rani Teles Santos\n\t\t\t\t<\/dd><\/dl><dl class='gallery-item'>\n\t\t\t<dt class='gallery-icon landscape'>\n\t\t\t\t<a href='https:\/\/sinprofaz.org.br\/2024\/wp-content\/uploads\/2023\/09\/ato-cnj-2.jpg'><img loading=\"lazy\" decoding=\"async\" width=\"150\" height=\"150\" src=\"https:\/\/sinprofaz.org.br\/2024\/wp-content\/uploads\/2023\/09\/ato-cnj-2-150x150.jpg\" class=\"attachment-thumbnail size-thumbnail\" alt=\"\" aria-describedby=\"gallery-1-16896\" \/><\/a>\n\t\t\t<\/dt>\n\t\t\t\t<dd class='wp-caption-text gallery-caption' id='gallery-1-16896'>\n\t\t\t\tMaria Dionne de Araujo Felipe\n\t\t\t\t<\/dd><\/dl>\n\t\t\t<br style='clear: both' \/>\n\t\t<\/div>\n\n","protected":false},"excerpt":{"rendered":"<p>O Tributos a Elas ingressou como amicus curiae no processo em que o CNJ julga a proposta de altera\u00e7\u00e3o da resolu\u00e7\u00e3o n\u00ba 106\/2010, a qual disp\u00f5e sobre os crit\u00e9rios para promo\u00e7\u00e3o de magistrados e acesso aos tribunais de 2\u00ba grau.<\/p>\n","protected":false},"author":2,"featured_media":16897,"comment_status":"open","ping_status":"open","sticky":false,"template":"","format":"standard","meta":{"footnotes":""},"categories":[8],"tags":[32,146,25],"featured_image_url":"https:\/\/sinprofaz.org.br\/2024\/wp-content\/uploads\/2023\/09\/CNJ-logo-marca.jpg","character_count":1285,"formatted_date":"26\/09\/2023 - 10:09","contentNovo":"O coletivo Tributos a Elas ingressou como amicus curiae no processo em que o Conselho Nacional de Justi\u00e7a julga a proposta de altera\u00e7\u00e3o da resolu\u00e7\u00e3o CNJ n\u00ba 106 de 2010 - a qual disp\u00f5e sobre os crit\u00e9rios objetivos de merecimento para promo\u00e7\u00e3o de magistrados e acesso aos tribunais de 2\u00ba grau. A proposta de altera\u00e7\u00e3o visa \u00e0 paridade de g\u00eanero na promo\u00e7\u00e3o de ju\u00edzes: a sugest\u00e3o da conselheira e relatora do processo, Salise Sanchotene, \u00e9 que os tribunais implementem a altern\u00e2ncia entre listas mistas e listas exclusivas de ju\u00edzas como a\u00e7\u00e3o afirmativa para o atingimento da equidade.\r\n\r\n<a href=\"https:\/\/www.youtube.com\/watch?v=sZQS6tQOGWI\">Em sustenta\u00e7\u00e3o oral durante sess\u00e3o do CNJ<\/a> para debate sobre o tema, as filiadas Herta Rani e Maria Dionne de Ara\u00fajo representaram a Carreira. De acordo com Herta, a magistratura tem de ser, em todos os n\u00edveis, t\u00e3o feminina quanto a pr\u00f3pria sociedade. \"\u00c9 por uma magistratura em que outras meninas e mulheres - do Rio Grande do Sul ao Rio Grande do Norte - possam sonhar em, um dia, tornarem-se l\u00edderes competentes no Judici\u00e1rio nacional, que rogamos para que Vossas Excel\u00eancias votem favoravelmente \u00e0 minuta do ato normativo que altera a resolu\u00e7\u00e3o. Que o CNJ fa\u00e7a hist\u00f3ria novamente\", pleiteou em sustenta\u00e7\u00e3o.\r\n\r\nMaria Dionne de Ara\u00fajo, por sua vez, deu destaque \u00e0 realidade do exerc\u00edcio profissional pelas mulheres, as quais, dentro e fora do Judici\u00e1rio, enfrentam dificuldades para ascender no ambiente de trabalho. \"A representatividade de g\u00eanero no mundo do direito demanda a cria\u00e7\u00e3o de pol\u00edticas que promovam a igualdade e a implementa\u00e7\u00e3o de pr\u00e1ticas inclusivas, trazendo diversidade e representa\u00e7\u00e3o. Nesse ponto, \u00e9 fundamental a equidade de g\u00eanero na composi\u00e7\u00e3o dos tribunais. Quando se fala em equidade, fala-se em equil\u00edbrio. A discuss\u00e3o sobre a\u00e7\u00f5es afirmativas representa verdadeiro dever constitucional, n\u00e3o mera faculdade.\"\r\n\r\nO julgamento da proposta de cria\u00e7\u00e3o do mecanismo para assegurar a igualdade j\u00e1 conta com tr\u00eas votos favor\u00e1veis. A vota\u00e7\u00e3o ser\u00e1 retomada nesta ter\u00e7a-feira (26).\r\n\r\n<em>Com informa\u00e7\u00f5es do Migalhas<\/em>\r\n\r\n[gallery link=\"file\" ids=\"16895,16896\"]","_links":{"self":[{"href":"https:\/\/sinprofaz.org.br\/2024\/wp-json\/wp\/v2\/posts\/16894"}],"collection":[{"href":"https:\/\/sinprofaz.org.br\/2024\/wp-json\/wp\/v2\/posts"}],"about":[{"href":"https:\/\/sinprofaz.org.br\/2024\/wp-json\/wp\/v2\/types\/post"}],"author":[{"embeddable":true,"href":"https:\/\/sinprofaz.org.br\/2024\/wp-json\/wp\/v2\/users\/2"}],"replies":[{"embeddable":true,"href":"https:\/\/sinprofaz.org.br\/2024\/wp-json\/wp\/v2\/comments?post=16894"}],"version-history":[{"count":4,"href":"https:\/\/sinprofaz.org.br\/2024\/wp-json\/wp\/v2\/posts\/16894\/revisions"}],"predecessor-version":[{"id":16908,"href":"https:\/\/sinprofaz.org.br\/2024\/wp-json\/wp\/v2\/posts\/16894\/revisions\/16908"}],"wp:featuredmedia":[{"embeddable":true,"href":"https:\/\/sinprofaz.org.br\/2024\/wp-json\/wp\/v2\/media\/16897"}],"wp:attachment":[{"href":"https:\/\/sinprofaz.org.br\/2024\/wp-json\/wp\/v2\/media?parent=16894"}],"wp:term":[{"taxonomy":"category","embeddable":true,"href":"https:\/\/sinprofaz.org.br\/2024\/wp-json\/wp\/v2\/categories?post=16894"},{"taxonomy":"post_tag","embeddable":true,"href":"https:\/\/sinprofaz.org.br\/2024\/wp-json\/wp\/v2\/tags?post=16894"}],"curies":[{"name":"wp","href":"https:\/\/api.w.org\/{rel}","templated":true}]}}