{"id":1689,"date":"2014-03-24T18:30:29","date_gmt":"2014-03-24T18:30:29","guid":{"rendered":""},"modified":"-0001-11-30T00:00:00","modified_gmt":"-0001-11-30T03:00:00","slug":"em-ago-filiados-aprovam-contas-de-2013-e-orcamento-para-2014","status":"publish","type":"post","link":"https:\/\/sinprofaz.org.br\/2024\/noticias\/em-ago-filiados-aprovam-contas-de-2013-e-orcamento-para-2014\/","title":{"rendered":"Em AGO, filiados aprovam contas de 2013 e or\u00e7amento para 2014"},"content":{"rendered":"<p style=\"text-align: justify;\"><img loading=\"lazy\" decoding=\"async\" style=\"margin-right: 10px; float: left;\" alt=\"\" src=\"images\/noticias\/ago\/filiados-aprovam-contas-de-2013-e-orcamento-para-2014\/01.jpg\" height=\"154\" width=\"218\" \/>A Assembleia Geral Ordin\u00e1ria do SINPROFAZ ocorreu no \u00faltimo s\u00e1bado (22), em Bras\u00edlia, com participa\u00e7\u00e3o de delegados sindicais e membros da Carreira lotados em todo o Pa\u00eds.<\/p>\n<p style=\"text-align: justify;\">A presta\u00e7\u00e3o de contas de 2013 e o or\u00e7amento para o exerc\u00edcio de 2014 foram os principais itens da pauta da AGO, ambos aprovados pelos filiados do SINPROFAZ em debates alentados e substanciosos.<\/p>\n<p style=\"text-align: justify;\">Outros assuntos debatidos e deliberados pela AGO, como a propositura de a\u00e7\u00f5es judiciais e a atua\u00e7\u00e3o pol\u00edtica do Sindicato na defesa dos interesses da Carreira em temas priorit\u00e1rios como a percep\u00e7\u00e3o dos honor\u00e1rios, ser\u00e3o divulgados em breve na ata da Assembleia e na lista de discuss\u00e3o do Sindicato.<\/p>\n<p style=\"text-align: center;\"><img loading=\"lazy\" decoding=\"async\" alt=\"\" src=\"images\/noticias\/ago\/filiados-aprovam-contas-de-2013-e-orcamento-para-2014\/02.jpg\" height=\"106\" width=\"150\" \/><img loading=\"lazy\" decoding=\"async\" style=\"margin-right: 5px; margin-left: 5px;\" alt=\"\" src=\"images\/noticias\/ago\/filiados-aprovam-contas-de-2013-e-orcamento-para-2014\/03.jpg\" height=\"106\" width=\"150\" \/><img loading=\"lazy\" decoding=\"async\" style=\"margin-right: 5px;\" alt=\"\" src=\"images\/noticias\/ago\/filiados-aprovam-contas-de-2013-e-orcamento-para-2014\/04.jpg\" height=\"106\" width=\"150\" \/><img loading=\"lazy\" decoding=\"async\" alt=\"\" src=\"images\/noticias\/ago\/filiados-aprovam-contas-de-2013-e-orcamento-para-2014\/05.jpg\" height=\"106\" width=\"150\" \/><br \/><img loading=\"lazy\" decoding=\"async\" style=\"margin-right: 5px; margin-bottom: 7px; margin-top: 7px;\" alt=\"\" src=\"images\/noticias\/ago\/filiados-aprovam-contas-de-2013-e-orcamento-para-2014\/06.jpg\" height=\"106\" width=\"150\" \/><img loading=\"lazy\" decoding=\"async\" style=\"margin-right: 5px; margin-top: 7px; margin-bottom: 7px;\" alt=\"\" src=\"images\/noticias\/ago\/filiados-aprovam-contas-de-2013-e-orcamento-para-2014\/07.jpg\" height=\"106\" width=\"150\" \/><img loading=\"lazy\" decoding=\"async\" style=\"margin-right: 5px; margin-top: 7px; margin-bottom: 7px;\" alt=\"\" src=\"images\/noticias\/ago\/filiados-aprovam-contas-de-2013-e-orcamento-para-2014\/08.jpg\" height=\"106\" width=\"150\" \/><img loading=\"lazy\" decoding=\"async\" style=\"margin-top: 7px; margin-bottom: 7px;\" alt=\"\" src=\"images\/noticias\/ago\/filiados-aprovam-contas-de-2013-e-orcamento-para-2014\/09.jpg\" height=\"106\" width=\"150\" \/><br \/><img loading=\"lazy\" decoding=\"async\" style=\"margin-right: 5px;\" alt=\"\" src=\"images\/noticias\/ago\/filiados-aprovam-contas-de-2013-e-orcamento-para-2014\/10.jpg\" height=\"106\" width=\"150\" \/><img loading=\"lazy\" decoding=\"async\" style=\"margin-right: 5px;\" alt=\"\" src=\"images\/noticias\/ago\/filiados-aprovam-contas-de-2013-e-orcamento-para-2014\/11.jpg\" height=\"106\" width=\"150\" \/><img loading=\"lazy\" decoding=\"async\" style=\"margin-right: 5px;\" alt=\"\" src=\"images\/noticias\/ago\/filiados-aprovam-contas-de-2013-e-orcamento-para-2014\/12.jpg\" height=\"106\" width=\"150\" \/><img loading=\"lazy\" decoding=\"async\" alt=\"\" src=\"images\/noticias\/ago\/filiados-aprovam-contas-de-2013-e-orcamento-para-2014\/13.jpg\" height=\"106\" width=\"150\" \/><br \/><img loading=\"lazy\" decoding=\"async\" style=\"margin-right: 5px; margin-top: 7px;\" alt=\"\" src=\"images\/noticias\/ago\/filiados-aprovam-contas-de-2013-e-orcamento-para-2014\/14.jpg\" height=\"106\" width=\"150\" \/><img loading=\"lazy\" decoding=\"async\" style=\"margin-top: 7px;\" alt=\"\" src=\"images\/noticias\/ago\/filiados-aprovam-contas-de-2013-e-orcamento-para-2014\/15.jpg\" height=\"106\" width=\"150\" \/><\/p>\n","protected":false},"excerpt":{"rendered":"<p>A Assembleia Geral Ordin\u00e1ria do SINPROFAZ ocorreu no \u00faltimo s\u00e1bado (22), em Bras\u00edlia, com participa\u00e7\u00e3o de delegados sindicais e membros da Carreira lotados em todo o Pa\u00eds.<\/p>\n","protected":false},"author":1,"featured_media":0,"comment_status":"closed","ping_status":"open","sticky":false,"template":"","format":"standard","meta":{"footnotes":""},"categories":[8],"tags":[],"featured_image_url":"https:\/\/dummyimage.com\/720x400","character_count":344,"formatted_date":"24\/03\/2014 - 18:30","contentNovo":"\r\n<p style=\"text-align: justify;\">A Assembleia Geral Ordin\u00e1ria do SINPROFAZ ocorreu no \u00faltimo s\u00e1bado (22), em Bras\u00edlia, com participa\u00e7\u00e3o de delegados sindicais e membros da Carreira lotados em todo o Pa\u00eds.<\/p>\r\n<p style=\"text-align: justify;\">A presta\u00e7\u00e3o de contas de 2013 e o or\u00e7amento para o exerc\u00edcio de 2014 foram os principais itens da pauta da AGO, ambos aprovados pelos filiados do SINPROFAZ em debates alentados e substanciosos.<\/p>\r\n<p style=\"text-align: justify;\">Outros assuntos debatidos e deliberados pela AGO, como a propositura de a\u00e7\u00f5es judiciais e a atua\u00e7\u00e3o pol\u00edtica do Sindicato na defesa dos interesses da Carreira em temas priorit\u00e1rios como a percep\u00e7\u00e3o dos honor\u00e1rios, ser\u00e3o divulgados em breve na ata da Assembleia e na lista de discuss\u00e3o do Sindicato.<\/p>\r\n<p style=\"text-align: center;\"><\/p>","_links":{"self":[{"href":"https:\/\/sinprofaz.org.br\/2024\/wp-json\/wp\/v2\/posts\/1689"}],"collection":[{"href":"https:\/\/sinprofaz.org.br\/2024\/wp-json\/wp\/v2\/posts"}],"about":[{"href":"https:\/\/sinprofaz.org.br\/2024\/wp-json\/wp\/v2\/types\/post"}],"author":[{"embeddable":true,"href":"https:\/\/sinprofaz.org.br\/2024\/wp-json\/wp\/v2\/users\/1"}],"replies":[{"embeddable":true,"href":"https:\/\/sinprofaz.org.br\/2024\/wp-json\/wp\/v2\/comments?post=1689"}],"version-history":[{"count":0,"href":"https:\/\/sinprofaz.org.br\/2024\/wp-json\/wp\/v2\/posts\/1689\/revisions"}],"wp:attachment":[{"href":"https:\/\/sinprofaz.org.br\/2024\/wp-json\/wp\/v2\/media?parent=1689"}],"wp:term":[{"taxonomy":"category","embeddable":true,"href":"https:\/\/sinprofaz.org.br\/2024\/wp-json\/wp\/v2\/categories?post=1689"},{"taxonomy":"post_tag","embeddable":true,"href":"https:\/\/sinprofaz.org.br\/2024\/wp-json\/wp\/v2\/tags?post=1689"}],"curies":[{"name":"wp","href":"https:\/\/api.w.org\/{rel}","templated":true}]}}