{"id":16818,"date":"2023-09-18T08:32:48","date_gmt":"2023-09-18T11:32:48","guid":{"rendered":"http:\/\/www.sinprofaz.org.br\/?p=16818"},"modified":"2023-09-19T10:24:19","modified_gmt":"2023-09-19T13:24:19","slug":"sinprofaz-participa-de-painel-do-gt-para-enfrentamento-ao-assedio-e-a-discriminacao","status":"publish","type":"post","link":"https:\/\/sinprofaz.org.br\/2024\/noticias\/sinprofaz-participa-de-painel-do-gt-para-enfrentamento-ao-assedio-e-a-discriminacao\/","title":{"rendered":"SINPROFAZ PARTICIPA DE PAINEL DO GT PARA ENFRENTAMENTO AO ASS\u00c9DIO E \u00c0 DISCRIMINA\u00c7\u00c3O"},"content":{"rendered":"<p>A presidente do SINPROFAZ, Iolanda Guindani, compareceu ao terceiro encontro do Ciclo de Pain\u00e9is do Grupo de Trabalho Interministerial (GTI) para Enfrentamento ao Ass\u00e9dio e \u00e0 Discrimina\u00e7\u00e3o na Administra\u00e7\u00e3o P\u00fablica Federal. Realizado na quinta-feira (14), na Escola Nacional de Administra\u00e7\u00e3o P\u00fablica (Enap), em Bras\u00edlia\/DF, o encontro foi coordenado pelo Minist\u00e9rio da Gest\u00e3o e da Inova\u00e7\u00e3o em Servi\u00e7os P\u00fablicos (MGI) e possibilitou debates sobre experi\u00eancias, de \u00f3rg\u00e3os p\u00fablicos e empresas estatais, na implementa\u00e7\u00e3o de pol\u00edticas para enfretamento ao ass\u00e9dio e \u00e0 discrimina\u00e7\u00e3o.<\/p>\n<p>Uma das expositoras foi a filiada Mariana Cruz Montenegro, diretora de Governan\u00e7a e Estrat\u00e9gia da Empresa de Correios e Tel\u00e9grafos. Representantes do Tribunal de Contas da Uni\u00e3o, do Banco do Brasil e da Petrobr\u00e1s tamb\u00e9m marcaram presen\u00e7a nos debates. A abertura do painel coube \u00e0 assessora-chefe de Participa\u00e7\u00e3o Social e Diversidade do MGI, Daniela Gorayeb. Segundo ela, os pain\u00e9is v\u00eam ocorrendo em paralelo com as reuni\u00f5es do GTI, de modo que o Grupo possa aprender com as experi\u00eancias. &#8220;Neste governo, n\u00e3o negamos a viol\u00eancia do ass\u00e9dio e da discrimina\u00e7\u00e3o. Ao contr\u00e1rio: enfrentamos o assunto com muita seriedade. Por isso estamos promovendo esses espa\u00e7os de escuta.&#8221;<\/p>\n<p>De acordo com a assessora-chefe, o objetivo do Grupo de Trabalho Interministerial \u00e9 elaborar uma proposta para amplo enfrentamento ao ass\u00e9dio e \u00e0 discrimina\u00e7\u00e3o na administra\u00e7\u00e3o p\u00fablica, de modo que as a\u00e7\u00f5es sejam resultado da uni\u00e3o de esfor\u00e7os dos \u00f3rg\u00e3os integrantes do GTI. No Grupo, a Carreira \u00e9 representada pela filiada Claudia Trindade, assessora especial de Diversidade e Inclus\u00e3o da AGU. Al\u00e9m da Advocacia-Geral da Uni\u00e3o e do MGI, o GTI \u00e9 composto por membros da CGU e dos minist\u00e9rios dos Direitos Humanos e da Cidadania, da Igualdade Racial, da Justi\u00e7a e Seguran\u00e7a P\u00fablica, das Mulheres, da Sa\u00fade, do Trabalho e Emprego e da Educa\u00e7\u00e3o.<\/p>\n\n\t\t<style type=\"text\/css\">\n\t\t\t#gallery-1 {\n\t\t\t\tmargin: auto;\n\t\t\t}\n\t\t\t#gallery-1 .gallery-item {\n\t\t\t\tfloat: left;\n\t\t\t\tmargin-top: 10px;\n\t\t\t\ttext-align: center;\n\t\t\t\twidth: 33%;\n\t\t\t}\n\t\t\t#gallery-1 img {\n\t\t\t\tborder: 2px solid #cfcfcf;\n\t\t\t}\n\t\t\t#gallery-1 .gallery-caption {\n\t\t\t\tmargin-left: 0;\n\t\t\t}\n\t\t\t\/* see gallery_shortcode() in wp-includes\/media.php *\/\n\t\t<\/style>\n\t\t<div id='gallery-1' class='gallery galleryid-16818 gallery-columns-3 gallery-size-thumbnail'><dl class='gallery-item'>\n\t\t\t<dt class='gallery-icon landscape'>\n\t\t\t\t<a href='https:\/\/sinprofaz.org.br\/2024\/wp-content\/uploads\/2023\/09\/PAINEL-DO-GT-2.jpg'><img loading=\"lazy\" decoding=\"async\" width=\"150\" height=\"150\" src=\"https:\/\/sinprofaz.org.br\/2024\/wp-content\/uploads\/2023\/09\/PAINEL-DO-GT-2-150x150.jpg\" class=\"attachment-thumbnail size-thumbnail\" alt=\"\" \/><\/a>\n\t\t\t<\/dt><\/dl><dl class='gallery-item'>\n\t\t\t<dt class='gallery-icon landscape'>\n\t\t\t\t<a href='https:\/\/sinprofaz.org.br\/2024\/wp-content\/uploads\/2023\/09\/PAINEL-DO-GT-3.jpg'><img loading=\"lazy\" decoding=\"async\" width=\"150\" height=\"150\" src=\"https:\/\/sinprofaz.org.br\/2024\/wp-content\/uploads\/2023\/09\/PAINEL-DO-GT-3-150x150.jpg\" class=\"attachment-thumbnail size-thumbnail\" alt=\"\" \/><\/a>\n\t\t\t<\/dt><\/dl><dl class='gallery-item'>\n\t\t\t<dt class='gallery-icon landscape'>\n\t\t\t\t<a href='https:\/\/sinprofaz.org.br\/2024\/wp-content\/uploads\/2023\/09\/PAINEL-DO-GT-4.jpg'><img loading=\"lazy\" decoding=\"async\" width=\"150\" height=\"150\" src=\"https:\/\/sinprofaz.org.br\/2024\/wp-content\/uploads\/2023\/09\/PAINEL-DO-GT-4-150x150.jpg\" class=\"attachment-thumbnail size-thumbnail\" alt=\"\" \/><\/a>\n\t\t\t<\/dt><\/dl><br style=\"clear: both\" \/>\n\t\t<\/div>\n\n","protected":false},"excerpt":{"rendered":"<p>A presidente do SINPROFAZ, Iolanda Guindani, compareceu ao terceiro encontro do Ciclo de Pain\u00e9is do Grupo de Trabalho Interministerial (GTI) para Enfrentamento ao Ass\u00e9dio e \u00e0 Discrimina\u00e7\u00e3o na Administra\u00e7\u00e3o P\u00fablica Federal.<\/p>\n","protected":false},"author":2,"featured_media":16819,"comment_status":"open","ping_status":"open","sticky":false,"template":"","format":"standard","meta":{"footnotes":""},"categories":[8],"tags":[43,32,25],"featured_image_url":"https:\/\/sinprofaz.org.br\/2024\/wp-content\/uploads\/2023\/09\/PAINEL-DO-GT-1.jpg","character_count":1178,"formatted_date":"18\/09\/2023 - 08:32","contentNovo":"A presidente do SINPROFAZ, Iolanda Guindani, compareceu ao terceiro encontro do Ciclo de Pain\u00e9is do Grupo de Trabalho Interministerial (GTI) para Enfrentamento ao Ass\u00e9dio e \u00e0 Discrimina\u00e7\u00e3o na Administra\u00e7\u00e3o P\u00fablica Federal. Realizado na quinta-feira (14), na Escola Nacional de Administra\u00e7\u00e3o P\u00fablica (Enap), em Bras\u00edlia\/DF, o encontro foi coordenado pelo Minist\u00e9rio da Gest\u00e3o e da Inova\u00e7\u00e3o em Servi\u00e7os P\u00fablicos (MGI) e possibilitou debates sobre experi\u00eancias, de \u00f3rg\u00e3os p\u00fablicos e empresas estatais, na implementa\u00e7\u00e3o de pol\u00edticas para enfretamento ao ass\u00e9dio e \u00e0 discrimina\u00e7\u00e3o.\r\n\r\nUma das expositoras foi a filiada Mariana Cruz Montenegro, diretora de Governan\u00e7a e Estrat\u00e9gia da Empresa de Correios e Tel\u00e9grafos. Representantes do Tribunal de Contas da Uni\u00e3o, do Banco do Brasil e da Petrobr\u00e1s tamb\u00e9m marcaram presen\u00e7a nos debates. A abertura do painel coube \u00e0 assessora-chefe de Participa\u00e7\u00e3o Social e Diversidade do MGI, Daniela Gorayeb. Segundo ela, os pain\u00e9is v\u00eam ocorrendo em paralelo com as reuni\u00f5es do GTI, de modo que o Grupo possa aprender com as experi\u00eancias. \"Neste governo, n\u00e3o negamos a viol\u00eancia do ass\u00e9dio e da discrimina\u00e7\u00e3o. Ao contr\u00e1rio: enfrentamos o assunto com muita seriedade. Por isso estamos promovendo esses espa\u00e7os de escuta.\"\r\n\r\nDe acordo com a assessora-chefe, o objetivo do Grupo de Trabalho Interministerial \u00e9 elaborar uma proposta para amplo enfrentamento ao ass\u00e9dio e \u00e0 discrimina\u00e7\u00e3o na administra\u00e7\u00e3o p\u00fablica, de modo que as a\u00e7\u00f5es sejam resultado da uni\u00e3o de esfor\u00e7os dos \u00f3rg\u00e3os integrantes do GTI. No Grupo, a Carreira \u00e9 representada pela filiada Claudia Trindade, assessora especial de Diversidade e Inclus\u00e3o da AGU. Al\u00e9m da Advocacia-Geral da Uni\u00e3o e do MGI, o GTI \u00e9 composto por membros da CGU e dos minist\u00e9rios dos Direitos Humanos e da Cidadania, da Igualdade Racial, da Justi\u00e7a e Seguran\u00e7a P\u00fablica, das Mulheres, da Sa\u00fade, do Trabalho e Emprego e da Educa\u00e7\u00e3o.\r\n\r\n[gallery link=\"file\" ids=\"16820,16821,16822\"]","_links":{"self":[{"href":"https:\/\/sinprofaz.org.br\/2024\/wp-json\/wp\/v2\/posts\/16818"}],"collection":[{"href":"https:\/\/sinprofaz.org.br\/2024\/wp-json\/wp\/v2\/posts"}],"about":[{"href":"https:\/\/sinprofaz.org.br\/2024\/wp-json\/wp\/v2\/types\/post"}],"author":[{"embeddable":true,"href":"https:\/\/sinprofaz.org.br\/2024\/wp-json\/wp\/v2\/users\/2"}],"replies":[{"embeddable":true,"href":"https:\/\/sinprofaz.org.br\/2024\/wp-json\/wp\/v2\/comments?post=16818"}],"version-history":[{"count":2,"href":"https:\/\/sinprofaz.org.br\/2024\/wp-json\/wp\/v2\/posts\/16818\/revisions"}],"predecessor-version":[{"id":16832,"href":"https:\/\/sinprofaz.org.br\/2024\/wp-json\/wp\/v2\/posts\/16818\/revisions\/16832"}],"wp:featuredmedia":[{"embeddable":true,"href":"https:\/\/sinprofaz.org.br\/2024\/wp-json\/wp\/v2\/media\/16819"}],"wp:attachment":[{"href":"https:\/\/sinprofaz.org.br\/2024\/wp-json\/wp\/v2\/media?parent=16818"}],"wp:term":[{"taxonomy":"category","embeddable":true,"href":"https:\/\/sinprofaz.org.br\/2024\/wp-json\/wp\/v2\/categories?post=16818"},{"taxonomy":"post_tag","embeddable":true,"href":"https:\/\/sinprofaz.org.br\/2024\/wp-json\/wp\/v2\/tags?post=16818"}],"curies":[{"name":"wp","href":"https:\/\/api.w.org\/{rel}","templated":true}]}}