{"id":1681,"date":"2014-03-20T11:46:18","date_gmt":"2014-03-20T11:46:18","guid":{"rendered":""},"modified":"-0001-11-30T00:00:00","modified_gmt":"-0001-11-30T03:00:00","slug":"senador-joao-durval-renova-compromissos-com-advocacia-publica-federal","status":"publish","type":"post","link":"https:\/\/sinprofaz.org.br\/2024\/noticias\/senador-joao-durval-renova-compromissos-com-advocacia-publica-federal\/","title":{"rendered":"Senador Jo\u00e3o Durval renova compromissos com Advocacia P\u00fablica Federal"},"content":{"rendered":"<p style=\"text-align: justify;\"><img loading=\"lazy\" decoding=\"async\" style=\"margin-right: 10px; float: left;\" alt=\"\" src=\"images\/noticias\/senador\/joao-durval.jpg\" height=\"154\" width=\"218\" \/>Al\u00e9m de ratificar seu apoio aos honor\u00e1rios, o senador do PDT da Bahia emprestou seu prest\u00edgio e hist\u00f3ria pol\u00edtica em favor das Carreiras P\u00fablicas, no encontro com o presidente Renan Calheiros.<\/p>\n<p style=\"text-align: justify;\">O senador Jo\u00e3o Durval acompanhou a comitiva de dirigentes sindicais e associativos da Advocacia P\u00fablica Federal durante a audi\u00eancia com o presidente do Senado, Renan Calheiros (PMDB\/AL), na \u00faltima ter\u00e7a-feira (18).<\/p>\n<p style=\"text-align: justify;\">Junto com o senador Durval e os representantes das entidades da Advocacia P\u00fablica Federal tamb\u00e9m refor\u00e7ou a a\u00e7\u00e3o parlamentar do movimento pr\u00f3-honor\u00e1rios o ex-deputado federal S\u00e9rgio Barradas Carneiro, que relatou o novo CPC na C\u00e2mara, quando estava no exerc\u00edcio do mandato. Foi no bojo do projeto do novo CPC que os deputados reconheceram e aprovaram o direito aos honor\u00e1rios para os advogados p\u00fablicos federais.<\/p>\n<p style=\"text-align: justify;\">Tanto o senador Durval quanto S\u00e9rgio Barradas Carneiro demonstraram grande apre\u00e7o pela Advocacia P\u00fablica Federal e conhecimento de causa na quest\u00e3o dos honor\u00e1rios de sucumb\u00eancia.&nbsp;<\/p>\n","protected":false},"excerpt":{"rendered":"<p style=\"text-align: justify;\">Al\u00e9m de ratificar seu apoio aos honor\u00e1rios, o senador do PDT da Bahia emprestou seu prest\u00edgio e hist\u00f3ria pol\u00edtica em favor das Carreiras P\u00fablicas, no encontro com o presidente Renan Calheiros.<\/p>\n","protected":false},"author":1,"featured_media":0,"comment_status":"closed","ping_status":"open","sticky":false,"template":"","format":"standard","meta":{"footnotes":""},"categories":[8],"tags":[],"featured_image_url":"https:\/\/dummyimage.com\/720x400","character_count":518,"formatted_date":"20\/03\/2014 - 11:46","contentNovo":"\r\n<p style=\"text-align: justify;\">Al\u00e9m de ratificar seu apoio aos honor\u00e1rios, o senador do PDT da Bahia emprestou seu prest\u00edgio e hist\u00f3ria pol\u00edtica em favor das Carreiras P\u00fablicas, no encontro com o presidente Renan Calheiros.<\/p>\r\n<p style=\"text-align: justify;\">O senador Jo\u00e3o Durval acompanhou a comitiva de dirigentes sindicais e associativos da Advocacia P\u00fablica Federal durante a audi\u00eancia com o presidente do Senado, Renan Calheiros (PMDB\/AL), na \u00faltima ter\u00e7a-feira (18).<\/p>\r\n<p style=\"text-align: justify;\">Junto com o senador Durval e os representantes das entidades da Advocacia P\u00fablica Federal tamb\u00e9m refor\u00e7ou a a\u00e7\u00e3o parlamentar do movimento pr\u00f3-honor\u00e1rios o ex-deputado federal S\u00e9rgio Barradas Carneiro, que relatou o novo CPC na C\u00e2mara, quando estava no exerc\u00edcio do mandato. Foi no bojo do projeto do novo CPC que os deputados reconheceram e aprovaram o direito aos honor\u00e1rios para os advogados p\u00fablicos federais.<\/p>\r\n<p style=\"text-align: justify;\">Tanto o senador Durval quanto S\u00e9rgio Barradas Carneiro demonstraram grande apre\u00e7o pela Advocacia P\u00fablica Federal e conhecimento de causa na quest\u00e3o dos honor\u00e1rios de sucumb\u00eancia.&nbsp;<\/p>","_links":{"self":[{"href":"https:\/\/sinprofaz.org.br\/2024\/wp-json\/wp\/v2\/posts\/1681"}],"collection":[{"href":"https:\/\/sinprofaz.org.br\/2024\/wp-json\/wp\/v2\/posts"}],"about":[{"href":"https:\/\/sinprofaz.org.br\/2024\/wp-json\/wp\/v2\/types\/post"}],"author":[{"embeddable":true,"href":"https:\/\/sinprofaz.org.br\/2024\/wp-json\/wp\/v2\/users\/1"}],"replies":[{"embeddable":true,"href":"https:\/\/sinprofaz.org.br\/2024\/wp-json\/wp\/v2\/comments?post=1681"}],"version-history":[{"count":0,"href":"https:\/\/sinprofaz.org.br\/2024\/wp-json\/wp\/v2\/posts\/1681\/revisions"}],"wp:attachment":[{"href":"https:\/\/sinprofaz.org.br\/2024\/wp-json\/wp\/v2\/media?parent=1681"}],"wp:term":[{"taxonomy":"category","embeddable":true,"href":"https:\/\/sinprofaz.org.br\/2024\/wp-json\/wp\/v2\/categories?post=1681"},{"taxonomy":"post_tag","embeddable":true,"href":"https:\/\/sinprofaz.org.br\/2024\/wp-json\/wp\/v2\/tags?post=1681"}],"curies":[{"name":"wp","href":"https:\/\/api.w.org\/{rel}","templated":true}]}}