{"id":16793,"date":"2023-09-12T08:29:31","date_gmt":"2023-09-12T11:29:31","guid":{"rendered":"http:\/\/www.sinprofaz.org.br\/?p=16793"},"modified":"2023-09-13T10:17:23","modified_gmt":"2023-09-13T13:17:23","slug":"sinprofaz-participa-de-seminario-sobre-o-sistema-de-carreiras-no-setor-publico","status":"publish","type":"post","link":"https:\/\/sinprofaz.org.br\/2024\/noticias\/sinprofaz-participa-de-seminario-sobre-o-sistema-de-carreiras-no-setor-publico\/","title":{"rendered":"SINPROFAZ PARTICIPA DE SEMIN\u00c1RIO SOBRE O SISTEMA DE CARREIRAS NO SETOR P\u00daBLICO"},"content":{"rendered":"<p>A presidente Iolanda Guindani representou o SINPROFAZ no semin\u00e1rio &#8220;Ideias para um novo sistema de carreiras no setor p\u00fablico&#8221;. O evento em Bras\u00edlia\/DF foi promovido pela Frente Servir Brasil e pelo F\u00f3rum Nacional Permanente das Carreiras T\u00edpicas de Estado &#8211; Fonacate. O semin\u00e1rio foi o primeiro de uma s\u00e9rie de encontros que visam ao debate de uma &#8220;Nova Agenda para a Reforma Administrativa&#8221;.<\/p>\n<p>Os palestrantes desse primeiro semin\u00e1rio foram Felipe Drumond, consultor em Gest\u00e3o de Pessoas, e Maria Isabel Ara\u00fajo Rodrigues, especialista em pol\u00edticas p\u00fablicas e assessora na Secretaria de Planejamento e Gest\u00e3o do estado de Minas Gerais. O evento contou ainda com a participa\u00e7\u00e3o de Jos\u00e9 Celso Cardoso J\u00fanior, secret\u00e1rio de Gest\u00e3o de Pessoas do Minist\u00e9rio da Gest\u00e3o e da Inova\u00e7\u00e3o em Servi\u00e7os P\u00fablicos, e Rudinei Marques, presidente do Fonacate.<\/p>\n<p>Ao longo das exposi\u00e7\u00f5es, palestrantes e convidados discutiram temas relativos ao sistema de carreiras da administra\u00e7\u00e3o p\u00fablica federal, o qual se caracteriza por ser, ao mesmo tempo, heterog\u00eaneo e desigual. Dessa forma, segundo os palestrantes, qualquer proposta que vise racionalizar ou harmonizar o sistema de carreiras deve primeiro ser capaz de enfrentar essa realidade brasileira.<\/p>\n\n\t\t<style type=\"text\/css\">\n\t\t\t#gallery-1 {\n\t\t\t\tmargin: auto;\n\t\t\t}\n\t\t\t#gallery-1 .gallery-item {\n\t\t\t\tfloat: left;\n\t\t\t\tmargin-top: 10px;\n\t\t\t\ttext-align: center;\n\t\t\t\twidth: 33%;\n\t\t\t}\n\t\t\t#gallery-1 img {\n\t\t\t\tborder: 2px solid #cfcfcf;\n\t\t\t}\n\t\t\t#gallery-1 .gallery-caption {\n\t\t\t\tmargin-left: 0;\n\t\t\t}\n\t\t\t\/* see gallery_shortcode() in wp-includes\/media.php *\/\n\t\t<\/style>\n\t\t<div id='gallery-1' class='gallery galleryid-16793 gallery-columns-3 gallery-size-thumbnail'><dl class='gallery-item'>\n\t\t\t<dt class='gallery-icon landscape'>\n\t\t\t\t<a href='https:\/\/sinprofaz.org.br\/2024\/wp-content\/uploads\/2023\/09\/semin\u00e1rio-2.jpg'><img loading=\"lazy\" decoding=\"async\" width=\"150\" height=\"150\" src=\"https:\/\/sinprofaz.org.br\/2024\/wp-content\/uploads\/2023\/09\/semin\u00e1rio-2-150x150.jpg\" class=\"attachment-thumbnail size-thumbnail\" alt=\"\" \/><\/a>\n\t\t\t<\/dt><\/dl><dl class='gallery-item'>\n\t\t\t<dt class='gallery-icon landscape'>\n\t\t\t\t<a href='https:\/\/sinprofaz.org.br\/2024\/wp-content\/uploads\/2023\/09\/semin\u00e1rio-3.jpg'><img loading=\"lazy\" decoding=\"async\" width=\"150\" height=\"150\" src=\"https:\/\/sinprofaz.org.br\/2024\/wp-content\/uploads\/2023\/09\/semin\u00e1rio-3-150x150.jpg\" class=\"attachment-thumbnail size-thumbnail\" alt=\"\" \/><\/a>\n\t\t\t<\/dt><\/dl><dl class='gallery-item'>\n\t\t\t<dt class='gallery-icon landscape'>\n\t\t\t\t<a href='https:\/\/sinprofaz.org.br\/2024\/wp-content\/uploads\/2023\/09\/semin\u00e1rio-4.jpg'><img loading=\"lazy\" decoding=\"async\" width=\"150\" height=\"150\" src=\"https:\/\/sinprofaz.org.br\/2024\/wp-content\/uploads\/2023\/09\/semin\u00e1rio-4-150x150.jpg\" class=\"attachment-thumbnail size-thumbnail\" alt=\"\" \/><\/a>\n\t\t\t<\/dt><\/dl><br style=\"clear: both\" \/>\n\t\t<\/div>\n\n","protected":false},"excerpt":{"rendered":"<p>A presidente Iolanda Guindani representou o SINPROFAZ no semin\u00e1rio &#8220;Ideias para um novo sistema de carreiras no setor p\u00fablico&#8221;. O evento foi promovido pela Frente Servir Brasil e pelo F\u00f3rum Nacional das Carreiras T\u00edpicas de Estado &#8211; Fonacate. Acesse e saiba mais!<\/p>\n","protected":false},"author":2,"featured_media":16794,"comment_status":"open","ping_status":"open","sticky":false,"template":"","format":"standard","meta":{"footnotes":""},"categories":[8],"tags":[122,195,25],"featured_image_url":"https:\/\/sinprofaz.org.br\/2024\/wp-content\/uploads\/2023\/09\/semin\u00e1rio-1.jpg","character_count":833,"formatted_date":"12\/09\/2023 - 08:29","contentNovo":"A presidente Iolanda Guindani representou o SINPROFAZ no semin\u00e1rio \"Ideias para um novo sistema de carreiras no setor p\u00fablico\". O evento em Bras\u00edlia\/DF foi promovido pela Frente Servir Brasil e pelo F\u00f3rum Nacional Permanente das Carreiras T\u00edpicas de Estado - Fonacate. O semin\u00e1rio foi o primeiro de uma s\u00e9rie de encontros que visam ao debate de uma \"Nova Agenda para a Reforma Administrativa\".\r\n\r\nOs palestrantes desse primeiro semin\u00e1rio foram Felipe Drumond, consultor em Gest\u00e3o de Pessoas, e Maria Isabel Ara\u00fajo Rodrigues, especialista em pol\u00edticas p\u00fablicas e assessora na Secretaria de Planejamento e Gest\u00e3o do estado de Minas Gerais. O evento contou ainda com a participa\u00e7\u00e3o de Jos\u00e9 Celso Cardoso J\u00fanior, secret\u00e1rio de Gest\u00e3o de Pessoas do Minist\u00e9rio da Gest\u00e3o e da Inova\u00e7\u00e3o em Servi\u00e7os P\u00fablicos, e Rudinei Marques, presidente do Fonacate.\r\n\r\nAo longo das exposi\u00e7\u00f5es, palestrantes e convidados discutiram temas relativos ao sistema de carreiras da administra\u00e7\u00e3o p\u00fablica federal, o qual se caracteriza por ser, ao mesmo tempo, heterog\u00eaneo e desigual. Dessa forma, segundo os palestrantes, qualquer proposta que vise racionalizar ou harmonizar o sistema de carreiras deve primeiro ser capaz de enfrentar essa realidade brasileira.\r\n\r\n[gallery link=\"file\" ids=\"16795,16796,16797\"]","_links":{"self":[{"href":"https:\/\/sinprofaz.org.br\/2024\/wp-json\/wp\/v2\/posts\/16793"}],"collection":[{"href":"https:\/\/sinprofaz.org.br\/2024\/wp-json\/wp\/v2\/posts"}],"about":[{"href":"https:\/\/sinprofaz.org.br\/2024\/wp-json\/wp\/v2\/types\/post"}],"author":[{"embeddable":true,"href":"https:\/\/sinprofaz.org.br\/2024\/wp-json\/wp\/v2\/users\/2"}],"replies":[{"embeddable":true,"href":"https:\/\/sinprofaz.org.br\/2024\/wp-json\/wp\/v2\/comments?post=16793"}],"version-history":[{"count":2,"href":"https:\/\/sinprofaz.org.br\/2024\/wp-json\/wp\/v2\/posts\/16793\/revisions"}],"predecessor-version":[{"id":16805,"href":"https:\/\/sinprofaz.org.br\/2024\/wp-json\/wp\/v2\/posts\/16793\/revisions\/16805"}],"wp:featuredmedia":[{"embeddable":true,"href":"https:\/\/sinprofaz.org.br\/2024\/wp-json\/wp\/v2\/media\/16794"}],"wp:attachment":[{"href":"https:\/\/sinprofaz.org.br\/2024\/wp-json\/wp\/v2\/media?parent=16793"}],"wp:term":[{"taxonomy":"category","embeddable":true,"href":"https:\/\/sinprofaz.org.br\/2024\/wp-json\/wp\/v2\/categories?post=16793"},{"taxonomy":"post_tag","embeddable":true,"href":"https:\/\/sinprofaz.org.br\/2024\/wp-json\/wp\/v2\/tags?post=16793"}],"curies":[{"name":"wp","href":"https:\/\/api.w.org\/{rel}","templated":true}]}}