{"id":16782,"date":"2023-09-11T08:58:24","date_gmt":"2023-09-11T11:58:24","guid":{"rendered":"http:\/\/www.sinprofaz.org.br\/?p=16782"},"modified":"2023-09-12T09:51:37","modified_gmt":"2023-09-12T12:51:37","slug":"sinprofaz-comparece-ao-1o-seminario-nacional-da-autonomia-da-advocacia-publica","status":"publish","type":"post","link":"https:\/\/sinprofaz.org.br\/2024\/noticias\/sinprofaz-comparece-ao-1o-seminario-nacional-da-autonomia-da-advocacia-publica\/","title":{"rendered":"SINPROFAZ COMPARECE AO 1\u00ba SEMIN\u00c1RIO NACIONAL DA AUTONOMIA DA ADVOCACIA P\u00daBLICA"},"content":{"rendered":"<p>O SINPROFAZ, representado pela presidente Iolanda Guindani e pelo membro da Junta de Julgamento Andr\u00e9 Campello, compareceu ao 1\u00b0 Semin\u00e1rio Nacional da Autonomia da Advocacia P\u00fablica. Realizado na ter\u00e7a-feira (5) em S\u00e3o Lu\u00eds\/MA, o evento reuniu parlamentares, como o deputado federal Duarte Jr. (PSB\/MA), autoridades locais e nacionais e advogados p\u00fablicos das esferas federal, estadual e municipal. A Frente Parlamentar Mista em Defesa da Advocacia P\u00fablica foi a idealizadora do Semin\u00e1rio, que teve o apoio do SINPROFAZ.<\/p>\n<p>Al\u00e9m de compor o dispositivo de honra que abriu os trabalhos da ocasi\u00e3o, Iolanda Guindani integrou uma das mesas tem\u00e1ticas, na qual foi debatida &#8220;A Advocacia P\u00fablica Nacional e a defesa do Estado Brasileiro: autonomia como solu\u00e7\u00e3o para a melhor execu\u00e7\u00e3o das pol\u00edticas p\u00fablicas&#8221;. A mesa tamb\u00e9m contou com a participa\u00e7\u00e3o da presidente da Comiss\u00e3o Nacional de Advocacia P\u00fablica do Conselho Federal da OAB, a filiada Maria Dionne de Ara\u00fajo, que colaborou com o aprofundamento das discuss\u00f5es sobre a autonomia.<\/p>\n<p>Ao fazer uso da palavra, Iolanda Guindani ressaltou a import\u00e2ncia da mobiliza\u00e7\u00e3o das advogadas p\u00fablicas e dos advogados p\u00fablicos para a realiza\u00e7\u00e3o do Semin\u00e1rio, que renovou a disposi\u00e7\u00e3o dos Membros e das entidades para a luta coletiva. &#8220;A retomada dos trabalhos pela aprova\u00e7\u00e3o da PEC 82\/2007 se insere nesse contexto de inquietude e atua\u00e7\u00e3o persistente com vistas ao aprimoramento das institui\u00e7\u00f5es, \u00e0 valoriza\u00e7\u00e3o das carreiras e \u00e0 presta\u00e7\u00e3o de um servi\u00e7o p\u00fablico da mais alta qualidade&#8221;, discursou a presidente.<\/p>\n\n\t\t<style type=\"text\/css\">\n\t\t\t#gallery-1 {\n\t\t\t\tmargin: auto;\n\t\t\t}\n\t\t\t#gallery-1 .gallery-item {\n\t\t\t\tfloat: left;\n\t\t\t\tmargin-top: 10px;\n\t\t\t\ttext-align: center;\n\t\t\t\twidth: 33%;\n\t\t\t}\n\t\t\t#gallery-1 img {\n\t\t\t\tborder: 2px solid #cfcfcf;\n\t\t\t}\n\t\t\t#gallery-1 .gallery-caption {\n\t\t\t\tmargin-left: 0;\n\t\t\t}\n\t\t\t\/* see gallery_shortcode() in wp-includes\/media.php *\/\n\t\t<\/style>\n\t\t<div id='gallery-1' class='gallery galleryid-16782 gallery-columns-3 gallery-size-thumbnail'><dl class='gallery-item'>\n\t\t\t<dt class='gallery-icon landscape'>\n\t\t\t\t<a href='https:\/\/sinprofaz.org.br\/2024\/wp-content\/uploads\/2023\/09\/Sinprofaz-no-1\u00ba-semin\u00e1rio-2.jpg'><img loading=\"lazy\" decoding=\"async\" width=\"150\" height=\"150\" src=\"https:\/\/sinprofaz.org.br\/2024\/wp-content\/uploads\/2023\/09\/Sinprofaz-no-1\u00ba-semin\u00e1rio-2-150x150.jpg\" class=\"attachment-thumbnail size-thumbnail\" alt=\"\" \/><\/a>\n\t\t\t<\/dt><\/dl><dl class='gallery-item'>\n\t\t\t<dt class='gallery-icon landscape'>\n\t\t\t\t<a href='https:\/\/sinprofaz.org.br\/2024\/wp-content\/uploads\/2023\/09\/Sinprofaz-no-1\u00ba-semin\u00e1rio-3.jpg'><img loading=\"lazy\" decoding=\"async\" width=\"150\" height=\"150\" src=\"https:\/\/sinprofaz.org.br\/2024\/wp-content\/uploads\/2023\/09\/Sinprofaz-no-1\u00ba-semin\u00e1rio-3-150x150.jpg\" class=\"attachment-thumbnail size-thumbnail\" alt=\"\" \/><\/a>\n\t\t\t<\/dt><\/dl><dl class='gallery-item'>\n\t\t\t<dt class='gallery-icon landscape'>\n\t\t\t\t<a href='https:\/\/sinprofaz.org.br\/2024\/wp-content\/uploads\/2023\/09\/Sinprofaz-no-1\u00ba-semin\u00e1rio-4.jpg'><img loading=\"lazy\" decoding=\"async\" width=\"150\" height=\"150\" src=\"https:\/\/sinprofaz.org.br\/2024\/wp-content\/uploads\/2023\/09\/Sinprofaz-no-1\u00ba-semin\u00e1rio-4-150x150.jpg\" class=\"attachment-thumbnail size-thumbnail\" alt=\"\" \/><\/a>\n\t\t\t<\/dt><\/dl><br style=\"clear: both\" \/><dl class='gallery-item'>\n\t\t\t<dt class='gallery-icon landscape'>\n\t\t\t\t<a href='https:\/\/sinprofaz.org.br\/2024\/wp-content\/uploads\/2023\/09\/Sinprofaz-no-1\u00ba-semin\u00e1rio-5.jpg'><img loading=\"lazy\" decoding=\"async\" width=\"150\" height=\"150\" src=\"https:\/\/sinprofaz.org.br\/2024\/wp-content\/uploads\/2023\/09\/Sinprofaz-no-1\u00ba-semin\u00e1rio-5-150x150.jpg\" class=\"attachment-thumbnail size-thumbnail\" alt=\"\" \/><\/a>\n\t\t\t<\/dt><\/dl><dl class='gallery-item'>\n\t\t\t<dt class='gallery-icon landscape'>\n\t\t\t\t<a href='https:\/\/sinprofaz.org.br\/2024\/wp-content\/uploads\/2023\/09\/Sinprofaz-no-1\u00ba-semin\u00e1rio-6.jpg'><img loading=\"lazy\" decoding=\"async\" width=\"150\" height=\"150\" src=\"https:\/\/sinprofaz.org.br\/2024\/wp-content\/uploads\/2023\/09\/Sinprofaz-no-1\u00ba-semin\u00e1rio-6-150x150.jpg\" class=\"attachment-thumbnail size-thumbnail\" alt=\"\" \/><\/a>\n\t\t\t<\/dt><\/dl>\n\t\t\t<br style='clear: both' \/>\n\t\t<\/div>\n\n","protected":false},"excerpt":{"rendered":"<p>Realizado na ter\u00e7a-feira (5) em S\u00e3o Lu\u00eds\/MA, o evento reuniu parlamentares, como o deputado federal Duarte Jr. (PSB\/MA), autoridades locais e nacionais e advogados p\u00fablicos das esferas federal, estadual e municipal. Acesse e saiba mais!<\/p>\n","protected":false},"author":2,"featured_media":16783,"comment_status":"open","ping_status":"open","sticky":false,"template":"","format":"standard","meta":{"footnotes":""},"categories":[8],"tags":[34,29,25],"featured_image_url":"https:\/\/sinprofaz.org.br\/2024\/wp-content\/uploads\/2023\/09\/Sinprofaz-no-1\u00ba-semin\u00e1rio-1.jpg","character_count":1011,"formatted_date":"11\/09\/2023 - 08:58","contentNovo":"O SINPROFAZ, representado pela presidente Iolanda Guindani e pelo membro da Junta de Julgamento Andr\u00e9 Campello, compareceu ao 1\u00b0 Semin\u00e1rio Nacional da Autonomia da Advocacia P\u00fablica. Realizado na ter\u00e7a-feira (5) em S\u00e3o Lu\u00eds\/MA, o evento reuniu parlamentares, como o deputado federal Duarte Jr. (PSB\/MA), autoridades locais e nacionais e advogados p\u00fablicos das esferas federal, estadual e municipal. A Frente Parlamentar Mista em Defesa da Advocacia P\u00fablica foi a idealizadora do Semin\u00e1rio, que teve o apoio do SINPROFAZ.\r\n\r\nAl\u00e9m de compor o dispositivo de honra que abriu os trabalhos da ocasi\u00e3o, Iolanda Guindani integrou uma das mesas tem\u00e1ticas, na qual foi debatida \"A Advocacia P\u00fablica Nacional e a defesa do Estado Brasileiro: autonomia como solu\u00e7\u00e3o para a melhor execu\u00e7\u00e3o das pol\u00edticas p\u00fablicas\". A mesa tamb\u00e9m contou com a participa\u00e7\u00e3o da presidente da Comiss\u00e3o Nacional de Advocacia P\u00fablica do Conselho Federal da OAB, a filiada Maria Dionne de Ara\u00fajo, que colaborou com o aprofundamento das discuss\u00f5es sobre a autonomia.\r\n\r\nAo fazer uso da palavra, Iolanda Guindani ressaltou a import\u00e2ncia da mobiliza\u00e7\u00e3o das advogadas p\u00fablicas e dos advogados p\u00fablicos para a realiza\u00e7\u00e3o do Semin\u00e1rio, que renovou a disposi\u00e7\u00e3o dos Membros e das entidades para a luta coletiva. \"A retomada dos trabalhos pela aprova\u00e7\u00e3o da PEC 82\/2007 se insere nesse contexto de inquietude e atua\u00e7\u00e3o persistente com vistas ao aprimoramento das institui\u00e7\u00f5es, \u00e0 valoriza\u00e7\u00e3o das carreiras e \u00e0 presta\u00e7\u00e3o de um servi\u00e7o p\u00fablico da mais alta qualidade\", discursou a presidente.\r\n\r\n[gallery link=\"file\" ids=\"16784,16785,16786,16787,16788\"]","_links":{"self":[{"href":"https:\/\/sinprofaz.org.br\/2024\/wp-json\/wp\/v2\/posts\/16782"}],"collection":[{"href":"https:\/\/sinprofaz.org.br\/2024\/wp-json\/wp\/v2\/posts"}],"about":[{"href":"https:\/\/sinprofaz.org.br\/2024\/wp-json\/wp\/v2\/types\/post"}],"author":[{"embeddable":true,"href":"https:\/\/sinprofaz.org.br\/2024\/wp-json\/wp\/v2\/users\/2"}],"replies":[{"embeddable":true,"href":"https:\/\/sinprofaz.org.br\/2024\/wp-json\/wp\/v2\/comments?post=16782"}],"version-history":[{"count":2,"href":"https:\/\/sinprofaz.org.br\/2024\/wp-json\/wp\/v2\/posts\/16782\/revisions"}],"predecessor-version":[{"id":16799,"href":"https:\/\/sinprofaz.org.br\/2024\/wp-json\/wp\/v2\/posts\/16782\/revisions\/16799"}],"wp:featuredmedia":[{"embeddable":true,"href":"https:\/\/sinprofaz.org.br\/2024\/wp-json\/wp\/v2\/media\/16783"}],"wp:attachment":[{"href":"https:\/\/sinprofaz.org.br\/2024\/wp-json\/wp\/v2\/media?parent=16782"}],"wp:term":[{"taxonomy":"category","embeddable":true,"href":"https:\/\/sinprofaz.org.br\/2024\/wp-json\/wp\/v2\/categories?post=16782"},{"taxonomy":"post_tag","embeddable":true,"href":"https:\/\/sinprofaz.org.br\/2024\/wp-json\/wp\/v2\/tags?post=16782"}],"curies":[{"name":"wp","href":"https:\/\/api.w.org\/{rel}","templated":true}]}}