{"id":16771,"date":"2023-09-06T08:29:35","date_gmt":"2023-09-06T11:29:35","guid":{"rendered":"http:\/\/www.sinprofaz.org.br\/?p=16771"},"modified":"2023-09-11T09:34:54","modified_gmt":"2023-09-11T12:34:54","slug":"sinprofaz-prestigia-sessao-solene-realizada-em-homenagem-a-anpprev","status":"publish","type":"post","link":"https:\/\/sinprofaz.org.br\/2024\/noticias\/sinprofaz-prestigia-sessao-solene-realizada-em-homenagem-a-anpprev\/","title":{"rendered":"SINPROFAZ PRESTIGIA SESS\u00c3O SOLENE REALIZADA EM HOMENAGEM \u00c0 ANPPREV"},"content":{"rendered":"<p>O SINPROFAZ, representado pela presidente Iolanda Guindani, compareceu \u00e0 sess\u00e3o solene promovida em homenagem aos 31 anos da Associa\u00e7\u00e3o Nacional dos Procuradores e Advogados P\u00fablicos Federais &#8211; ANPPREV. Realizada no plen\u00e1rio da C\u00e2mara dos Deputados na quarta-feira (30), a cerim\u00f4nia foi conduzida por Lafayette de Andrada (Republicanos\/MG), presidente da Frente Parlamentar Mista em Defesa da Advocacia P\u00fablica e autor do requerimento para a realiza\u00e7\u00e3o do evento.<\/p>\n<p>Juntamente com o deputado federal, compuseram a mesa da solenidade a presidente da ANPPREV, Maria Sant\u00edssima Marques; a presidente de honra da entidade, Meire L\u00facia Mota Coelho; os ex-presidentes Antonio Rodrigues e Carlos Mota, o qual \u00e9 ex-deputado federal; o subprocurador-geral federal, Igor Louren\u00e7o; e o consultor jur\u00eddico do Minist\u00e9rio da Previd\u00eancia Social, Felipe Cavalcante, que representou o ministro Carlos Lupi. Todas as entidades que comp\u00f5em o F\u00f3rum Nacional da Advocacia P\u00fablica Federal compareceram \u00e0 cerim\u00f4nia, assim como associadas e associados de todo o pa\u00eds.<\/p>\n<p>Em discurso proferido na tribuna do plen\u00e1rio, Maria Sant\u00edssima fez um resgate da hist\u00f3ria da Associa\u00e7\u00e3o e ressaltou a import\u00e2ncia dos filiados para a consolida\u00e7\u00e3o da ANPPREV. &#8220;Cada conquista foi moldada pela colabora\u00e7\u00e3o e pelo comprometimento de todos os que constru\u00edram essa jornada. Nossa Associa\u00e7\u00e3o n\u00e3o \u00e9 apenas uma entidade: \u00e9 uma fam\u00edlia unida por um prop\u00f3sito comum.&#8221; Aos presentes, Lafayette de Andrada tamb\u00e9m destacou a atua\u00e7\u00e3o combativa da Associa\u00e7\u00e3o e se colocou \u00e0 disposi\u00e7\u00e3o para a luta em prol da Advocacia P\u00fablica: &#8220;Voc\u00eas t\u00eam em mim um parceiro com quem podem sempre contar&#8221;.<\/p>\n\n\t\t<style type=\"text\/css\">\n\t\t\t#gallery-1 {\n\t\t\t\tmargin: auto;\n\t\t\t}\n\t\t\t#gallery-1 .gallery-item {\n\t\t\t\tfloat: left;\n\t\t\t\tmargin-top: 10px;\n\t\t\t\ttext-align: center;\n\t\t\t\twidth: 33%;\n\t\t\t}\n\t\t\t#gallery-1 img {\n\t\t\t\tborder: 2px solid #cfcfcf;\n\t\t\t}\n\t\t\t#gallery-1 .gallery-caption {\n\t\t\t\tmargin-left: 0;\n\t\t\t}\n\t\t\t\/* see gallery_shortcode() in wp-includes\/media.php *\/\n\t\t<\/style>\n\t\t<div id='gallery-1' class='gallery galleryid-16771 gallery-columns-3 gallery-size-thumbnail'><dl class='gallery-item'>\n\t\t\t<dt class='gallery-icon landscape'>\n\t\t\t\t<a href='https:\/\/sinprofaz.org.br\/2024\/wp-content\/uploads\/2023\/09\/sess\u00e3o-solene-anpprev-2.jpg'><img loading=\"lazy\" decoding=\"async\" width=\"150\" height=\"150\" src=\"https:\/\/sinprofaz.org.br\/2024\/wp-content\/uploads\/2023\/09\/sess\u00e3o-solene-anpprev-2-150x150.jpg\" class=\"attachment-thumbnail size-thumbnail\" alt=\"\" \/><\/a>\n\t\t\t<\/dt><\/dl><dl class='gallery-item'>\n\t\t\t<dt class='gallery-icon landscape'>\n\t\t\t\t<a href='https:\/\/sinprofaz.org.br\/2024\/wp-content\/uploads\/2023\/09\/sess\u00e3o-solene-anpprev-3.jpg'><img loading=\"lazy\" decoding=\"async\" width=\"150\" height=\"150\" src=\"https:\/\/sinprofaz.org.br\/2024\/wp-content\/uploads\/2023\/09\/sess\u00e3o-solene-anpprev-3-150x150.jpg\" class=\"attachment-thumbnail size-thumbnail\" alt=\"\" \/><\/a>\n\t\t\t<\/dt><\/dl><dl class='gallery-item'>\n\t\t\t<dt class='gallery-icon landscape'>\n\t\t\t\t<a href='https:\/\/sinprofaz.org.br\/2024\/wp-content\/uploads\/2023\/09\/sess\u00e3o-solene-anpprev-4.jpg'><img loading=\"lazy\" decoding=\"async\" width=\"150\" height=\"150\" src=\"https:\/\/sinprofaz.org.br\/2024\/wp-content\/uploads\/2023\/09\/sess\u00e3o-solene-anpprev-4-150x150.jpg\" class=\"attachment-thumbnail size-thumbnail\" alt=\"\" \/><\/a>\n\t\t\t<\/dt><\/dl><br style=\"clear: both\" \/>\n\t\t<\/div>\n\n","protected":false},"excerpt":{"rendered":"<p>Realizada no plen\u00e1rio da C\u00e2mara dos Deputados, a cerim\u00f4nia foi conduzida por Lafayette de Andrada (Republicanos\/MG), presidente da Frente Parlamentar Mista em Defesa da Advocacia P\u00fablica e autor do requerimento para realiza\u00e7\u00e3o do evento.<\/p>\n","protected":false},"author":2,"featured_media":16772,"comment_status":"open","ping_status":"open","sticky":false,"template":"","format":"standard","meta":{"footnotes":""},"categories":[8],"tags":[34,73,25],"featured_image_url":"https:\/\/sinprofaz.org.br\/2024\/wp-content\/uploads\/2023\/09\/sess\u00e3o-solene-anpprev-1.jpg","character_count":1046,"formatted_date":"06\/09\/2023 - 08:29","contentNovo":"O SINPROFAZ, representado pela presidente Iolanda Guindani, compareceu \u00e0 sess\u00e3o solene promovida em homenagem aos 31 anos da Associa\u00e7\u00e3o Nacional dos Procuradores e Advogados P\u00fablicos Federais - ANPPREV. Realizada no plen\u00e1rio da C\u00e2mara dos Deputados na quarta-feira (30), a cerim\u00f4nia foi conduzida por Lafayette de Andrada (Republicanos\/MG), presidente da Frente Parlamentar Mista em Defesa da Advocacia P\u00fablica e autor do requerimento para a realiza\u00e7\u00e3o do evento.\r\n\r\nJuntamente com o deputado federal, compuseram a mesa da solenidade a presidente da ANPPREV, Maria Sant\u00edssima Marques; a presidente de honra da entidade, Meire L\u00facia Mota Coelho; os ex-presidentes Antonio Rodrigues e Carlos Mota, o qual \u00e9 ex-deputado federal; o subprocurador-geral federal, Igor Louren\u00e7o; e o consultor jur\u00eddico do Minist\u00e9rio da Previd\u00eancia Social, Felipe Cavalcante, que representou o ministro Carlos Lupi. Todas as entidades que comp\u00f5em o F\u00f3rum Nacional da Advocacia P\u00fablica Federal compareceram \u00e0 cerim\u00f4nia, assim como associadas e associados de todo o pa\u00eds.\r\n\r\nEm discurso proferido na tribuna do plen\u00e1rio, Maria Sant\u00edssima fez um resgate da hist\u00f3ria da Associa\u00e7\u00e3o e ressaltou a import\u00e2ncia dos filiados para a consolida\u00e7\u00e3o da ANPPREV. \"Cada conquista foi moldada pela colabora\u00e7\u00e3o e pelo comprometimento de todos os que constru\u00edram essa jornada. Nossa Associa\u00e7\u00e3o n\u00e3o \u00e9 apenas uma entidade: \u00e9 uma fam\u00edlia unida por um prop\u00f3sito comum.\" Aos presentes, Lafayette de Andrada tamb\u00e9m destacou a atua\u00e7\u00e3o combativa da Associa\u00e7\u00e3o e se colocou \u00e0 disposi\u00e7\u00e3o para a luta em prol da Advocacia P\u00fablica: \"Voc\u00eas t\u00eam em mim um parceiro com quem podem sempre contar\".\r\n\r\n[gallery link=\"file\" ids=\"16773,16774,16775\"]","_links":{"self":[{"href":"https:\/\/sinprofaz.org.br\/2024\/wp-json\/wp\/v2\/posts\/16771"}],"collection":[{"href":"https:\/\/sinprofaz.org.br\/2024\/wp-json\/wp\/v2\/posts"}],"about":[{"href":"https:\/\/sinprofaz.org.br\/2024\/wp-json\/wp\/v2\/types\/post"}],"author":[{"embeddable":true,"href":"https:\/\/sinprofaz.org.br\/2024\/wp-json\/wp\/v2\/users\/2"}],"replies":[{"embeddable":true,"href":"https:\/\/sinprofaz.org.br\/2024\/wp-json\/wp\/v2\/comments?post=16771"}],"version-history":[{"count":2,"href":"https:\/\/sinprofaz.org.br\/2024\/wp-json\/wp\/v2\/posts\/16771\/revisions"}],"predecessor-version":[{"id":16790,"href":"https:\/\/sinprofaz.org.br\/2024\/wp-json\/wp\/v2\/posts\/16771\/revisions\/16790"}],"wp:featuredmedia":[{"embeddable":true,"href":"https:\/\/sinprofaz.org.br\/2024\/wp-json\/wp\/v2\/media\/16772"}],"wp:attachment":[{"href":"https:\/\/sinprofaz.org.br\/2024\/wp-json\/wp\/v2\/media?parent=16771"}],"wp:term":[{"taxonomy":"category","embeddable":true,"href":"https:\/\/sinprofaz.org.br\/2024\/wp-json\/wp\/v2\/categories?post=16771"},{"taxonomy":"post_tag","embeddable":true,"href":"https:\/\/sinprofaz.org.br\/2024\/wp-json\/wp\/v2\/tags?post=16771"}],"curies":[{"name":"wp","href":"https:\/\/api.w.org\/{rel}","templated":true}]}}