{"id":16763,"date":"2023-09-05T08:32:13","date_gmt":"2023-09-05T11:32:13","guid":{"rendered":"http:\/\/www.sinprofaz.org.br\/?p=16763"},"modified":"2023-09-05T10:15:49","modified_gmt":"2023-09-05T13:15:49","slug":"sinprofaz-participa-de-seminario-sobre-a-promocao-do-trabalho-decente","status":"publish","type":"post","link":"https:\/\/sinprofaz.org.br\/2024\/noticias\/sinprofaz-participa-de-seminario-sobre-a-promocao-do-trabalho-decente\/","title":{"rendered":"SINPROFAZ PARTICIPA DE SEMIN\u00c1RIO SOBRE A PROMO\u00c7\u00c3O DO TRABALHO DECENTE"},"content":{"rendered":"<p>O SINPROFAZ, representado pela presidente Iolanda Guindani e pelo diretor Roberto Rodrigues, compareceu ao semin\u00e1rio &#8220;A AGU e a promo\u00e7\u00e3o do trabalho decente: no caminho da efetividade&#8221;. Realizado na sede da Escola Superior da Advocacia-Geral da Uni\u00e3o, em Bras\u00edlia\/DF, o evento foi coordenado pelo diretor da Escola, Jo\u00e3o Carlos Souto, ex-presidente do Sindicato, e contou com a presen\u00e7a de outros dois ex-presidentes: Her\u00e1clio Camargo, corregedor-geral da AGU, e Allan Titonelli, desembargador do Tribunal Regional Eleitoral do Rio de Janeiro.<\/p>\n<p>Juntamente com Jo\u00e3o Carlos Souto, compuseram o dispositivo de abertura do semin\u00e1rio o advogado-geral da Uni\u00e3o substituto, Flavio Jos\u00e9 Roman; o presidente do Tribunal Superior do Trabalho, L\u00e9lio Bentes Correa; o ministro do TST Maur\u00edcio Godinho Delgado; o procurador-geral do Trabalho, Jos\u00e9 de Lima Ramos Pereira; a procuradora nacional de Trabalho e Emprego (PGU), M\u00f4nica Casartelli; e o procurador-geral da Uni\u00e3o, Marcelo Eugenio Feitosa. A ministra do TST K\u00e1tia Magalh\u00e3es Arruda e o subprocurador-geral do Trabalho, Cristiano Paix\u00e3o, tamb\u00e9m marcaram presen\u00e7a no evento.<\/p>\n<p>Ao dar as boas-vindas ao p\u00fablico, Jo\u00e3o Carlos Souto ressaltou o papel da Escola Superior da AGU, cuja miss\u00e3o \u00e9 promover reflex\u00f5es sobre temas de import\u00e2ncia, a exemplo da dignidade do trabalho no pa\u00eds. Em discurso, Flavio Roman tamb\u00e9m destacou que a Advocacia-Geral da Uni\u00e3o est\u00e1 empenhada em contribuir com debates para o avan\u00e7o das condi\u00e7\u00f5es de trabalho no Brasil: &#8220;Essa \u00e9 uma constru\u00e7\u00e3o coletiva, que depende do engajamento de uma ampla gama de atores. Contem com a AGU nesta jornada para aprimorar a seguran\u00e7a, a sa\u00fade e a dignidade do trabalhador brasileiro&#8221;.<\/p>\n\n\t\t<style type=\"text\/css\">\n\t\t\t#gallery-1 {\n\t\t\t\tmargin: auto;\n\t\t\t}\n\t\t\t#gallery-1 .gallery-item {\n\t\t\t\tfloat: left;\n\t\t\t\tmargin-top: 10px;\n\t\t\t\ttext-align: center;\n\t\t\t\twidth: 33%;\n\t\t\t}\n\t\t\t#gallery-1 img {\n\t\t\t\tborder: 2px solid #cfcfcf;\n\t\t\t}\n\t\t\t#gallery-1 .gallery-caption {\n\t\t\t\tmargin-left: 0;\n\t\t\t}\n\t\t\t\/* see gallery_shortcode() in wp-includes\/media.php *\/\n\t\t<\/style>\n\t\t<div id='gallery-1' class='gallery galleryid-16763 gallery-columns-3 gallery-size-thumbnail'><dl class='gallery-item'>\n\t\t\t<dt class='gallery-icon landscape'>\n\t\t\t\t<a href='https:\/\/sinprofaz.org.br\/2024\/wp-content\/uploads\/2023\/09\/semin\u00e1rio-da-AGU-2.jpg'><img loading=\"lazy\" decoding=\"async\" width=\"150\" height=\"150\" src=\"https:\/\/sinprofaz.org.br\/2024\/wp-content\/uploads\/2023\/09\/semin\u00e1rio-da-AGU-2-150x150.jpg\" class=\"attachment-thumbnail size-thumbnail\" alt=\"\" \/><\/a>\n\t\t\t<\/dt><\/dl><dl class='gallery-item'>\n\t\t\t<dt class='gallery-icon landscape'>\n\t\t\t\t<a href='https:\/\/sinprofaz.org.br\/2024\/wp-content\/uploads\/2023\/09\/semin\u00e1rio-da-AGU-3.jpg'><img loading=\"lazy\" decoding=\"async\" width=\"150\" height=\"150\" src=\"https:\/\/sinprofaz.org.br\/2024\/wp-content\/uploads\/2023\/09\/semin\u00e1rio-da-AGU-3-150x150.jpg\" class=\"attachment-thumbnail size-thumbnail\" alt=\"\" \/><\/a>\n\t\t\t<\/dt><\/dl>\n\t\t\t<br style='clear: both' \/>\n\t\t<\/div>\n\n","protected":false},"excerpt":{"rendered":"<p>A presidente Iolanda Guindani e o diretor Roberto Rodrigues compareceram ao semin\u00e1rio &#8220;A AGU e a promo\u00e7\u00e3o do trabalho decente: no caminho da efetividade&#8221;. O evento foi coordenado pelo diretor da ESAGU e ex-presidente do Sindicato, Jo\u00e3o Carlos Souto.<\/p>\n","protected":false},"author":2,"featured_media":16764,"comment_status":"open","ping_status":"open","sticky":false,"template":"","format":"standard","meta":{"footnotes":""},"categories":[8],"tags":[43,32,25],"featured_image_url":"https:\/\/sinprofaz.org.br\/2024\/wp-content\/uploads\/2023\/09\/semin\u00e1rio-da-AGU-1.jpg","character_count":1057,"formatted_date":"05\/09\/2023 - 08:32","contentNovo":"O SINPROFAZ, representado pela presidente Iolanda Guindani e pelo diretor Roberto Rodrigues, compareceu ao semin\u00e1rio \"A AGU e a promo\u00e7\u00e3o do trabalho decente: no caminho da efetividade\". Realizado na sede da Escola Superior da Advocacia-Geral da Uni\u00e3o, em Bras\u00edlia\/DF, o evento foi coordenado pelo diretor da Escola, Jo\u00e3o Carlos Souto, ex-presidente do Sindicato, e contou com a presen\u00e7a de outros dois ex-presidentes: Her\u00e1clio Camargo, corregedor-geral da AGU, e Allan Titonelli, desembargador do Tribunal Regional Eleitoral do Rio de Janeiro.\r\n\r\nJuntamente com Jo\u00e3o Carlos Souto, compuseram o dispositivo de abertura do semin\u00e1rio o advogado-geral da Uni\u00e3o substituto, Flavio Jos\u00e9 Roman; o presidente do Tribunal Superior do Trabalho, L\u00e9lio Bentes Correa; o ministro do TST Maur\u00edcio Godinho Delgado; o procurador-geral do Trabalho, Jos\u00e9 de Lima Ramos Pereira; a procuradora nacional de Trabalho e Emprego (PGU), M\u00f4nica Casartelli; e o procurador-geral da Uni\u00e3o, Marcelo Eugenio Feitosa. A ministra do TST K\u00e1tia Magalh\u00e3es Arruda e o subprocurador-geral do Trabalho, Cristiano Paix\u00e3o, tamb\u00e9m marcaram presen\u00e7a no evento.\r\n\r\nAo dar as boas-vindas ao p\u00fablico, Jo\u00e3o Carlos Souto ressaltou o papel da Escola Superior da AGU, cuja miss\u00e3o \u00e9 promover reflex\u00f5es sobre temas de import\u00e2ncia, a exemplo da dignidade do trabalho no pa\u00eds. Em discurso, Flavio Roman tamb\u00e9m destacou que a Advocacia-Geral da Uni\u00e3o est\u00e1 empenhada em contribuir com debates para o avan\u00e7o das condi\u00e7\u00f5es de trabalho no Brasil: \"Essa \u00e9 uma constru\u00e7\u00e3o coletiva, que depende do engajamento de uma ampla gama de atores. Contem com a AGU nesta jornada para aprimorar a seguran\u00e7a, a sa\u00fade e a dignidade do trabalhador brasileiro\".\r\n\r\n[gallery link=\"file\" ids=\"16765,16766\"]","_links":{"self":[{"href":"https:\/\/sinprofaz.org.br\/2024\/wp-json\/wp\/v2\/posts\/16763"}],"collection":[{"href":"https:\/\/sinprofaz.org.br\/2024\/wp-json\/wp\/v2\/posts"}],"about":[{"href":"https:\/\/sinprofaz.org.br\/2024\/wp-json\/wp\/v2\/types\/post"}],"author":[{"embeddable":true,"href":"https:\/\/sinprofaz.org.br\/2024\/wp-json\/wp\/v2\/users\/2"}],"replies":[{"embeddable":true,"href":"https:\/\/sinprofaz.org.br\/2024\/wp-json\/wp\/v2\/comments?post=16763"}],"version-history":[{"count":2,"href":"https:\/\/sinprofaz.org.br\/2024\/wp-json\/wp\/v2\/posts\/16763\/revisions"}],"predecessor-version":[{"id":16770,"href":"https:\/\/sinprofaz.org.br\/2024\/wp-json\/wp\/v2\/posts\/16763\/revisions\/16770"}],"wp:featuredmedia":[{"embeddable":true,"href":"https:\/\/sinprofaz.org.br\/2024\/wp-json\/wp\/v2\/media\/16764"}],"wp:attachment":[{"href":"https:\/\/sinprofaz.org.br\/2024\/wp-json\/wp\/v2\/media?parent=16763"}],"wp:term":[{"taxonomy":"category","embeddable":true,"href":"https:\/\/sinprofaz.org.br\/2024\/wp-json\/wp\/v2\/categories?post=16763"},{"taxonomy":"post_tag","embeddable":true,"href":"https:\/\/sinprofaz.org.br\/2024\/wp-json\/wp\/v2\/tags?post=16763"}],"curies":[{"name":"wp","href":"https:\/\/api.w.org\/{rel}","templated":true}]}}