{"id":16759,"date":"2023-09-04T08:36:06","date_gmt":"2023-09-04T11:36:06","guid":{"rendered":"http:\/\/www.sinprofaz.org.br\/?p=16759"},"modified":"2023-09-04T08:36:06","modified_gmt":"2023-09-04T11:36:06","slug":"sinprofaz-recebe-procurador-regional-da-fazenda-nacional-da-5a-regiao","status":"publish","type":"post","link":"https:\/\/sinprofaz.org.br\/2024\/noticias\/sinprofaz-recebe-procurador-regional-da-fazenda-nacional-da-5a-regiao\/","title":{"rendered":"SINPROFAZ RECEBE PROCURADOR-REGIONAL DA FAZENDA NACIONAL DA 5\u00aa REGI\u00c3O"},"content":{"rendered":"<p>A presidente do SINPROFAZ, Iolanda Guindani, recebeu na sede do Sindicato, em Bras\u00edlia\/DF, o filiado Alexandre de Andrade Freire, procurador-regional da Fazenda Nacional na 5\u00aa Regi\u00e3o. A reuni\u00e3o, solicitada pelo Colega, possibilitou o debate de temas pertinentes \u00e0 Carreira, com destaque para assuntos particulares da PRFN5.<\/p>\n<p>Ao longo do encontro, Alexandre Freire exp\u00f4s quest\u00f5es relativas ao cotidiano de trabalho das procuradoras e dos procuradores da Fazenda Nacional. Desafios impostos aos integrantes da 5\u00aa Regi\u00e3o foram apresentados pelo procurador-regional, que deu destaque tamb\u00e9m \u00e0s vit\u00f3rias obtidas pela Carreira em acordos como de transa\u00e7\u00e3o tribut\u00e1ria.<\/p>\n<p>&nbsp;<\/p>\n\n\t\t<style type=\"text\/css\">\n\t\t\t#gallery-1 {\n\t\t\t\tmargin: auto;\n\t\t\t}\n\t\t\t#gallery-1 .gallery-item {\n\t\t\t\tfloat: left;\n\t\t\t\tmargin-top: 10px;\n\t\t\t\ttext-align: center;\n\t\t\t\twidth: 33%;\n\t\t\t}\n\t\t\t#gallery-1 img {\n\t\t\t\tborder: 2px solid #cfcfcf;\n\t\t\t}\n\t\t\t#gallery-1 .gallery-caption {\n\t\t\t\tmargin-left: 0;\n\t\t\t}\n\t\t\t\/* see gallery_shortcode() in wp-includes\/media.php *\/\n\t\t<\/style>\n\t\t<div id='gallery-1' class='gallery galleryid-16759 gallery-columns-3 gallery-size-thumbnail'><dl class='gallery-item'>\n\t\t\t<dt class='gallery-icon landscape'>\n\t\t\t\t<a href='https:\/\/sinprofaz.org.br\/2024\/wp-content\/uploads\/2023\/09\/Iolanda-Guindani-na-sede-2.jpg'><img loading=\"lazy\" decoding=\"async\" width=\"150\" height=\"150\" src=\"https:\/\/sinprofaz.org.br\/2024\/wp-content\/uploads\/2023\/09\/Iolanda-Guindani-na-sede-2-150x150.jpg\" class=\"attachment-thumbnail size-thumbnail\" alt=\"\" \/><\/a>\n\t\t\t<\/dt><\/dl>\n\t\t\t<br style='clear: both' \/>\n\t\t<\/div>\n\n","protected":false},"excerpt":{"rendered":"<p>A presidente Iolanda Guindani recebeu na sede do Sindicato o filiado Alexandre Freire, procurador-regional da Fazenda Nacional na 5\u00aa Regi\u00e3o. A reuni\u00e3o possibilitou o debate de temas pertinentes \u00e0 Carreira, com destaque para assuntos particulares da PRFN5.<\/p>\n","protected":false},"author":2,"featured_media":16760,"comment_status":"open","ping_status":"open","sticky":false,"template":"","format":"standard","meta":{"footnotes":""},"categories":[8],"tags":[32,25],"featured_image_url":"https:\/\/sinprofaz.org.br\/2024\/wp-content\/uploads\/2023\/09\/Iolanda-Guindani-na-sede-1.jpg","character_count":520,"formatted_date":"04\/09\/2023 - 08:36","contentNovo":"A presidente do SINPROFAZ, Iolanda Guindani, recebeu na sede do Sindicato, em Bras\u00edlia\/DF, o filiado Alexandre de Andrade Freire, procurador-regional da Fazenda Nacional na 5\u00aa Regi\u00e3o. A reuni\u00e3o, solicitada pelo Colega, possibilitou o debate de temas pertinentes \u00e0 Carreira, com destaque para assuntos particulares da PRFN5.\r\n\r\nAo longo do encontro, Alexandre Freire exp\u00f4s quest\u00f5es relativas ao cotidiano de trabalho das procuradoras e dos procuradores da Fazenda Nacional. Desafios impostos aos integrantes da 5\u00aa Regi\u00e3o foram apresentados pelo procurador-regional, que deu destaque tamb\u00e9m \u00e0s vit\u00f3rias obtidas pela Carreira em acordos como de transa\u00e7\u00e3o tribut\u00e1ria.\r\n\r\n&nbsp;\r\n\r\n[gallery link=\"file\" ids=\"16761\"]","_links":{"self":[{"href":"https:\/\/sinprofaz.org.br\/2024\/wp-json\/wp\/v2\/posts\/16759"}],"collection":[{"href":"https:\/\/sinprofaz.org.br\/2024\/wp-json\/wp\/v2\/posts"}],"about":[{"href":"https:\/\/sinprofaz.org.br\/2024\/wp-json\/wp\/v2\/types\/post"}],"author":[{"embeddable":true,"href":"https:\/\/sinprofaz.org.br\/2024\/wp-json\/wp\/v2\/users\/2"}],"replies":[{"embeddable":true,"href":"https:\/\/sinprofaz.org.br\/2024\/wp-json\/wp\/v2\/comments?post=16759"}],"version-history":[{"count":1,"href":"https:\/\/sinprofaz.org.br\/2024\/wp-json\/wp\/v2\/posts\/16759\/revisions"}],"predecessor-version":[{"id":16762,"href":"https:\/\/sinprofaz.org.br\/2024\/wp-json\/wp\/v2\/posts\/16759\/revisions\/16762"}],"wp:featuredmedia":[{"embeddable":true,"href":"https:\/\/sinprofaz.org.br\/2024\/wp-json\/wp\/v2\/media\/16760"}],"wp:attachment":[{"href":"https:\/\/sinprofaz.org.br\/2024\/wp-json\/wp\/v2\/media?parent=16759"}],"wp:term":[{"taxonomy":"category","embeddable":true,"href":"https:\/\/sinprofaz.org.br\/2024\/wp-json\/wp\/v2\/categories?post=16759"},{"taxonomy":"post_tag","embeddable":true,"href":"https:\/\/sinprofaz.org.br\/2024\/wp-json\/wp\/v2\/tags?post=16759"}],"curies":[{"name":"wp","href":"https:\/\/api.w.org\/{rel}","templated":true}]}}