{"id":16730,"date":"2023-08-31T08:25:21","date_gmt":"2023-08-31T11:25:21","guid":{"rendered":"http:\/\/www.sinprofaz.org.br\/?p=16730"},"modified":"2023-08-31T16:39:21","modified_gmt":"2023-08-31T19:39:21","slug":"sinprofaz-participa-de-debates-da-mesa-nacional-de-negociacao-permanente","status":"publish","type":"post","link":"https:\/\/sinprofaz.org.br\/2024\/noticias\/sinprofaz-participa-de-debates-da-mesa-nacional-de-negociacao-permanente\/","title":{"rendered":"SINPROFAZ PARTICIPA DE DEBATES DA MESA NACIONAL DE NEGOCIA\u00c7\u00c3O PERMANENTE"},"content":{"rendered":"<p>A presidente do SINPROFAZ, Iolanda Guindani, compareceu \u00e0 quarta reuni\u00e3o de trabalho da Mesa Nacional de Negocia\u00e7\u00e3o Permanente. Realizada na ter\u00e7a-feira (29), na Esplanada dos Minist\u00e9rios, a reuni\u00e3o contou com a presen\u00e7a dos secret\u00e1rios de Rela\u00e7\u00f5es de Trabalho, Jos\u00e9 Lopez Feij\u00f3o, e de Gest\u00e3o de Pessoas, Jos\u00e9 Celso Cardoso, e teve como pauta central o reajuste salarial dos servidores federais em 2024.<\/p>\n<p>Liderados por Rudinei Marques, presidente do F\u00f3rum Nacional Permanente de Carreiras T\u00edpicas de Estado &#8211; Fonacate, os dirigentes sindicais pleitearam um reajuste condizente com as perdas acumuladas, que j\u00e1 superam 30%. N\u00e3o obstante, a informa\u00e7\u00e3o dos secret\u00e1rios foi de que o Minist\u00e9rio da Gest\u00e3o e da Inova\u00e7\u00e3o em Servi\u00e7os P\u00fablicos conseguiu reservar R$ 1,5 bilh\u00e3o do or\u00e7amento, o que corresponde a 1% de aumento para 2024.<\/p>\n<p>A proposta foi mal recebida pelas entidades. De acordo com Rudinei Marques, a expectativa era de que o governo apresentasse valores minimamente razo\u00e1veis. Na vis\u00e3o do Fonacate, por\u00e9m, a proposta representa verdadeira afronta aos servidores ativos, aposentados e pensionistas, muito prejudicados pelo congelamento salarial imposto nos \u00faltimos anos. Segundo Jos\u00e9 Lopez Feij\u00f3o, caso haja espa\u00e7o or\u00e7ament\u00e1rio, o percentual ser\u00e1 revisado.<\/p>\n\n\t\t<style type=\"text\/css\">\n\t\t\t#gallery-1 {\n\t\t\t\tmargin: auto;\n\t\t\t}\n\t\t\t#gallery-1 .gallery-item {\n\t\t\t\tfloat: left;\n\t\t\t\tmargin-top: 10px;\n\t\t\t\ttext-align: center;\n\t\t\t\twidth: 33%;\n\t\t\t}\n\t\t\t#gallery-1 img {\n\t\t\t\tborder: 2px solid #cfcfcf;\n\t\t\t}\n\t\t\t#gallery-1 .gallery-caption {\n\t\t\t\tmargin-left: 0;\n\t\t\t}\n\t\t\t\/* see gallery_shortcode() in wp-includes\/media.php *\/\n\t\t<\/style>\n\t\t<div id='gallery-1' class='gallery galleryid-16730 gallery-columns-3 gallery-size-thumbnail'><dl class='gallery-item'>\n\t\t\t<dt class='gallery-icon landscape'>\n\t\t\t\t<a href='https:\/\/sinprofaz.org.br\/2024\/wp-content\/uploads\/2023\/08\/SINPROFAZ-EM-DEBATES-2.jpg'><img loading=\"lazy\" decoding=\"async\" width=\"150\" height=\"150\" src=\"https:\/\/sinprofaz.org.br\/2024\/wp-content\/uploads\/2023\/08\/SINPROFAZ-EM-DEBATES-2-150x150.jpg\" class=\"attachment-thumbnail size-thumbnail\" alt=\"\" aria-describedby=\"gallery-1-16732\" \/><\/a>\n\t\t\t<\/dt>\n\t\t\t\t<dd class='wp-caption-text gallery-caption' id='gallery-1-16732'>\n\t\t\t\tIolanda Guindani, Jos\u00e9 Celso e Bob Machado (SINAIT)\n\t\t\t\t<\/dd><\/dl><dl class='gallery-item'>\n\t\t\t<dt class='gallery-icon landscape'>\n\t\t\t\t<a href='https:\/\/sinprofaz.org.br\/2024\/wp-content\/uploads\/2023\/08\/SINPROFAZ-EM-DEBATES-3.jpg'><img loading=\"lazy\" decoding=\"async\" width=\"150\" height=\"150\" src=\"https:\/\/sinprofaz.org.br\/2024\/wp-content\/uploads\/2023\/08\/SINPROFAZ-EM-DEBATES-3-150x150.jpg\" class=\"attachment-thumbnail size-thumbnail\" alt=\"\" aria-describedby=\"gallery-1-16733\" \/><\/a>\n\t\t\t<\/dt>\n\t\t\t\t<dd class='wp-caption-text gallery-caption' id='gallery-1-16733'>\n\t\t\t\tSecret\u00e1rio de Gest\u00e3o de Pessoas e dirigentes sindicais\n\t\t\t\t<\/dd><\/dl><dl class='gallery-item'>\n\t\t\t<dt class='gallery-icon landscape'>\n\t\t\t\t<a href='https:\/\/sinprofaz.org.br\/2024\/wp-content\/uploads\/2023\/08\/SINPROFAZ-EM-DEBATES-4.jpg'><img loading=\"lazy\" decoding=\"async\" width=\"150\" height=\"150\" src=\"https:\/\/sinprofaz.org.br\/2024\/wp-content\/uploads\/2023\/08\/SINPROFAZ-EM-DEBATES-4-150x150.jpg\" class=\"attachment-thumbnail size-thumbnail\" alt=\"\" aria-describedby=\"gallery-1-16734\" \/><\/a>\n\t\t\t<\/dt>\n\t\t\t\t<dd class='wp-caption-text gallery-caption' id='gallery-1-16734'>\n\t\t\t\tSecret\u00e1rio Jos\u00e9 Lopez Feij\u00f3o\n\t\t\t\t<\/dd><\/dl><br style=\"clear: both\" \/><dl class='gallery-item'>\n\t\t\t<dt class='gallery-icon landscape'>\n\t\t\t\t<a href='https:\/\/sinprofaz.org.br\/2024\/wp-content\/uploads\/2023\/08\/SINPROFAZ-EM-DEBATES-5.jpg'><img loading=\"lazy\" decoding=\"async\" width=\"150\" height=\"150\" src=\"https:\/\/sinprofaz.org.br\/2024\/wp-content\/uploads\/2023\/08\/SINPROFAZ-EM-DEBATES-5-150x150.jpg\" class=\"attachment-thumbnail size-thumbnail\" alt=\"\" aria-describedby=\"gallery-1-16735\" \/><\/a>\n\t\t\t<\/dt>\n\t\t\t\t<dd class='wp-caption-text gallery-caption' id='gallery-1-16735'>\n\t\t\t\tMesa Nacional de Negocia\u00e7\u00e3o Permanente\n\t\t\t\t<\/dd><\/dl>\n\t\t\t<br style='clear: both' \/>\n\t\t<\/div>\n\n","protected":false},"excerpt":{"rendered":"<p>O SINPROFAZ compareceu \u00e0 reuni\u00e3o de trabalho da Mesa Nacional de Negocia\u00e7\u00e3o Permanente. O encontro contou com a presen\u00e7a dos secret\u00e1rios de Rela\u00e7\u00f5es de Trabalho, Jos\u00e9 Lopez Feij\u00f3o, e de Gest\u00e3o de Pessoas, Jos\u00e9 Celso Cardoso.<\/p>\n","protected":false},"author":2,"featured_media":16731,"comment_status":"open","ping_status":"open","sticky":false,"template":"","format":"standard","meta":{"footnotes":""},"categories":[8],"tags":[122,25],"featured_image_url":"https:\/\/sinprofaz.org.br\/2024\/wp-content\/uploads\/2023\/08\/SINPROFAZ-EM-DEBATES-1.jpg","character_count":970,"formatted_date":"31\/08\/2023 - 08:25","contentNovo":"A presidente do SINPROFAZ, Iolanda Guindani, compareceu \u00e0 quarta reuni\u00e3o de trabalho da Mesa Nacional de Negocia\u00e7\u00e3o Permanente. Realizada na ter\u00e7a-feira (29), na Esplanada dos Minist\u00e9rios, a reuni\u00e3o contou com a presen\u00e7a dos secret\u00e1rios de Rela\u00e7\u00f5es de Trabalho, Jos\u00e9 Lopez Feij\u00f3o, e de Gest\u00e3o de Pessoas, Jos\u00e9 Celso Cardoso, e teve como pauta central o reajuste salarial dos servidores federais em 2024.\r\n\r\nLiderados por Rudinei Marques, presidente do F\u00f3rum Nacional Permanente de Carreiras T\u00edpicas de Estado - Fonacate, os dirigentes sindicais pleitearam um reajuste condizente com as perdas acumuladas, que j\u00e1 superam 30%. N\u00e3o obstante, a informa\u00e7\u00e3o dos secret\u00e1rios foi de que o Minist\u00e9rio da Gest\u00e3o e da Inova\u00e7\u00e3o em Servi\u00e7os P\u00fablicos conseguiu reservar R$ 1,5 bilh\u00e3o do or\u00e7amento, o que corresponde a 1% de aumento para 2024.\r\n\r\nA proposta foi mal recebida pelas entidades. De acordo com Rudinei Marques, a expectativa era de que o governo apresentasse valores minimamente razo\u00e1veis. Na vis\u00e3o do Fonacate, por\u00e9m, a proposta representa verdadeira afronta aos servidores ativos, aposentados e pensionistas, muito prejudicados pelo congelamento salarial imposto nos \u00faltimos anos. Segundo Jos\u00e9 Lopez Feij\u00f3o, caso haja espa\u00e7o or\u00e7ament\u00e1rio, o percentual ser\u00e1 revisado.\r\n\r\n[gallery link=\"file\" ids=\"16732,16733,16734,16735\"]","_links":{"self":[{"href":"https:\/\/sinprofaz.org.br\/2024\/wp-json\/wp\/v2\/posts\/16730"}],"collection":[{"href":"https:\/\/sinprofaz.org.br\/2024\/wp-json\/wp\/v2\/posts"}],"about":[{"href":"https:\/\/sinprofaz.org.br\/2024\/wp-json\/wp\/v2\/types\/post"}],"author":[{"embeddable":true,"href":"https:\/\/sinprofaz.org.br\/2024\/wp-json\/wp\/v2\/users\/2"}],"replies":[{"embeddable":true,"href":"https:\/\/sinprofaz.org.br\/2024\/wp-json\/wp\/v2\/comments?post=16730"}],"version-history":[{"count":2,"href":"https:\/\/sinprofaz.org.br\/2024\/wp-json\/wp\/v2\/posts\/16730\/revisions"}],"predecessor-version":[{"id":16742,"href":"https:\/\/sinprofaz.org.br\/2024\/wp-json\/wp\/v2\/posts\/16730\/revisions\/16742"}],"wp:featuredmedia":[{"embeddable":true,"href":"https:\/\/sinprofaz.org.br\/2024\/wp-json\/wp\/v2\/media\/16731"}],"wp:attachment":[{"href":"https:\/\/sinprofaz.org.br\/2024\/wp-json\/wp\/v2\/media?parent=16730"}],"wp:term":[{"taxonomy":"category","embeddable":true,"href":"https:\/\/sinprofaz.org.br\/2024\/wp-json\/wp\/v2\/categories?post=16730"},{"taxonomy":"post_tag","embeddable":true,"href":"https:\/\/sinprofaz.org.br\/2024\/wp-json\/wp\/v2\/tags?post=16730"}],"curies":[{"name":"wp","href":"https:\/\/api.w.org\/{rel}","templated":true}]}}