{"id":16694,"date":"2023-08-28T13:17:17","date_gmt":"2023-08-28T16:17:17","guid":{"rendered":"http:\/\/www.sinprofaz.org.br\/?p=16694"},"modified":"2023-08-29T10:29:44","modified_gmt":"2023-08-29T13:29:44","slug":"sinprofaz-convida-para-evento-da-esagu-sobre-promocao-do-trabalho-decente","status":"publish","type":"post","link":"https:\/\/sinprofaz.org.br\/2024\/noticias\/sinprofaz-convida-para-evento-da-esagu-sobre-promocao-do-trabalho-decente\/","title":{"rendered":"SINPROFAZ CONVIDA PARA EVENTO DA ESAGU SOBRE PROMO\u00c7\u00c3O DO TRABALHO DECENTE"},"content":{"rendered":"<p>O SINPROFAZ convida procuradoras e procuradores da Fazenda Nacional para participarem do semin\u00e1rio <em>A AGU e a promo\u00e7\u00e3o do trabalho decente: no caminho da efetividade<\/em>. O evento ocorre amanh\u00e3 (29), de forma h\u00edbrida: presencialmente, na sede da Escola Superior da Advocacia-Geral da Uni\u00e3o (ESAGU), em Bras\u00edlia\/DF, e online, com transmiss\u00e3o na plataforma da Escola Virtual da AGU (EVA). As inscri\u00e7\u00f5es para ambas as modalidades devem ser realizadas por meio do link: <a href=\"https:\/\/lnk.bio\/esagu\">https:\/\/lnk.bio\/esagu<\/a>.<\/p>\n<p><strong>Programa\u00e7\u00e3o<\/strong><br \/>\nProgramada para 9h30, a mesa de abertura do semin\u00e1rio contar\u00e1 com a presen\u00e7a de autoridades como o advogado-geral da Uni\u00e3o e filiado, Jorge Messias; o diretor da Escola Superior da AGU e filiado, Jo\u00e3o Carlos Souto; o presidente do Tribunal Superior do Trabalho (TST), L\u00e9lio Bentes Correa; o secret\u00e1rio executivo do Minist\u00e9rio do Trabalho e Emprego, Francisco Macena; o procurador-geral do Trabalho, Jos\u00e9 de Lima Ramos Pereira; o ministro do TST Maur\u00edcio Godinho Delgado, entre outros.<\/p>\n<p>A partir das 10h30, o p\u00fablico do semin\u00e1rio assistir\u00e1 a palestras sobre os temas &#8220;Trabalho e Justi\u00e7a Social: os desafios do Brasil para a promo\u00e7\u00e3o do trabalho decente&#8221;, &#8220;Precariza\u00e7\u00e3o do trabalho e suas consequ\u00eancias para o trabalho infantil e trabalho for\u00e7ado&#8221;, &#8220;Meio Ambiente do Trabalho e trabalho decente&#8221; e &#8220;A coopera\u00e7\u00e3o com a Justi\u00e7a do Trabalho e com o MPT para a desjudicializa\u00e7\u00e3o e a promo\u00e7\u00e3o do trabalho decente. Um novo paradigma para a atua\u00e7\u00e3o da AGU na concretiza\u00e7\u00e3o de direitos fundamentais&#8221;.<\/p>\n<p>Participe! Realize a inscri\u00e7\u00e3o em uma das modalidades do evento e contribua com as discuss\u00f5es.<\/p>\n\n\t\t<style type=\"text\/css\">\n\t\t\t#gallery-1 {\n\t\t\t\tmargin: auto;\n\t\t\t}\n\t\t\t#gallery-1 .gallery-item {\n\t\t\t\tfloat: left;\n\t\t\t\tmargin-top: 10px;\n\t\t\t\ttext-align: center;\n\t\t\t\twidth: 33%;\n\t\t\t}\n\t\t\t#gallery-1 img {\n\t\t\t\tborder: 2px solid #cfcfcf;\n\t\t\t}\n\t\t\t#gallery-1 .gallery-caption {\n\t\t\t\tmargin-left: 0;\n\t\t\t}\n\t\t\t\/* see gallery_shortcode() in wp-includes\/media.php *\/\n\t\t<\/style>\n\t\t<div id='gallery-1' class='gallery galleryid-16694 gallery-columns-3 gallery-size-thumbnail'><dl class='gallery-item'>\n\t\t\t<dt class='gallery-icon landscape'>\n\t\t\t\t<a href='https:\/\/sinprofaz.org.br\/2024\/wp-content\/uploads\/2023\/08\/ESE-2.jpg'><img loading=\"lazy\" decoding=\"async\" width=\"150\" height=\"150\" src=\"https:\/\/sinprofaz.org.br\/2024\/wp-content\/uploads\/2023\/08\/ESE-2-150x150.jpg\" class=\"attachment-thumbnail size-thumbnail\" alt=\"\" \/><\/a>\n\t\t\t<\/dt><\/dl><dl class='gallery-item'>\n\t\t\t<dt class='gallery-icon landscape'>\n\t\t\t\t<a href='https:\/\/sinprofaz.org.br\/2024\/wp-content\/uploads\/2023\/08\/ESE-3.jpg'><img loading=\"lazy\" decoding=\"async\" width=\"150\" height=\"150\" src=\"https:\/\/sinprofaz.org.br\/2024\/wp-content\/uploads\/2023\/08\/ESE-3-150x150.jpg\" class=\"attachment-thumbnail size-thumbnail\" alt=\"\" \/><\/a>\n\t\t\t<\/dt><\/dl><dl class='gallery-item'>\n\t\t\t<dt class='gallery-icon landscape'>\n\t\t\t\t<a href='https:\/\/sinprofaz.org.br\/2024\/wp-content\/uploads\/2023\/08\/ese-4.jpg'><img loading=\"lazy\" decoding=\"async\" width=\"150\" height=\"150\" src=\"https:\/\/sinprofaz.org.br\/2024\/wp-content\/uploads\/2023\/08\/ese-4-150x150.jpg\" class=\"attachment-thumbnail size-thumbnail\" alt=\"\" \/><\/a>\n\t\t\t<\/dt><\/dl><br style=\"clear: both\" \/>\n\t\t<\/div>\n\n","protected":false},"excerpt":{"rendered":"<p>O evento ocorre amanh\u00e3 (29), de forma h\u00edbrida: presencialmente, na sede da Escola Superior da Advocacia-Geral da Uni\u00e3o, em Bras\u00edlia\/DF, e online, com transmiss\u00e3o via Escola Virtual da AGU. As inscri\u00e7\u00f5es devem ser realizadas por meio do link: https:\/\/lnk.bio\/esagu.<\/p>\n","protected":false},"author":2,"featured_media":16695,"comment_status":"open","ping_status":"open","sticky":false,"template":"","format":"standard","meta":{"footnotes":""},"categories":[8],"tags":[43,205,29],"featured_image_url":"https:\/\/sinprofaz.org.br\/2024\/wp-content\/uploads\/2023\/08\/ESE-1.jpg","character_count":1027,"formatted_date":"28\/08\/2023 - 13:17","contentNovo":"O SINPROFAZ convida procuradoras e procuradores da Fazenda Nacional para participarem do semin\u00e1rio <em>A AGU e a promo\u00e7\u00e3o do trabalho decente: no caminho da efetividade<\/em>. O evento ocorre amanh\u00e3 (29), de forma h\u00edbrida: presencialmente, na sede da Escola Superior da Advocacia-Geral da Uni\u00e3o (ESAGU), em Bras\u00edlia\/DF, e online, com transmiss\u00e3o na plataforma da Escola Virtual da AGU (EVA). As inscri\u00e7\u00f5es para ambas as modalidades devem ser realizadas por meio do link: <a href=\"https:\/\/lnk.bio\/esagu\">https:\/\/lnk.bio\/esagu<\/a>.\r\n\r\n<strong>Programa\u00e7\u00e3o<\/strong>\r\nProgramada para 9h30, a mesa de abertura do semin\u00e1rio contar\u00e1 com a presen\u00e7a de autoridades como o advogado-geral da Uni\u00e3o e filiado, Jorge Messias; o diretor da Escola Superior da AGU e filiado, Jo\u00e3o Carlos Souto; o presidente do Tribunal Superior do Trabalho (TST), L\u00e9lio Bentes Correa; o secret\u00e1rio executivo do Minist\u00e9rio do Trabalho e Emprego, Francisco Macena; o procurador-geral do Trabalho, Jos\u00e9 de Lima Ramos Pereira; o ministro do TST Maur\u00edcio Godinho Delgado, entre outros.\r\n\r\nA partir das 10h30, o p\u00fablico do semin\u00e1rio assistir\u00e1 a palestras sobre os temas \"Trabalho e Justi\u00e7a Social: os desafios do Brasil para a promo\u00e7\u00e3o do trabalho decente\", \"Precariza\u00e7\u00e3o do trabalho e suas consequ\u00eancias para o trabalho infantil e trabalho for\u00e7ado\", \"Meio Ambiente do Trabalho e trabalho decente\" e \"A coopera\u00e7\u00e3o com a Justi\u00e7a do Trabalho e com o MPT para a desjudicializa\u00e7\u00e3o e a promo\u00e7\u00e3o do trabalho decente. Um novo paradigma para a atua\u00e7\u00e3o da AGU na concretiza\u00e7\u00e3o de direitos fundamentais\".\r\n\r\nParticipe! Realize a inscri\u00e7\u00e3o em uma das modalidades do evento e contribua com as discuss\u00f5es.\r\n\r\n[gallery link=\"file\" ids=\"16696,16697,16698\"]","_links":{"self":[{"href":"https:\/\/sinprofaz.org.br\/2024\/wp-json\/wp\/v2\/posts\/16694"}],"collection":[{"href":"https:\/\/sinprofaz.org.br\/2024\/wp-json\/wp\/v2\/posts"}],"about":[{"href":"https:\/\/sinprofaz.org.br\/2024\/wp-json\/wp\/v2\/types\/post"}],"author":[{"embeddable":true,"href":"https:\/\/sinprofaz.org.br\/2024\/wp-json\/wp\/v2\/users\/2"}],"replies":[{"embeddable":true,"href":"https:\/\/sinprofaz.org.br\/2024\/wp-json\/wp\/v2\/comments?post=16694"}],"version-history":[{"count":6,"href":"https:\/\/sinprofaz.org.br\/2024\/wp-json\/wp\/v2\/posts\/16694\/revisions"}],"predecessor-version":[{"id":16709,"href":"https:\/\/sinprofaz.org.br\/2024\/wp-json\/wp\/v2\/posts\/16694\/revisions\/16709"}],"wp:featuredmedia":[{"embeddable":true,"href":"https:\/\/sinprofaz.org.br\/2024\/wp-json\/wp\/v2\/media\/16695"}],"wp:attachment":[{"href":"https:\/\/sinprofaz.org.br\/2024\/wp-json\/wp\/v2\/media?parent=16694"}],"wp:term":[{"taxonomy":"category","embeddable":true,"href":"https:\/\/sinprofaz.org.br\/2024\/wp-json\/wp\/v2\/categories?post=16694"},{"taxonomy":"post_tag","embeddable":true,"href":"https:\/\/sinprofaz.org.br\/2024\/wp-json\/wp\/v2\/tags?post=16694"}],"curies":[{"name":"wp","href":"https:\/\/api.w.org\/{rel}","templated":true}]}}