{"id":16652,"date":"2023-08-22T15:22:47","date_gmt":"2023-08-22T18:22:47","guid":{"rendered":"http:\/\/www.sinprofaz.org.br\/?p=16652"},"modified":"2023-08-23T13:53:01","modified_gmt":"2023-08-23T16:53:01","slug":"sinprofaz-prestigia-homenagem-ao-conselho-regional-de-economia-de-sao-paulo","status":"publish","type":"post","link":"https:\/\/sinprofaz.org.br\/2024\/noticias\/sinprofaz-prestigia-homenagem-ao-conselho-regional-de-economia-de-sao-paulo\/","title":{"rendered":"SINPROFAZ PRESTIGIA HOMENAGEM AO CONSELHO REGIONAL DE ECONOMIA DE S\u00c3O PAULO"},"content":{"rendered":"<p>O diretor Guilherme Rossini Martins representou o SINPROFAZ na sess\u00e3o solene realizada em homenagem aos 70 anos do Conselho Regional de Economia do Estado de S\u00e3o Paulo (Corecon-SP). Promovida na Assembleia Legislativa do Estado, a cerim\u00f4nia contou com a participa\u00e7\u00e3o de autoridades e representantes de institui\u00e7\u00f5es e entidades de classe nacionais e regionais.<\/p>\n<p>A solenidade foi requerida pelo deputado estadual Luiz Claudio Marcolino (PT), que comp\u00f4s o dispositivo de honra. Al\u00e9m de rememorar as conquistas hist\u00f3ricas do Corecon-SP, as transforma\u00e7\u00f5es tecnol\u00f3gicas experimentadas pelo pa\u00eds e os desafios econ\u00f4micos dos \u00faltimos 70 anos, a cerim\u00f4nia permitiu homenagear os profissionais nonagen\u00e1rios que possuem os registros mais antigos no Conselho.<\/p>\n\n\t\t<style type=\"text\/css\">\n\t\t\t#gallery-1 {\n\t\t\t\tmargin: auto;\n\t\t\t}\n\t\t\t#gallery-1 .gallery-item {\n\t\t\t\tfloat: left;\n\t\t\t\tmargin-top: 10px;\n\t\t\t\ttext-align: center;\n\t\t\t\twidth: 33%;\n\t\t\t}\n\t\t\t#gallery-1 img {\n\t\t\t\tborder: 2px solid #cfcfcf;\n\t\t\t}\n\t\t\t#gallery-1 .gallery-caption {\n\t\t\t\tmargin-left: 0;\n\t\t\t}\n\t\t\t\/* see gallery_shortcode() in wp-includes\/media.php *\/\n\t\t<\/style>\n\t\t<div id='gallery-1' class='gallery galleryid-16652 gallery-columns-3 gallery-size-thumbnail'><dl class='gallery-item'>\n\t\t\t<dt class='gallery-icon landscape'>\n\t\t\t\t<a href='https:\/\/sinprofaz.org.br\/2024\/wp-content\/uploads\/2023\/08\/representante-Guilherme-Rossini-2.jpg'><img loading=\"lazy\" decoding=\"async\" width=\"150\" height=\"150\" src=\"https:\/\/sinprofaz.org.br\/2024\/wp-content\/uploads\/2023\/08\/representante-Guilherme-Rossini-2-150x150.jpg\" class=\"attachment-thumbnail size-thumbnail\" alt=\"\" \/><\/a>\n\t\t\t<\/dt><\/dl>\n\t\t\t<br style='clear: both' \/>\n\t\t<\/div>\n\n","protected":false},"excerpt":{"rendered":"<p>O diretor Guilherme Rossini Martins representou o SINPROFAZ na sess\u00e3o solene realizada em homenagem aos 70 anos do Corecon-SP. A cerim\u00f4nia contou com a participa\u00e7\u00e3o de autoridades e representantes de institui\u00e7\u00f5es e entidades de classe.<\/p>\n","protected":false},"author":2,"featured_media":16653,"comment_status":"open","ping_status":"open","sticky":false,"template":"","format":"standard","meta":{"footnotes":""},"categories":[8],"tags":[27,29,25],"featured_image_url":"https:\/\/sinprofaz.org.br\/2024\/wp-content\/uploads\/2023\/08\/representante-Guilherme-Rossini-1.jpg","character_count":561,"formatted_date":"22\/08\/2023 - 15:22","contentNovo":"O diretor Guilherme Rossini Martins representou o SINPROFAZ na sess\u00e3o solene realizada em homenagem aos 70 anos do Conselho Regional de Economia do Estado de S\u00e3o Paulo (Corecon-SP). Promovida na Assembleia Legislativa do Estado, a cerim\u00f4nia contou com a participa\u00e7\u00e3o de autoridades e representantes de institui\u00e7\u00f5es e entidades de classe nacionais e regionais.\r\n\r\nA solenidade foi requerida pelo deputado estadual Luiz Claudio Marcolino (PT), que comp\u00f4s o dispositivo de honra. Al\u00e9m de rememorar as conquistas hist\u00f3ricas do Corecon-SP, as transforma\u00e7\u00f5es tecnol\u00f3gicas experimentadas pelo pa\u00eds e os desafios econ\u00f4micos dos \u00faltimos 70 anos, a cerim\u00f4nia permitiu homenagear os profissionais nonagen\u00e1rios que possuem os registros mais antigos no Conselho.\r\n\r\n[gallery link=\"file\" ids=\"16654\"]","_links":{"self":[{"href":"https:\/\/sinprofaz.org.br\/2024\/wp-json\/wp\/v2\/posts\/16652"}],"collection":[{"href":"https:\/\/sinprofaz.org.br\/2024\/wp-json\/wp\/v2\/posts"}],"about":[{"href":"https:\/\/sinprofaz.org.br\/2024\/wp-json\/wp\/v2\/types\/post"}],"author":[{"embeddable":true,"href":"https:\/\/sinprofaz.org.br\/2024\/wp-json\/wp\/v2\/users\/2"}],"replies":[{"embeddable":true,"href":"https:\/\/sinprofaz.org.br\/2024\/wp-json\/wp\/v2\/comments?post=16652"}],"version-history":[{"count":3,"href":"https:\/\/sinprofaz.org.br\/2024\/wp-json\/wp\/v2\/posts\/16652\/revisions"}],"predecessor-version":[{"id":16663,"href":"https:\/\/sinprofaz.org.br\/2024\/wp-json\/wp\/v2\/posts\/16652\/revisions\/16663"}],"wp:featuredmedia":[{"embeddable":true,"href":"https:\/\/sinprofaz.org.br\/2024\/wp-json\/wp\/v2\/media\/16653"}],"wp:attachment":[{"href":"https:\/\/sinprofaz.org.br\/2024\/wp-json\/wp\/v2\/media?parent=16652"}],"wp:term":[{"taxonomy":"category","embeddable":true,"href":"https:\/\/sinprofaz.org.br\/2024\/wp-json\/wp\/v2\/categories?post=16652"},{"taxonomy":"post_tag","embeddable":true,"href":"https:\/\/sinprofaz.org.br\/2024\/wp-json\/wp\/v2\/tags?post=16652"}],"curies":[{"name":"wp","href":"https:\/\/api.w.org\/{rel}","templated":true}]}}