{"id":16628,"date":"2023-08-18T08:23:21","date_gmt":"2023-08-18T11:23:21","guid":{"rendered":"http:\/\/www.sinprofaz.org.br\/?p=16628"},"modified":"2023-08-18T15:16:39","modified_gmt":"2023-08-18T18:16:39","slug":"sinprofaz-se-reune-com-senadores-otto-alencar-e-nelsinho-trad","status":"publish","type":"post","link":"https:\/\/sinprofaz.org.br\/2024\/noticias\/sinprofaz-se-reune-com-senadores-otto-alencar-e-nelsinho-trad\/","title":{"rendered":"SINPROFAZ SE RE\u00daNE COM SENADORES OTTO ALENCAR E NELSINHO TRAD"},"content":{"rendered":"<p>O SINPROFAZ, representado pela presidente Iolanda Guindani, esteve reunido na quarta-feira (16) com os senadores Otto Alencar (PSD\/BA) e Nelsinho Trad (PSD\/MS). O encontro ocorreu na sede da Lideran\u00e7a do PSD, no Senado Federal, e contou com a participa\u00e7\u00e3o de entidades integrantes do F\u00f3rum Nacional da Advocacia P\u00fablica Federal.<\/p>\n<p>Na oportunidade da reuni\u00e3o, Iolanda Guindani ponderou a respeito das compet\u00eancias constitucionais dos PFNs e dos resultados sem precedentes que a Procuradoria da Fazenda Nacional vem, ano ap\u00f3s ano, entregando ao pa\u00eds. Atentos \u00e0 exposi\u00e7\u00e3o, os senadores manifestaram absoluta concord\u00e2ncia com a presidente do SINPROFAZ e franquearam o apoio pleiteado pelo FORVM.<\/p>\n\n\t\t<style type=\"text\/css\">\n\t\t\t#gallery-1 {\n\t\t\t\tmargin: auto;\n\t\t\t}\n\t\t\t#gallery-1 .gallery-item {\n\t\t\t\tfloat: left;\n\t\t\t\tmargin-top: 10px;\n\t\t\t\ttext-align: center;\n\t\t\t\twidth: 33%;\n\t\t\t}\n\t\t\t#gallery-1 img {\n\t\t\t\tborder: 2px solid #cfcfcf;\n\t\t\t}\n\t\t\t#gallery-1 .gallery-caption {\n\t\t\t\tmargin-left: 0;\n\t\t\t}\n\t\t\t\/* see gallery_shortcode() in wp-includes\/media.php *\/\n\t\t<\/style>\n\t\t<div id='gallery-1' class='gallery galleryid-16628 gallery-columns-3 gallery-size-thumbnail'><dl class='gallery-item'>\n\t\t\t<dt class='gallery-icon landscape'>\n\t\t\t\t<a href='https:\/\/sinprofaz.org.br\/2024\/wp-content\/uploads\/2023\/08\/SINPROFAZ-COM-SENADORES-2.jpg'><img loading=\"lazy\" decoding=\"async\" width=\"150\" height=\"150\" src=\"https:\/\/sinprofaz.org.br\/2024\/wp-content\/uploads\/2023\/08\/SINPROFAZ-COM-SENADORES-2-150x150.jpg\" class=\"attachment-thumbnail size-thumbnail\" alt=\"\" \/><\/a>\n\t\t\t<\/dt><\/dl><dl class='gallery-item'>\n\t\t\t<dt class='gallery-icon landscape'>\n\t\t\t\t<a href='https:\/\/sinprofaz.org.br\/2024\/wp-content\/uploads\/2023\/08\/SINPROFAZ-COM-SENADORES-3.jpg'><img loading=\"lazy\" decoding=\"async\" width=\"150\" height=\"150\" src=\"https:\/\/sinprofaz.org.br\/2024\/wp-content\/uploads\/2023\/08\/SINPROFAZ-COM-SENADORES-3-150x150.jpg\" class=\"attachment-thumbnail size-thumbnail\" alt=\"\" \/><\/a>\n\t\t\t<\/dt><\/dl>\n\t\t\t<br style='clear: both' \/>\n\t\t<\/div>\n\n","protected":false},"excerpt":{"rendered":"<p>O SINPROFAZ, representado pela presidente Iolanda Guindani, esteve reunido com os senadores Otto Alencar (PSD\/BA) e Nelsinho Trad (PSD\/MS). O encontro ocorreu na sede da Lideran\u00e7a do PSD, no Senado Federal, e contou com a participa\u00e7\u00e3o de entidades integrantes do FORVM.<\/p>\n","protected":false},"author":2,"featured_media":16629,"comment_status":"open","ping_status":"open","sticky":false,"template":"","format":"standard","meta":{"footnotes":""},"categories":[8],"tags":[137,53,25],"featured_image_url":"https:\/\/sinprofaz.org.br\/2024\/wp-content\/uploads\/2023\/08\/SINPROFAZ-COM-SENADORES-1.jpg","character_count":536,"formatted_date":"18\/08\/2023 - 08:23","contentNovo":"O SINPROFAZ, representado pela presidente Iolanda Guindani, esteve reunido na quarta-feira (16) com os senadores Otto Alencar (PSD\/BA) e Nelsinho Trad (PSD\/MS). O encontro ocorreu na sede da Lideran\u00e7a do PSD, no Senado Federal, e contou com a participa\u00e7\u00e3o de entidades integrantes do F\u00f3rum Nacional da Advocacia P\u00fablica Federal.\r\n\r\nNa oportunidade da reuni\u00e3o, Iolanda Guindani ponderou a respeito das compet\u00eancias constitucionais dos PFNs e dos resultados sem precedentes que a Procuradoria da Fazenda Nacional vem, ano ap\u00f3s ano, entregando ao pa\u00eds. Atentos \u00e0 exposi\u00e7\u00e3o, os senadores manifestaram absoluta concord\u00e2ncia com a presidente do SINPROFAZ e franquearam o apoio pleiteado pelo FORVM.\r\n\r\n[gallery link=\"file\" ids=\"16630,16631\"]","_links":{"self":[{"href":"https:\/\/sinprofaz.org.br\/2024\/wp-json\/wp\/v2\/posts\/16628"}],"collection":[{"href":"https:\/\/sinprofaz.org.br\/2024\/wp-json\/wp\/v2\/posts"}],"about":[{"href":"https:\/\/sinprofaz.org.br\/2024\/wp-json\/wp\/v2\/types\/post"}],"author":[{"embeddable":true,"href":"https:\/\/sinprofaz.org.br\/2024\/wp-json\/wp\/v2\/users\/2"}],"replies":[{"embeddable":true,"href":"https:\/\/sinprofaz.org.br\/2024\/wp-json\/wp\/v2\/comments?post=16628"}],"version-history":[{"count":2,"href":"https:\/\/sinprofaz.org.br\/2024\/wp-json\/wp\/v2\/posts\/16628\/revisions"}],"predecessor-version":[{"id":16638,"href":"https:\/\/sinprofaz.org.br\/2024\/wp-json\/wp\/v2\/posts\/16628\/revisions\/16638"}],"wp:featuredmedia":[{"embeddable":true,"href":"https:\/\/sinprofaz.org.br\/2024\/wp-json\/wp\/v2\/media\/16629"}],"wp:attachment":[{"href":"https:\/\/sinprofaz.org.br\/2024\/wp-json\/wp\/v2\/media?parent=16628"}],"wp:term":[{"taxonomy":"category","embeddable":true,"href":"https:\/\/sinprofaz.org.br\/2024\/wp-json\/wp\/v2\/categories?post=16628"},{"taxonomy":"post_tag","embeddable":true,"href":"https:\/\/sinprofaz.org.br\/2024\/wp-json\/wp\/v2\/tags?post=16628"}],"curies":[{"name":"wp","href":"https:\/\/api.w.org\/{rel}","templated":true}]}}