{"id":16622,"date":"2023-08-17T08:39:20","date_gmt":"2023-08-17T11:39:20","guid":{"rendered":"http:\/\/www.sinprofaz.org.br\/?p=16622"},"modified":"2023-08-18T10:36:51","modified_gmt":"2023-08-18T13:36:51","slug":"dirigentes-do-sinprofaz-sao-recebidos-por-jorge-messias-advogado-geral-da-uniao","status":"publish","type":"post","link":"https:\/\/sinprofaz.org.br\/2024\/noticias\/dirigentes-do-sinprofaz-sao-recebidos-por-jorge-messias-advogado-geral-da-uniao\/","title":{"rendered":"DIRIGENTES DO SINPROFAZ S\u00c3O RECEBIDOS POR JORGE MESSIAS, ADVOGADO-GERAL DA UNI\u00c3O"},"content":{"rendered":"<p>A presidente do SINPROFAZ, Iolanda Guindani, e o vice-presidente, Ricardo Queiroz, representaram o Sindicato em reuni\u00e3o na ter\u00e7a-feira (15) com o advogado-geral da Uni\u00e3o, Jorge Messias. Na ocasi\u00e3o do encontro na sede da AGU, em Bras\u00edlia\/DF, o filiado recebeu as entidades integrantes do F\u00f3rum Nacional da Advocacia P\u00fablica Federal. O vice-AGU, Fl\u00e1vio Roman; o consultor-geral da Uni\u00e3o, Andr\u00e9 Dantas; e a secret\u00e1ria-geral adjunta de Consultoria, Tahiana Vieira, tamb\u00e9m participaram da reuni\u00e3o, ao longo da qual os dirigentes associativos apresentaram os principais pleitos das carreiras. A atua\u00e7\u00e3o sin\u00e9rgica e colaborativa entre o FORVM e a AGU foi destacada ao longo dos debates.<\/p>\n<p>Para dar in\u00edcio \u00e0s exposi\u00e7\u00f5es, a palavra foi concedida a Iolanda Guindani. A presidente do SINPROFAZ abordou temas como o trabalho parlamentar empreendido pelas entidades; o custeio, pelo CCHA, de gastos que recaem sobre os Membros da Institui\u00e7\u00e3o; e a import\u00e2ncia de iniciativas da AGU voltadas \u00e0 sa\u00fade integral dos Colegas &#8211; pauta na qual a presidente contou com o apoio irrestrito de Jorge Messias. Ao tratar da minuta do projeto de lei que visa \u00e0 cria\u00e7\u00e3o do quadro t\u00e9cnico da AGU e que inclui a PGFN, Iolanda Guindani ressaltou que &#8220;com a carreira de apoio, as advogadas p\u00fablicas e os advogados p\u00fablicos ser\u00e3o capazes de alcan\u00e7ar patamares de efici\u00eancia ainda maiores em benef\u00edcio do pa\u00eds&#8221;.<\/p>\n<p><strong>Autonomia da Advocacia P\u00fablica<\/strong><br \/>\nNa oportunidade da reuni\u00e3o, o filiado Jorge Messias foi convidado pelas entidades do FORVM para compor o dispositivo de abertura do 1\u00b0 Semin\u00e1rio Nacional da Autonomia da Advocacia P\u00fablica. O evento, que conta com o apoio do SINPROFAZ, ocorre no dia 5 de setembro, em S\u00e3o Lu\u00eds\/MA &#8211; cidade natal do ministro da Justi\u00e7a e Seguran\u00e7a P\u00fablica, Fl\u00e1vio Dino, o qual, em 2007, foi o deputado autor da PEC 82, relativa \u00e0 autonomia funcional dos Membros da AGU. Colegas, parlamentares e autoridades de todas as partes do Brasil s\u00e3o esperados no Semin\u00e1rio. Filiadas e filiados interessados em participar devem se inscrever at\u00e9 o dia 31 de agosto por meio do link: <a href=\"http:\/\/bit.ly\/Semin\u00e1riodaAutonomia\">bit.ly\/Semin\u00e1riodaAutonomia<\/a><\/p>\n\n\t\t<style type=\"text\/css\">\n\t\t\t#gallery-1 {\n\t\t\t\tmargin: auto;\n\t\t\t}\n\t\t\t#gallery-1 .gallery-item {\n\t\t\t\tfloat: left;\n\t\t\t\tmargin-top: 10px;\n\t\t\t\ttext-align: center;\n\t\t\t\twidth: 33%;\n\t\t\t}\n\t\t\t#gallery-1 img {\n\t\t\t\tborder: 2px solid #cfcfcf;\n\t\t\t}\n\t\t\t#gallery-1 .gallery-caption {\n\t\t\t\tmargin-left: 0;\n\t\t\t}\n\t\t\t\/* see gallery_shortcode() in wp-includes\/media.php *\/\n\t\t<\/style>\n\t\t<div id='gallery-1' class='gallery galleryid-16622 gallery-columns-3 gallery-size-thumbnail'><dl class='gallery-item'>\n\t\t\t<dt class='gallery-icon landscape'>\n\t\t\t\t<a href='https:\/\/sinprofaz.org.br\/2024\/wp-content\/uploads\/2023\/08\/Sinprofaz-e-JORGE-MESSIAS-2.png'><img loading=\"lazy\" decoding=\"async\" width=\"150\" height=\"150\" src=\"https:\/\/sinprofaz.org.br\/2024\/wp-content\/uploads\/2023\/08\/Sinprofaz-e-JORGE-MESSIAS-2-150x150.png\" class=\"attachment-thumbnail size-thumbnail\" alt=\"\" \/><\/a>\n\t\t\t<\/dt><\/dl><dl class='gallery-item'>\n\t\t\t<dt class='gallery-icon landscape'>\n\t\t\t\t<a href='https:\/\/sinprofaz.org.br\/2024\/wp-content\/uploads\/2023\/08\/Sinprofaz-e-JORGE-MESSIAS-3.png'><img loading=\"lazy\" decoding=\"async\" width=\"150\" height=\"150\" src=\"https:\/\/sinprofaz.org.br\/2024\/wp-content\/uploads\/2023\/08\/Sinprofaz-e-JORGE-MESSIAS-3-150x150.png\" class=\"attachment-thumbnail size-thumbnail\" alt=\"\" \/><\/a>\n\t\t\t<\/dt><\/dl><dl class='gallery-item'>\n\t\t\t<dt class='gallery-icon landscape'>\n\t\t\t\t<a href='https:\/\/sinprofaz.org.br\/2024\/wp-content\/uploads\/2023\/08\/Sinprofaz-e-JORGE-MESSIAS-4.png'><img loading=\"lazy\" decoding=\"async\" width=\"150\" height=\"150\" src=\"https:\/\/sinprofaz.org.br\/2024\/wp-content\/uploads\/2023\/08\/Sinprofaz-e-JORGE-MESSIAS-4-150x150.png\" class=\"attachment-thumbnail size-thumbnail\" alt=\"\" \/><\/a>\n\t\t\t<\/dt><\/dl><br style=\"clear: both\" \/>\n\t\t<\/div>\n\n","protected":false},"excerpt":{"rendered":"<p>A presidente do SINPROFAZ, Iolanda Guindani, e o vice-presidente, Ricardo Queiroz, representaram o Sindicato em reuni\u00e3o com o filiado Jorge Messias. O AGU recebeu as entidades do F\u00f3rum Nacional da Advocacia P\u00fablica Federal.<\/p>\n","protected":false},"author":2,"featured_media":16623,"comment_status":"open","ping_status":"open","sticky":false,"template":"","format":"standard","meta":{"footnotes":""},"categories":[8],"tags":[43,137,25],"featured_image_url":"https:\/\/sinprofaz.org.br\/2024\/wp-content\/uploads\/2023\/08\/Sinprofaz-e-JORGE-MESSIAS-1.png","character_count":1270,"formatted_date":"17\/08\/2023 - 08:39","contentNovo":"A presidente do SINPROFAZ, Iolanda Guindani, e o vice-presidente, Ricardo Queiroz, representaram o Sindicato em reuni\u00e3o na ter\u00e7a-feira (15) com o advogado-geral da Uni\u00e3o, Jorge Messias. Na ocasi\u00e3o do encontro na sede da AGU, em Bras\u00edlia\/DF, o filiado recebeu as entidades integrantes do F\u00f3rum Nacional da Advocacia P\u00fablica Federal. O vice-AGU, Fl\u00e1vio Roman; o consultor-geral da Uni\u00e3o, Andr\u00e9 Dantas; e a secret\u00e1ria-geral adjunta de Consultoria, Tahiana Vieira, tamb\u00e9m participaram da reuni\u00e3o, ao longo da qual os dirigentes associativos apresentaram os principais pleitos das carreiras. A atua\u00e7\u00e3o sin\u00e9rgica e colaborativa entre o FORVM e a AGU foi destacada ao longo dos debates.\r\n\r\nPara dar in\u00edcio \u00e0s exposi\u00e7\u00f5es, a palavra foi concedida a Iolanda Guindani. A presidente do SINPROFAZ abordou temas como o trabalho parlamentar empreendido pelas entidades; o custeio, pelo CCHA, de gastos que recaem sobre os Membros da Institui\u00e7\u00e3o; e a import\u00e2ncia de iniciativas da AGU voltadas \u00e0 sa\u00fade integral dos Colegas - pauta na qual a presidente contou com o apoio irrestrito de Jorge Messias. Ao tratar da minuta do projeto de lei que visa \u00e0 cria\u00e7\u00e3o do quadro t\u00e9cnico da AGU e que inclui a PGFN, Iolanda Guindani ressaltou que \"com a carreira de apoio, as advogadas p\u00fablicas e os advogados p\u00fablicos ser\u00e3o capazes de alcan\u00e7ar patamares de efici\u00eancia ainda maiores em benef\u00edcio do pa\u00eds\".\r\n\r\n<strong>Autonomia da Advocacia P\u00fablica<\/strong>\r\nNa oportunidade da reuni\u00e3o, o filiado Jorge Messias foi convidado pelas entidades do FORVM para compor o dispositivo de abertura do 1\u00b0 Semin\u00e1rio Nacional da Autonomia da Advocacia P\u00fablica. O evento, que conta com o apoio do SINPROFAZ, ocorre no dia 5 de setembro, em S\u00e3o Lu\u00eds\/MA - cidade natal do ministro da Justi\u00e7a e Seguran\u00e7a P\u00fablica, Fl\u00e1vio Dino, o qual, em 2007, foi o deputado autor da PEC 82, relativa \u00e0 autonomia funcional dos Membros da AGU. Colegas, parlamentares e autoridades de todas as partes do Brasil s\u00e3o esperados no Semin\u00e1rio. Filiadas e filiados interessados em participar devem se inscrever at\u00e9 o dia 31 de agosto por meio do link: <a href=\"http:\/\/bit.ly\/Semin\u00e1riodaAutonomia\">bit.ly\/Semin\u00e1riodaAutonomia<\/a>\r\n\r\n[gallery link=\"file\" ids=\"16624,16625,16626\"]","_links":{"self":[{"href":"https:\/\/sinprofaz.org.br\/2024\/wp-json\/wp\/v2\/posts\/16622"}],"collection":[{"href":"https:\/\/sinprofaz.org.br\/2024\/wp-json\/wp\/v2\/posts"}],"about":[{"href":"https:\/\/sinprofaz.org.br\/2024\/wp-json\/wp\/v2\/types\/post"}],"author":[{"embeddable":true,"href":"https:\/\/sinprofaz.org.br\/2024\/wp-json\/wp\/v2\/users\/2"}],"replies":[{"embeddable":true,"href":"https:\/\/sinprofaz.org.br\/2024\/wp-json\/wp\/v2\/comments?post=16622"}],"version-history":[{"count":2,"href":"https:\/\/sinprofaz.org.br\/2024\/wp-json\/wp\/v2\/posts\/16622\/revisions"}],"predecessor-version":[{"id":16633,"href":"https:\/\/sinprofaz.org.br\/2024\/wp-json\/wp\/v2\/posts\/16622\/revisions\/16633"}],"wp:featuredmedia":[{"embeddable":true,"href":"https:\/\/sinprofaz.org.br\/2024\/wp-json\/wp\/v2\/media\/16623"}],"wp:attachment":[{"href":"https:\/\/sinprofaz.org.br\/2024\/wp-json\/wp\/v2\/media?parent=16622"}],"wp:term":[{"taxonomy":"category","embeddable":true,"href":"https:\/\/sinprofaz.org.br\/2024\/wp-json\/wp\/v2\/categories?post=16622"},{"taxonomy":"post_tag","embeddable":true,"href":"https:\/\/sinprofaz.org.br\/2024\/wp-json\/wp\/v2\/tags?post=16622"}],"curies":[{"name":"wp","href":"https:\/\/api.w.org\/{rel}","templated":true}]}}