{"id":16609,"date":"2023-08-15T09:14:26","date_gmt":"2023-08-15T12:14:26","guid":{"rendered":"http:\/\/www.sinprofaz.org.br\/?p=16609"},"modified":"2023-08-15T09:18:16","modified_gmt":"2023-08-15T12:18:16","slug":"sinprofaz-prestigia-confraternizacao-da-publica-central-do-servidor","status":"publish","type":"post","link":"https:\/\/sinprofaz.org.br\/2024\/noticias\/sinprofaz-prestigia-confraternizacao-da-publica-central-do-servidor\/","title":{"rendered":"SINPROFAZ PRESTIGIA CONFRATERNIZA\u00c7\u00c3O DA &#8220;P\u00daBLICA &#8211; CENTRAL DO SERVIDOR&#8221;"},"content":{"rendered":"<p>A presidente do SINPROFAZ, Iolanda Guindani, compareceu na quinta-feira (10) ao caf\u00e9 da manh\u00e3 promovido em comemora\u00e7\u00e3o aos 8 anos da &#8220;P\u00fablica &#8211; Central do Servidor&#8221;. A confraterniza\u00e7\u00e3o na sede da entidade, em Bras\u00edlia\/DF, foi prestigiada pelo senador Paulo Paim (PT\/RS), pelas deputadas federais Erika Kokay (PT\/DF) e Luciene Cavalcante (Psol\/SP) e por dezenas de dirigentes sindicais e associativos.<\/p>\n<p>Ao se voltarem para os convidados do evento, os parlamentares parabenizaram as entidades representativas pelo hist\u00f3rico de luta em defesa das respectivas categorias e do servi\u00e7o p\u00fablico como um todo. As exposi\u00e7\u00f5es estiveram em sintonia com a fala da presidente Iolanda Guindani, que, dirigindo-se aos presentes, lembrou a progressiva evolu\u00e7\u00e3o das condi\u00e7\u00f5es de trabalho ofertadas pela Procuradoria da Fazenda Nacional.<\/p>\n<p><strong>Sobre a P\u00fablica<\/strong><br \/>\nFundada em agosto de 2015, a entidade vem participando das mais importantes batalhas do servi\u00e7o p\u00fablico e afirmando a import\u00e2ncia de uma Central dos servidores das inst\u00e2ncias municipal, estadual, federal e de todos os Poderes. Na oportunidade do caf\u00e9 da manh\u00e3, o presidente da P\u00fablica, Jos\u00e9 Gozze, foi parabenizado e reconhecido pela lideran\u00e7a exercida nas pautas mais relevantes para os servidores p\u00fablicos.<\/p>\n\n\t\t<style type=\"text\/css\">\n\t\t\t#gallery-1 {\n\t\t\t\tmargin: auto;\n\t\t\t}\n\t\t\t#gallery-1 .gallery-item {\n\t\t\t\tfloat: left;\n\t\t\t\tmargin-top: 10px;\n\t\t\t\ttext-align: center;\n\t\t\t\twidth: 33%;\n\t\t\t}\n\t\t\t#gallery-1 img {\n\t\t\t\tborder: 2px solid #cfcfcf;\n\t\t\t}\n\t\t\t#gallery-1 .gallery-caption {\n\t\t\t\tmargin-left: 0;\n\t\t\t}\n\t\t\t\/* see gallery_shortcode() in wp-includes\/media.php *\/\n\t\t<\/style>\n\t\t<div id='gallery-1' class='gallery galleryid-16609 gallery-columns-3 gallery-size-thumbnail'><dl class='gallery-item'>\n\t\t\t<dt class='gallery-icon landscape'>\n\t\t\t\t<a href='https:\/\/sinprofaz.org.br\/2024\/wp-content\/uploads\/2023\/08\/CENTRAL-DO-SERVIDOR-2.jpg'><img loading=\"lazy\" decoding=\"async\" width=\"150\" height=\"150\" src=\"https:\/\/sinprofaz.org.br\/2024\/wp-content\/uploads\/2023\/08\/CENTRAL-DO-SERVIDOR-2-150x150.jpg\" class=\"attachment-thumbnail size-thumbnail\" alt=\"\" aria-describedby=\"gallery-1-16611\" \/><\/a>\n\t\t\t<\/dt>\n\t\t\t\t<dd class='wp-caption-text gallery-caption' id='gallery-1-16611'>\n\t\t\t\tIolanda Guindani e Erika Kokay\n\t\t\t\t<\/dd><\/dl><dl class='gallery-item'>\n\t\t\t<dt class='gallery-icon landscape'>\n\t\t\t\t<a href='https:\/\/sinprofaz.org.br\/2024\/wp-content\/uploads\/2023\/08\/CENTRAL-DO-SERVIDOR-3.jpg'><img loading=\"lazy\" decoding=\"async\" width=\"150\" height=\"150\" src=\"https:\/\/sinprofaz.org.br\/2024\/wp-content\/uploads\/2023\/08\/CENTRAL-DO-SERVIDOR-3-150x150.jpg\" class=\"attachment-thumbnail size-thumbnail\" alt=\"\" aria-describedby=\"gallery-1-16612\" \/><\/a>\n\t\t\t<\/dt>\n\t\t\t\t<dd class='wp-caption-text gallery-caption' id='gallery-1-16612'>\n\t\t\t\tIolanda Guindani ao lado de Paulo Paim\n\t\t\t\t<\/dd><\/dl><dl class='gallery-item'>\n\t\t\t<dt class='gallery-icon landscape'>\n\t\t\t\t<a href='https:\/\/sinprofaz.org.br\/2024\/wp-content\/uploads\/2023\/08\/CENTRAL-DO-SERVIDOR-4.jpg'><img loading=\"lazy\" decoding=\"async\" width=\"150\" height=\"150\" src=\"https:\/\/sinprofaz.org.br\/2024\/wp-content\/uploads\/2023\/08\/CENTRAL-DO-SERVIDOR-4-150x150.jpg\" class=\"attachment-thumbnail size-thumbnail\" alt=\"\" aria-describedby=\"gallery-1-16613\" \/><\/a>\n\t\t\t<\/dt>\n\t\t\t\t<dd class='wp-caption-text gallery-caption' id='gallery-1-16613'>\n\t\t\t\tIolanda Guindani e convidados\n\t\t\t\t<\/dd><\/dl><br style=\"clear: both\" \/><dl class='gallery-item'>\n\t\t\t<dt class='gallery-icon landscape'>\n\t\t\t\t<a href='https:\/\/sinprofaz.org.br\/2024\/wp-content\/uploads\/2023\/08\/CENTRAL-DO-SERVIDOR-5.jpg'><img loading=\"lazy\" decoding=\"async\" width=\"150\" height=\"150\" src=\"https:\/\/sinprofaz.org.br\/2024\/wp-content\/uploads\/2023\/08\/CENTRAL-DO-SERVIDOR-5-150x150.jpg\" class=\"attachment-thumbnail size-thumbnail\" alt=\"\" aria-describedby=\"gallery-1-16614\" \/><\/a>\n\t\t\t<\/dt>\n\t\t\t\t<dd class='wp-caption-text gallery-caption' id='gallery-1-16614'>\n\t\t\t\tPresen\u00e7a da deputada Luciene Cavalcante\n\t\t\t\t<\/dd><\/dl>\n\t\t\t<br style='clear: both' \/>\n\t\t<\/div>\n\n","protected":false},"excerpt":{"rendered":"<p>A comemora\u00e7\u00e3o pelos 8 anos da P\u00fablica ocorreu na sede da entidade, em Bras\u00edlia\/DF, e foi prestigiada pelo senador Paulo Paim (PT\/RS), pelas deputadas federais Erika Kokay (PT\/DF) e Luciene Cavalcante (Psol\/SP) e por dezenas de dirigentes sindicais e associativos.<\/p>\n","protected":false},"author":2,"featured_media":16610,"comment_status":"open","ping_status":"open","sticky":false,"template":"","format":"standard","meta":{"footnotes":""},"categories":[8],"tags":[23,29,25],"featured_image_url":"https:\/\/sinprofaz.org.br\/2024\/wp-content\/uploads\/2023\/08\/CENTRAL-DO-SERVIDOR-1.jpg","character_count":941,"formatted_date":"15\/08\/2023 - 09:14","contentNovo":"A presidente do SINPROFAZ, Iolanda Guindani, compareceu na quinta-feira (10) ao caf\u00e9 da manh\u00e3 promovido em comemora\u00e7\u00e3o aos 8 anos da \"P\u00fablica - Central do Servidor\". A confraterniza\u00e7\u00e3o na sede da entidade, em Bras\u00edlia\/DF, foi prestigiada pelo senador Paulo Paim (PT\/RS), pelas deputadas federais Erika Kokay (PT\/DF) e Luciene Cavalcante (Psol\/SP) e por dezenas de dirigentes sindicais e associativos.\r\n\r\nAo se voltarem para os convidados do evento, os parlamentares parabenizaram as entidades representativas pelo hist\u00f3rico de luta em defesa das respectivas categorias e do servi\u00e7o p\u00fablico como um todo. As exposi\u00e7\u00f5es estiveram em sintonia com a fala da presidente Iolanda Guindani, que, dirigindo-se aos presentes, lembrou a progressiva evolu\u00e7\u00e3o das condi\u00e7\u00f5es de trabalho ofertadas pela Procuradoria da Fazenda Nacional.\r\n\r\n<strong>Sobre a P\u00fablica<\/strong>\r\nFundada em agosto de 2015, a entidade vem participando das mais importantes batalhas do servi\u00e7o p\u00fablico e afirmando a import\u00e2ncia de uma Central dos servidores das inst\u00e2ncias municipal, estadual, federal e de todos os Poderes. Na oportunidade do caf\u00e9 da manh\u00e3, o presidente da P\u00fablica, Jos\u00e9 Gozze, foi parabenizado e reconhecido pela lideran\u00e7a exercida nas pautas mais relevantes para os servidores p\u00fablicos.\r\n\r\n[gallery link=\"file\" ids=\"16611,16612,16613,16614\"]","_links":{"self":[{"href":"https:\/\/sinprofaz.org.br\/2024\/wp-json\/wp\/v2\/posts\/16609"}],"collection":[{"href":"https:\/\/sinprofaz.org.br\/2024\/wp-json\/wp\/v2\/posts"}],"about":[{"href":"https:\/\/sinprofaz.org.br\/2024\/wp-json\/wp\/v2\/types\/post"}],"author":[{"embeddable":true,"href":"https:\/\/sinprofaz.org.br\/2024\/wp-json\/wp\/v2\/users\/2"}],"replies":[{"embeddable":true,"href":"https:\/\/sinprofaz.org.br\/2024\/wp-json\/wp\/v2\/comments?post=16609"}],"version-history":[{"count":1,"href":"https:\/\/sinprofaz.org.br\/2024\/wp-json\/wp\/v2\/posts\/16609\/revisions"}],"predecessor-version":[{"id":16615,"href":"https:\/\/sinprofaz.org.br\/2024\/wp-json\/wp\/v2\/posts\/16609\/revisions\/16615"}],"wp:featuredmedia":[{"embeddable":true,"href":"https:\/\/sinprofaz.org.br\/2024\/wp-json\/wp\/v2\/media\/16610"}],"wp:attachment":[{"href":"https:\/\/sinprofaz.org.br\/2024\/wp-json\/wp\/v2\/media?parent=16609"}],"wp:term":[{"taxonomy":"category","embeddable":true,"href":"https:\/\/sinprofaz.org.br\/2024\/wp-json\/wp\/v2\/categories?post=16609"},{"taxonomy":"post_tag","embeddable":true,"href":"https:\/\/sinprofaz.org.br\/2024\/wp-json\/wp\/v2\/tags?post=16609"}],"curies":[{"name":"wp","href":"https:\/\/api.w.org\/{rel}","templated":true}]}}