{"id":16583,"date":"2023-08-10T08:31:35","date_gmt":"2023-08-10T11:31:35","guid":{"rendered":"http:\/\/www.sinprofaz.org.br\/?p=16583"},"modified":"2023-08-14T10:09:42","modified_gmt":"2023-08-14T13:09:42","slug":"sinprofaz-se-reune-com-filiados-integrantes-da-corregedoria-geral-da-agu","status":"publish","type":"post","link":"https:\/\/sinprofaz.org.br\/2024\/noticias\/sinprofaz-se-reune-com-filiados-integrantes-da-corregedoria-geral-da-agu\/","title":{"rendered":"SINPROFAZ SE RE\u00daNE COM FILIADOS INTEGRANTES DA CORREGEDORIA-GERAL DA AGU"},"content":{"rendered":"<p>A presidente do SINPROFAZ, Iolanda Guindani, esteve reunida com PFNs integrantes da Corregedoria-Geral da Advocacia da Uni\u00e3o: o ex-presidente do SINPROFAZ Her\u00e1clio Camargo, corregedor-geral; o filiado Talius Vasconcelos, corregedor-geral substituto; e a ex-diretora do Sindicato Marilia Gattei, chefe de gabinete.<\/p>\n<p>Na oportunidade, Iolanda Guindani solicitou \u00e0 equipe de filiados que atuem para aprimorar o di\u00e1logo com o Sindicato e a base de PFNs, de modo que a Corregedoria esteja ciente de quest\u00f5es como a sobrecarga de trabalho e o risco funcional ao qual a Carreira est\u00e1 submetida. Cientes dos assuntos, os Colegas se comprometeram a envidar esfor\u00e7os para lidar com os temas da forma mais respeitosa poss\u00edvel com os Membros da Carreira.<\/p>\n","protected":false},"excerpt":{"rendered":"<p>Iolanda Guindani esteve com PFNs integrantes da Corregedoria-Geral da AGU: o ex-presidente Her\u00e1clio Camargo, corregedor-geral; o filiado Talius Vasconcelos, corregedor-geral substituto; e a ex-diretora do Sindicato Marilia Gattei, chefe de gabinete.<\/p>\n","protected":false},"author":2,"featured_media":16584,"comment_status":"open","ping_status":"open","sticky":false,"template":"","format":"standard","meta":{"footnotes":""},"categories":[8],"tags":[43,32,25],"featured_image_url":"https:\/\/sinprofaz.org.br\/2024\/wp-content\/uploads\/2023\/08\/sinprofaz-e-filiados.jpg","character_count":375,"formatted_date":"10\/08\/2023 - 08:31","contentNovo":"A presidente do SINPROFAZ, Iolanda Guindani, esteve reunida com PFNs integrantes da Corregedoria-Geral da Advocacia da Uni\u00e3o: o ex-presidente do SINPROFAZ Her\u00e1clio Camargo, corregedor-geral; o filiado Talius Vasconcelos, corregedor-geral substituto; e a ex-diretora do Sindicato Marilia Gattei, chefe de gabinete.\r\n\r\nNa oportunidade, Iolanda Guindani solicitou \u00e0 equipe de filiados que atuem para aprimorar o di\u00e1logo com o Sindicato e a base de PFNs, de modo que a Corregedoria esteja ciente de quest\u00f5es como a sobrecarga de trabalho e o risco funcional ao qual a Carreira est\u00e1 submetida. Cientes dos assuntos, os Colegas se comprometeram a envidar esfor\u00e7os para lidar com os temas da forma mais respeitosa poss\u00edvel com os Membros da Carreira.","_links":{"self":[{"href":"https:\/\/sinprofaz.org.br\/2024\/wp-json\/wp\/v2\/posts\/16583"}],"collection":[{"href":"https:\/\/sinprofaz.org.br\/2024\/wp-json\/wp\/v2\/posts"}],"about":[{"href":"https:\/\/sinprofaz.org.br\/2024\/wp-json\/wp\/v2\/types\/post"}],"author":[{"embeddable":true,"href":"https:\/\/sinprofaz.org.br\/2024\/wp-json\/wp\/v2\/users\/2"}],"replies":[{"embeddable":true,"href":"https:\/\/sinprofaz.org.br\/2024\/wp-json\/wp\/v2\/comments?post=16583"}],"version-history":[{"count":2,"href":"https:\/\/sinprofaz.org.br\/2024\/wp-json\/wp\/v2\/posts\/16583\/revisions"}],"predecessor-version":[{"id":16599,"href":"https:\/\/sinprofaz.org.br\/2024\/wp-json\/wp\/v2\/posts\/16583\/revisions\/16599"}],"wp:featuredmedia":[{"embeddable":true,"href":"https:\/\/sinprofaz.org.br\/2024\/wp-json\/wp\/v2\/media\/16584"}],"wp:attachment":[{"href":"https:\/\/sinprofaz.org.br\/2024\/wp-json\/wp\/v2\/media?parent=16583"}],"wp:term":[{"taxonomy":"category","embeddable":true,"href":"https:\/\/sinprofaz.org.br\/2024\/wp-json\/wp\/v2\/categories?post=16583"},{"taxonomy":"post_tag","embeddable":true,"href":"https:\/\/sinprofaz.org.br\/2024\/wp-json\/wp\/v2\/tags?post=16583"}],"curies":[{"name":"wp","href":"https:\/\/api.w.org\/{rel}","templated":true}]}}