{"id":16574,"date":"2023-08-09T08:42:03","date_gmt":"2023-08-09T11:42:03","guid":{"rendered":"http:\/\/www.sinprofaz.org.br\/?p=16574"},"modified":"2023-08-10T10:34:47","modified_gmt":"2023-08-10T13:34:47","slug":"sinprofaz-comparece-a-posse-de-cristiano-zanin-novo-ministro-do-stf","status":"publish","type":"post","link":"https:\/\/sinprofaz.org.br\/2024\/noticias\/sinprofaz-comparece-a-posse-de-cristiano-zanin-novo-ministro-do-stf\/","title":{"rendered":"SINPROFAZ COMPARECE \u00c0 POSSE DE CRISTIANO ZANIN, NOVO MINISTRO DO STF"},"content":{"rendered":"<p>O SINPROFAZ, representado pela presidente Iolanda Guindani e pelos diretores Achilles Frias, Roberto Rodrigues e Giuliano Menezes, compareceu \u00e0 solenidade de posse de Cristiano Zanin, novo ministro do Supremo Tribunal Federal. Realizado na sede do Tribunal na \u00faltima quinta-feira (3), o evento foi prestigiado por autoridades como o presidente da Rep\u00fablica, Luiz In\u00e1cio Lula da Silva, e precedeu o jantar promovido em homenagem ao novo ministro.<\/p>\n<p>A cerim\u00f4nia foi conduzida por Rosa Weber, presidente do STF, e contou com a participa\u00e7\u00e3o dos demais ministros da Corte. Os presidentes da C\u00e2mara dos Deputados, Arthur Lira (PP\/AL), e do Senado Federal, Rodrigo Pacheco (PSD\/MG), marcaram presen\u00e7a, assim como o advogado-geral da Uni\u00e3o e filiado, Jorge Messias; o vice-presidente da Rep\u00fablica, Geraldo Alckmin; o ministro da Justi\u00e7a e Seguran\u00e7a P\u00fablica, Fl\u00e1vio Dino; o presidente nacional da OAB, Beto Simonetti; e o procurador-geral da Rep\u00fablica, Augusto Aras.<\/p>\n<p><strong>Homenagem<\/strong><br \/>\nO SINPROFAZ prestigiou o jantar promovido em homenagem a Cristiano Zanin. Realizado em Bras\u00edlia\/DF, o evento contou com as presen\u00e7as das ministras Esther Dweck, da Gest\u00e3o e da Inova\u00e7\u00e3o em Servi\u00e7os P\u00fablicos, e Anielle Franco, da Igualdade Racial. O ministro do Supremo Tribunal Federal Alexandre de Moraes, o senador Randolfe Rodrigues (Rede\/AP) e o deputado federal Lafayette de Andrada (Republicanos\/MG) tamb\u00e9m estiveram presentes, juntamente com os dirigentes do Sindicato.<\/p>\n\n\t\t<style type=\"text\/css\">\n\t\t\t#gallery-1 {\n\t\t\t\tmargin: auto;\n\t\t\t}\n\t\t\t#gallery-1 .gallery-item {\n\t\t\t\tfloat: left;\n\t\t\t\tmargin-top: 10px;\n\t\t\t\ttext-align: center;\n\t\t\t\twidth: 33%;\n\t\t\t}\n\t\t\t#gallery-1 img {\n\t\t\t\tborder: 2px solid #cfcfcf;\n\t\t\t}\n\t\t\t#gallery-1 .gallery-caption {\n\t\t\t\tmargin-left: 0;\n\t\t\t}\n\t\t\t\/* see gallery_shortcode() in wp-includes\/media.php *\/\n\t\t<\/style>\n\t\t<div id='gallery-1' class='gallery galleryid-16574 gallery-columns-3 gallery-size-thumbnail'><dl class='gallery-item'>\n\t\t\t<dt class='gallery-icon landscape'>\n\t\t\t\t<a href='https:\/\/sinprofaz.org.br\/2024\/wp-content\/uploads\/2023\/08\/POSSE-DE-CRISTIANO-ZANIN-2.jpg'><img loading=\"lazy\" decoding=\"async\" width=\"150\" height=\"150\" src=\"https:\/\/sinprofaz.org.br\/2024\/wp-content\/uploads\/2023\/08\/POSSE-DE-CRISTIANO-ZANIN-2-150x150.jpg\" class=\"attachment-thumbnail size-thumbnail\" alt=\"\" \/><\/a>\n\t\t\t<\/dt><\/dl><dl class='gallery-item'>\n\t\t\t<dt class='gallery-icon landscape'>\n\t\t\t\t<a href='https:\/\/sinprofaz.org.br\/2024\/wp-content\/uploads\/2023\/08\/POSSE-DE-CRISTIANO-ZANIN-3.jpg'><img loading=\"lazy\" decoding=\"async\" width=\"150\" height=\"150\" src=\"https:\/\/sinprofaz.org.br\/2024\/wp-content\/uploads\/2023\/08\/POSSE-DE-CRISTIANO-ZANIN-3-150x150.jpg\" class=\"attachment-thumbnail size-thumbnail\" alt=\"\" \/><\/a>\n\t\t\t<\/dt><\/dl><dl class='gallery-item'>\n\t\t\t<dt class='gallery-icon landscape'>\n\t\t\t\t<a href='https:\/\/sinprofaz.org.br\/2024\/wp-content\/uploads\/2023\/08\/POSSE-DE-CRISTIANO-ZANIN-4.jpg'><img loading=\"lazy\" decoding=\"async\" width=\"150\" height=\"150\" src=\"https:\/\/sinprofaz.org.br\/2024\/wp-content\/uploads\/2023\/08\/POSSE-DE-CRISTIANO-ZANIN-4-150x150.jpg\" class=\"attachment-thumbnail size-thumbnail\" alt=\"\" \/><\/a>\n\t\t\t<\/dt><\/dl><br style=\"clear: both\" \/><dl class='gallery-item'>\n\t\t\t<dt class='gallery-icon landscape'>\n\t\t\t\t<a href='https:\/\/sinprofaz.org.br\/2024\/wp-content\/uploads\/2023\/08\/POSSE-DE-CRISTIANO-ZANIN-5.jpg'><img loading=\"lazy\" decoding=\"async\" width=\"150\" height=\"150\" src=\"https:\/\/sinprofaz.org.br\/2024\/wp-content\/uploads\/2023\/08\/POSSE-DE-CRISTIANO-ZANIN-5-150x150.jpg\" class=\"attachment-thumbnail size-thumbnail\" alt=\"\" \/><\/a>\n\t\t\t<\/dt><\/dl><dl class='gallery-item'>\n\t\t\t<dt class='gallery-icon landscape'>\n\t\t\t\t<a href='https:\/\/sinprofaz.org.br\/2024\/wp-content\/uploads\/2023\/08\/POSSE-DE-CRISTIANO-ZANIN-6.jpg'><img loading=\"lazy\" decoding=\"async\" width=\"150\" height=\"150\" src=\"https:\/\/sinprofaz.org.br\/2024\/wp-content\/uploads\/2023\/08\/POSSE-DE-CRISTIANO-ZANIN-6-150x150.jpg\" class=\"attachment-thumbnail size-thumbnail\" alt=\"\" \/><\/a>\n\t\t\t<\/dt><\/dl>\n\t\t\t<br style='clear: both' \/>\n\t\t<\/div>\n\n","protected":false},"excerpt":{"rendered":"<p>O SINPROFAZ, representado pela presidente Iolanda Guindani e pelos diretores Achilles Frias, Roberto Rodrigues e Giuliano Menezes, compareceu \u00e0 solenidade de posse de Cristiano Zanin. O evento precedeu o jantar promovido em homenagem ao novo ministro.<\/p>\n","protected":false},"author":2,"featured_media":16575,"comment_status":"open","ping_status":"open","sticky":false,"template":"","format":"standard","meta":{"footnotes":""},"categories":[8],"tags":[29,25],"featured_image_url":"https:\/\/sinprofaz.org.br\/2024\/wp-content\/uploads\/2023\/08\/POSSE-DE-CRISTIANO-ZANIN-1.jpg","character_count":937,"formatted_date":"09\/08\/2023 - 08:42","contentNovo":"O SINPROFAZ, representado pela presidente Iolanda Guindani e pelos diretores Achilles Frias, Roberto Rodrigues e Giuliano Menezes, compareceu \u00e0 solenidade de posse de Cristiano Zanin, novo ministro do Supremo Tribunal Federal. Realizado na sede do Tribunal na \u00faltima quinta-feira (3), o evento foi prestigiado por autoridades como o presidente da Rep\u00fablica, Luiz In\u00e1cio Lula da Silva, e precedeu o jantar promovido em homenagem ao novo ministro.\r\n\r\nA cerim\u00f4nia foi conduzida por Rosa Weber, presidente do STF, e contou com a participa\u00e7\u00e3o dos demais ministros da Corte. Os presidentes da C\u00e2mara dos Deputados, Arthur Lira (PP\/AL), e do Senado Federal, Rodrigo Pacheco (PSD\/MG), marcaram presen\u00e7a, assim como o advogado-geral da Uni\u00e3o e filiado, Jorge Messias; o vice-presidente da Rep\u00fablica, Geraldo Alckmin; o ministro da Justi\u00e7a e Seguran\u00e7a P\u00fablica, Fl\u00e1vio Dino; o presidente nacional da OAB, Beto Simonetti; e o procurador-geral da Rep\u00fablica, Augusto Aras.\r\n\r\n<strong>Homenagem<\/strong>\r\nO SINPROFAZ prestigiou o jantar promovido em homenagem a Cristiano Zanin. Realizado em Bras\u00edlia\/DF, o evento contou com as presen\u00e7as das ministras Esther Dweck, da Gest\u00e3o e da Inova\u00e7\u00e3o em Servi\u00e7os P\u00fablicos, e Anielle Franco, da Igualdade Racial. O ministro do Supremo Tribunal Federal Alexandre de Moraes, o senador Randolfe Rodrigues (Rede\/AP) e o deputado federal Lafayette de Andrada (Republicanos\/MG) tamb\u00e9m estiveram presentes, juntamente com os dirigentes do Sindicato.\r\n\r\n[gallery link=\"file\" ids=\"16576,16577,16578,16579,16580\"]","_links":{"self":[{"href":"https:\/\/sinprofaz.org.br\/2024\/wp-json\/wp\/v2\/posts\/16574"}],"collection":[{"href":"https:\/\/sinprofaz.org.br\/2024\/wp-json\/wp\/v2\/posts"}],"about":[{"href":"https:\/\/sinprofaz.org.br\/2024\/wp-json\/wp\/v2\/types\/post"}],"author":[{"embeddable":true,"href":"https:\/\/sinprofaz.org.br\/2024\/wp-json\/wp\/v2\/users\/2"}],"replies":[{"embeddable":true,"href":"https:\/\/sinprofaz.org.br\/2024\/wp-json\/wp\/v2\/comments?post=16574"}],"version-history":[{"count":2,"href":"https:\/\/sinprofaz.org.br\/2024\/wp-json\/wp\/v2\/posts\/16574\/revisions"}],"predecessor-version":[{"id":16588,"href":"https:\/\/sinprofaz.org.br\/2024\/wp-json\/wp\/v2\/posts\/16574\/revisions\/16588"}],"wp:featuredmedia":[{"embeddable":true,"href":"https:\/\/sinprofaz.org.br\/2024\/wp-json\/wp\/v2\/media\/16575"}],"wp:attachment":[{"href":"https:\/\/sinprofaz.org.br\/2024\/wp-json\/wp\/v2\/media?parent=16574"}],"wp:term":[{"taxonomy":"category","embeddable":true,"href":"https:\/\/sinprofaz.org.br\/2024\/wp-json\/wp\/v2\/categories?post=16574"},{"taxonomy":"post_tag","embeddable":true,"href":"https:\/\/sinprofaz.org.br\/2024\/wp-json\/wp\/v2\/tags?post=16574"}],"curies":[{"name":"wp","href":"https:\/\/api.w.org\/{rel}","templated":true}]}}