{"id":16561,"date":"2023-08-08T08:48:51","date_gmt":"2023-08-08T11:48:51","guid":{"rendered":"http:\/\/www.sinprofaz.org.br\/?p=16561"},"modified":"2023-08-08T08:48:51","modified_gmt":"2023-08-08T11:48:51","slug":"diretoria-2023-2024-assume-gestao-do-forum-nacional-da-advocacia-publica-federal","status":"publish","type":"post","link":"https:\/\/sinprofaz.org.br\/2024\/noticias\/diretoria-2023-2024-assume-gestao-do-forum-nacional-da-advocacia-publica-federal\/","title":{"rendered":"DIRETORIA 2023\/2024 ASSUME GEST\u00c3O DO F\u00d3RUM NACIONAL DA ADVOCACIA P\u00daBLICA FEDERAL"},"content":{"rendered":"<p>O SINPROFAZ, representado pela presidente Iolanda Guindani e pelo diretor Achilles Frias, esteve reunido em Bras\u00edlia\/DF com as demais entidades integrantes do F\u00f3rum Nacional da Advocacia P\u00fablica Federal. Na ocasi\u00e3o, a Diretoria 2022\/2023 do FORVM, capitaneada por Achilles Frias, realizou a elei\u00e7\u00e3o dos novos dirigentes da entidade e deu posse \u00e0 Diretoria 2023\/2024.<\/p>\n<p>Os novos diretores assumem com a miss\u00e3o de dar continuidade \u00e0 luta em defesa das prerrogativas de procuradores da Fazenda Nacional, advogados da Uni\u00e3o e procuradores federais. Irmanadas no FORVM, as entidades associativas possuem mais for\u00e7a para seguir atuando em prol dos avan\u00e7os pretendidos pelas carreiras representadas e pela Advocacia-Geral da Uni\u00e3o como um todo.<\/p>\n<p>Os cargos da nova Diretoria, que, conforme o Estatuto, devem ser ocupados por representantes de SINPROFAZ, ANAJUR, ANAUNI e ANPPREV, foram assim preenchidos:<br \/>\n<strong>Presidente<\/strong>: Jarbas dos Reis, Presidente da ANAJUR<br \/>\n<strong>Vice-Presidente<\/strong>: Cl\u00f3vis dos Santos, Presidente da ANAUNI<br \/>\n<strong>Diretora Tesoureira<\/strong>: Iolanda Guindani, Presidente do SINPROFAZ<br \/>\n<strong>Secret\u00e1ria-Geral<\/strong>: Maria Sant\u00edssima Marques, Presidente da ANPPREV<\/p>\n\n\t\t<style type=\"text\/css\">\n\t\t\t#gallery-1 {\n\t\t\t\tmargin: auto;\n\t\t\t}\n\t\t\t#gallery-1 .gallery-item {\n\t\t\t\tfloat: left;\n\t\t\t\tmargin-top: 10px;\n\t\t\t\ttext-align: center;\n\t\t\t\twidth: 33%;\n\t\t\t}\n\t\t\t#gallery-1 img {\n\t\t\t\tborder: 2px solid #cfcfcf;\n\t\t\t}\n\t\t\t#gallery-1 .gallery-caption {\n\t\t\t\tmargin-left: 0;\n\t\t\t}\n\t\t\t\/* see gallery_shortcode() in wp-includes\/media.php *\/\n\t\t<\/style>\n\t\t<div id='gallery-1' class='gallery galleryid-16561 gallery-columns-3 gallery-size-thumbnail'><dl class='gallery-item'>\n\t\t\t<dt class='gallery-icon landscape'>\n\t\t\t\t<a href='https:\/\/sinprofaz.org.br\/2024\/wp-content\/uploads\/2023\/08\/diretoria-forvm-2023-2024-2.jpg'><img loading=\"lazy\" decoding=\"async\" width=\"150\" height=\"150\" src=\"https:\/\/sinprofaz.org.br\/2024\/wp-content\/uploads\/2023\/08\/diretoria-forvm-2023-2024-2-150x150.jpg\" class=\"attachment-thumbnail size-thumbnail\" alt=\"\" \/><\/a>\n\t\t\t<\/dt><\/dl><dl class='gallery-item'>\n\t\t\t<dt class='gallery-icon landscape'>\n\t\t\t\t<a href='https:\/\/sinprofaz.org.br\/2024\/wp-content\/uploads\/2023\/08\/diretoria-forvm-2023-2024-3.jpg'><img loading=\"lazy\" decoding=\"async\" width=\"150\" height=\"150\" src=\"https:\/\/sinprofaz.org.br\/2024\/wp-content\/uploads\/2023\/08\/diretoria-forvm-2023-2024-3-150x150.jpg\" class=\"attachment-thumbnail size-thumbnail\" alt=\"\" \/><\/a>\n\t\t\t<\/dt><\/dl><dl class='gallery-item'>\n\t\t\t<dt class='gallery-icon landscape'>\n\t\t\t\t<a href='https:\/\/sinprofaz.org.br\/2024\/wp-content\/uploads\/2023\/08\/diretoria-forvm-2023-2024-4.jpg'><img loading=\"lazy\" decoding=\"async\" width=\"150\" height=\"150\" src=\"https:\/\/sinprofaz.org.br\/2024\/wp-content\/uploads\/2023\/08\/diretoria-forvm-2023-2024-4-150x150.jpg\" class=\"attachment-thumbnail size-thumbnail\" alt=\"\" \/><\/a>\n\t\t\t<\/dt><\/dl><br style=\"clear: both\" \/><dl class='gallery-item'>\n\t\t\t<dt class='gallery-icon landscape'>\n\t\t\t\t<a href='https:\/\/sinprofaz.org.br\/2024\/wp-content\/uploads\/2023\/08\/diretoria-forvm-2023-2024-5.jpg'><img loading=\"lazy\" decoding=\"async\" width=\"150\" height=\"150\" src=\"https:\/\/sinprofaz.org.br\/2024\/wp-content\/uploads\/2023\/08\/diretoria-forvm-2023-2024-5-150x150.jpg\" class=\"attachment-thumbnail size-thumbnail\" alt=\"\" \/><\/a>\n\t\t\t<\/dt><\/dl>\n\t\t\t<br style='clear: both' \/>\n\t\t<\/div>\n\n","protected":false},"excerpt":{"rendered":"<p>Irmanadas no F\u00f3rum Nacional da Advocacia P\u00fablica Federal, as entidades associativas possuem mais for\u00e7a para seguir atuando em prol dos avan\u00e7os pretendidos pelas carreiras representadas e pela Advocacia-Geral da Uni\u00e3o como um todo.<\/p>\n","protected":false},"author":2,"featured_media":16562,"comment_status":"open","ping_status":"open","sticky":false,"template":"","format":"standard","meta":{"footnotes":""},"categories":[8],"tags":[34,137,25],"featured_image_url":"https:\/\/sinprofaz.org.br\/2024\/wp-content\/uploads\/2023\/08\/diretoria-forvm-2023-2024-1.jpg","character_count":771,"formatted_date":"08\/08\/2023 - 08:48","contentNovo":"O SINPROFAZ, representado pela presidente Iolanda Guindani e pelo diretor Achilles Frias, esteve reunido em Bras\u00edlia\/DF com as demais entidades integrantes do F\u00f3rum Nacional da Advocacia P\u00fablica Federal. Na ocasi\u00e3o, a Diretoria 2022\/2023 do FORVM, capitaneada por Achilles Frias, realizou a elei\u00e7\u00e3o dos novos dirigentes da entidade e deu posse \u00e0 Diretoria 2023\/2024.\r\n\r\nOs novos diretores assumem com a miss\u00e3o de dar continuidade \u00e0 luta em defesa das prerrogativas de procuradores da Fazenda Nacional, advogados da Uni\u00e3o e procuradores federais. Irmanadas no FORVM, as entidades associativas possuem mais for\u00e7a para seguir atuando em prol dos avan\u00e7os pretendidos pelas carreiras representadas e pela Advocacia-Geral da Uni\u00e3o como um todo.\r\n\r\nOs cargos da nova Diretoria, que, conforme o Estatuto, devem ser ocupados por representantes de SINPROFAZ, ANAJUR, ANAUNI e ANPPREV, foram assim preenchidos:\r\n<strong>Presidente<\/strong>: Jarbas dos Reis, Presidente da ANAJUR\r\n<strong>Vice-Presidente<\/strong>: Cl\u00f3vis dos Santos, Presidente da ANAUNI\r\n<strong>Diretora Tesoureira<\/strong>: Iolanda Guindani, Presidente do SINPROFAZ\r\n<strong>Secret\u00e1ria-Geral<\/strong>: Maria Sant\u00edssima Marques, Presidente da ANPPREV\r\n\r\n[gallery link=\"file\" ids=\"16563,16564,16565,16566\"]","_links":{"self":[{"href":"https:\/\/sinprofaz.org.br\/2024\/wp-json\/wp\/v2\/posts\/16561"}],"collection":[{"href":"https:\/\/sinprofaz.org.br\/2024\/wp-json\/wp\/v2\/posts"}],"about":[{"href":"https:\/\/sinprofaz.org.br\/2024\/wp-json\/wp\/v2\/types\/post"}],"author":[{"embeddable":true,"href":"https:\/\/sinprofaz.org.br\/2024\/wp-json\/wp\/v2\/users\/2"}],"replies":[{"embeddable":true,"href":"https:\/\/sinprofaz.org.br\/2024\/wp-json\/wp\/v2\/comments?post=16561"}],"version-history":[{"count":1,"href":"https:\/\/sinprofaz.org.br\/2024\/wp-json\/wp\/v2\/posts\/16561\/revisions"}],"predecessor-version":[{"id":16567,"href":"https:\/\/sinprofaz.org.br\/2024\/wp-json\/wp\/v2\/posts\/16561\/revisions\/16567"}],"wp:featuredmedia":[{"embeddable":true,"href":"https:\/\/sinprofaz.org.br\/2024\/wp-json\/wp\/v2\/media\/16562"}],"wp:attachment":[{"href":"https:\/\/sinprofaz.org.br\/2024\/wp-json\/wp\/v2\/media?parent=16561"}],"wp:term":[{"taxonomy":"category","embeddable":true,"href":"https:\/\/sinprofaz.org.br\/2024\/wp-json\/wp\/v2\/categories?post=16561"},{"taxonomy":"post_tag","embeddable":true,"href":"https:\/\/sinprofaz.org.br\/2024\/wp-json\/wp\/v2\/tags?post=16561"}],"curies":[{"name":"wp","href":"https:\/\/api.w.org\/{rel}","templated":true}]}}